{"id":3691,"date":"2024-01-06T13:33:43","date_gmt":"2024-01-06T13:33:43","guid":{"rendered":"https:\/\/blogsaverroes.juntadeandalucia.es\/ceipnuestropadrejesus\/?p=3691"},"modified":"2024-01-06T13:33:43","modified_gmt":"2024-01-06T13:33:43","slug":"programa-de-equidad-biblioteca","status":"publish","type":"post","link":"https:\/\/blogsaverroes.juntadeandalucia.es\/ceipnuestropadrejesus\/2024\/01\/06\/programa-de-equidad-biblioteca\/","title":{"rendered":"PROGRAMA DE EQUIDAD .BIBLIOTECA."},"content":{"rendered":"<p>Agradecemos a la red BECREA nuestra inclusi\u00f3n en la red y la adhesi\u00f3n de nuestro Twiter como modelo de actividades de biblioteca y comunicaci\u00f3n en redes sociales .<\/p>\n<p>Seguimos avanzando para difundir nuestras experiencias educativas.<a href=\"https:\/\/blogsaverroes.juntadeandalucia.es\/ceipnuestropadrejesus\/files\/2024\/01\/BIBLIOTECA.jpg\"><img loading=\"lazy\" decoding=\"async\" class=\"aligncenter size-medium wp-image-3692\" src=\"https:\/\/blogsaverroes.juntadeandalucia.es\/ceipnuestropadrejesus\/files\/2024\/01\/BIBLIOTECA-199x300.jpg\" alt=\"\" width=\"199\" height=\"300\" srcset=\"https:\/\/blogsaverroes.juntadeandalucia.es\/ceipnuestropadrejesus\/files\/2024\/01\/BIBLIOTECA-199x300.jpg 199w, https:\/\/blogsaverroes.juntadeandalucia.es\/ceipnuestropadrejesus\/files\/2024\/01\/BIBLIOTECA.jpg 679w\" sizes=\"(max-width: 199px) 100vw, 199px\" \/><\/a><\/p>\n","protected":false},"excerpt":{"rendered":"<p>Agradecemos a la red BECREA nuestra inclusi\u00f3n en la red y la adhesi\u00f3n de nuestro Twiter como modelo de actividades de biblioteca y comunicaci\u00f3n en redes sociales . Seguimos avanzando para difundir nuestras experiencias&#46;&#46;&#46;<\/p>\n","protected":false},"author":4154,"featured_media":0,"comment_status":"closed","ping_status":"closed","sticky":false,"template":"","format":"standard","meta":{"ngg_post_thumbnail":0,"footnotes":""},"categories":[49688],"tags":[],"aioseo_notices":[],"_links":{"self":[{"href":"https:\/\/blogsaverroes.juntadeandalucia.es\/ceipnuestropadrejesus\/wp-json\/wp\/v2\/posts\/3691"}],"collection":[{"href":"https:\/\/blogsaverroes.juntadeandalucia.es\/ceipnuestropadrejesus\/wp-json\/wp\/v2\/posts"}],"about":[{"href":"https:\/\/blogsaverroes.juntadeandalucia.es\/ceipnuestropadrejesus\/wp-json\/wp\/v2\/types\/post"}],"author":[{"embeddable":true,"href":"https:\/\/blogsaverroes.juntadeandalucia.es\/ceipnuestropadrejesus\/wp-json\/wp\/v2\/users\/4154"}],"replies":[{"embeddable":true,"href":"https:\/\/blogsaverroes.juntadeandalucia.es\/ceipnuestropadrejesus\/wp-json\/wp\/v2\/comments?post=3691"}],"version-history":[{"count":1,"href":"https:\/\/blogsaverroes.juntadeandalucia.es\/ceipnuestropadrejesus\/wp-json\/wp\/v2\/posts\/3691\/revisions"}],"predecessor-version":[{"id":3693,"href":"https:\/\/blogsaverroes.juntadeandalucia.es\/ceipnuestropadrejesus\/wp-json\/wp\/v2\/posts\/3691\/revisions\/3693"}],"wp:attachment":[{"href":"https:\/\/blogsaverroes.juntadeandalucia.es\/ceipnuestropadrejesus\/wp-json\/wp\/v2\/media?parent=3691"}],"wp:term":[{"taxonomy":"category","embeddable":true,"href":"https:\/\/blogsaverroes.juntadeandalucia.es\/ceipnuestropadrejesus\/wp-json\/wp\/v2\/categories?post=3691"},{"taxonomy":"post_tag","embeddable":true,"href":"https:\/\/blogsaverroes.juntadeandalucia.es\/ceipnuestropadrejesus\/wp-json\/wp\/v2\/tags?post=3691"}],"curies":[{"name":"wp","href":"https:\/\/api.w.org\/{rel}","templated":true}]}}