{"id":660,"date":"2018-12-07T09:18:00","date_gmt":"2018-12-07T09:18:00","guid":{"rendered":"http:\/\/blogsaverroes.juntadeandalucia.es\/ceipnuestropadrejesus\/2018\/12\/07\/mooc-prodig\/"},"modified":"2018-12-07T09:18:00","modified_gmt":"2018-12-07T09:18:00","slug":"mooc-prodig","status":"publish","type":"post","link":"https:\/\/blogsaverroes.juntadeandalucia.es\/ceipnuestropadrejesus\/2018\/12\/07\/mooc-prodig\/","title":{"rendered":"MOOC PRODIG"},"content":{"rendered":"<p><span style=\"font-size: large\">En el blog os dejo este enlace al que pod\u00e9is acceder para conocer como se ha organizado el MOOC de formaci\u00f3n para profesores y alumnos .<\/span><\/p>\n<div><\/div>\n<div><\/p>\n<div style=\"text-align: center\"><a href=\"http:\/\/portals.ced.junta-andalucia.es\/educacion\/portals\/web\/prodig\/desarrollo-curso1\">MOOC DE FORMACI\u00d3N<\/a><\/div>\n<div style=\"text-align: center\"><\/div>\n<div style=\"text-align: center\"><\/div>\n<div style=\"text-align: center\"><\/div>\n<div style=\"clear: both;text-align: center\"><a href=\"https:\/\/blogsaverroes.juntadeandalucia.es\/ceipnuestropadrejesus\/files\/2018\/12\/Archivo_001-2B-25281-2529-1.png\" style=\"margin-left: 1em;margin-right: 1em\"><img loading=\"lazy\" decoding=\"async\" border=\"0\" height=\"180\" src=\"https:\/\/blogsaverroes.juntadeandalucia.es\/ceipnuestropadrejesus\/files\/2018\/12\/Archivo_001-2B-25281-2529-1-300x170.png\" width=\"320\" \/><\/a><\/div>\n<div style=\"text-align: center\"><\/div>\n<\/div>\n","protected":false},"excerpt":{"rendered":"<p>En el blog os dejo este enlace al que pod\u00e9is acceder para conocer como se ha organizado el MOOC de formaci\u00f3n para profesores y alumnos . MOOC DE FORMACI\u00d3N<\/p>\n","protected":false},"author":4154,"featured_media":764,"comment_status":"open","ping_status":"open","sticky":false,"template":"","format":"standard","meta":{"ngg_post_thumbnail":0,"footnotes":""},"categories":[1],"tags":[],"aioseo_notices":[],"_links":{"self":[{"href":"https:\/\/blogsaverroes.juntadeandalucia.es\/ceipnuestropadrejesus\/wp-json\/wp\/v2\/posts\/660"}],"collection":[{"href":"https:\/\/blogsaverroes.juntadeandalucia.es\/ceipnuestropadrejesus\/wp-json\/wp\/v2\/posts"}],"about":[{"href":"https:\/\/blogsaverroes.juntadeandalucia.es\/ceipnuestropadrejesus\/wp-json\/wp\/v2\/types\/post"}],"author":[{"embeddable":true,"href":"https:\/\/blogsaverroes.juntadeandalucia.es\/ceipnuestropadrejesus\/wp-json\/wp\/v2\/users\/4154"}],"replies":[{"embeddable":true,"href":"https:\/\/blogsaverroes.juntadeandalucia.es\/ceipnuestropadrejesus\/wp-json\/wp\/v2\/comments?post=660"}],"version-history":[{"count":0,"href":"https:\/\/blogsaverroes.juntadeandalucia.es\/ceipnuestropadrejesus\/wp-json\/wp\/v2\/posts\/660\/revisions"}],"wp:featuredmedia":[{"embeddable":true,"href":"https:\/\/blogsaverroes.juntadeandalucia.es\/ceipnuestropadrejesus\/wp-json\/wp\/v2\/media\/764"}],"wp:attachment":[{"href":"https:\/\/blogsaverroes.juntadeandalucia.es\/ceipnuestropadrejesus\/wp-json\/wp\/v2\/media?parent=660"}],"wp:term":[{"taxonomy":"category","embeddable":true,"href":"https:\/\/blogsaverroes.juntadeandalucia.es\/ceipnuestropadrejesus\/wp-json\/wp\/v2\/categories?post=660"},{"taxonomy":"post_tag","embeddable":true,"href":"https:\/\/blogsaverroes.juntadeandalucia.es\/ceipnuestropadrejesus\/wp-json\/wp\/v2\/tags?post=660"}],"curies":[{"name":"wp","href":"https:\/\/api.w.org\/{rel}","templated":true}]}}