{"id":20700,"date":"2019-05-09T08:06:56","date_gmt":"2019-05-09T08:06:56","guid":{"rendered":"https:\/\/blogsaverroes.juntadeandalucia.es\/ceipnuevaalmeria\/?p=20700"},"modified":"2019-05-11T11:21:22","modified_gmt":"2019-05-11T11:21:22","slug":"la-exposicion-carmen-de-burgos-en-comic-visita-el-ies-carmen-de-burgos-y-el-ies-maestro-padilla","status":"publish","type":"post","link":"https:\/\/blogsaverroes.juntadeandalucia.es\/ceipnuevaalmeria\/2019\/05\/09\/la-exposicion-carmen-de-burgos-en-comic-visita-el-ies-carmen-de-burgos-y-el-ies-maestro-padilla\/","title":{"rendered":"La exposici\u00f3n \u201cCarmen de Burgos en c\u00f3mic\u201d visita el IES Carmen de Burgos y el IES Maestro Padilla"},"content":{"rendered":"<p class=\"Standard\"><strong><em>Por Elena Garc\u00eda N\u00fa\u00f1ez y Natalia Garc\u00eda Murillo de 5\u00baA<\/em><\/strong><\/p>\n<p class=\"Standard\"><span style=\"font-family: 'Arial','sans-serif'\">El jueves 11 de abril los alumnos y alumnas de 5\u00ba A visitamos el <strong>IES Carmen de Burgos<\/strong>, de Hu\u00e9rcal de Almer\u00eda, con nuestra exposici\u00f3n \u201cCarmen de Burgos en c\u00f3mic\u201d, aprovechando que celebraban su VI Semana Cultural<\/span><\/p>\n<p class=\"Standard\"><span style=\"font-family: 'Arial','sans-serif'\">All\u00ed hicimos 4 talleres sobre la vida de Carmen de Burgos<\/span><\/p>\n<p class=\"Standard\"><span style=\"font-family: 'Arial','sans-serif'\">El primer taller era la exposici\u00f3n donde explicamos c\u00f3mo hicimos nuestro proyecto, le\u00edmos las vi\u00f1etas del c\u00f3mic gigante y explicamos los libros que hicimos.<\/span><\/p>\n<p class=\"Standard\"><span style=\"font-family: 'Arial','sans-serif'\">El segundo taller fue el time-line. El juego se trataba de ordenar una serie de cartas sobre la vida de Carmen de Burgos.<\/span><\/p>\n<p class=\"Standard\"><span style=\"font-family: 'Arial','sans-serif'\">El tercer taller era la m\u00edmica. All\u00ed ten\u00edamos que coger las tarjetas e intentar hacer gestos sobre la tarjeta.<\/span><\/p>\n<p class=\"Standard\"><span style=\"font-family: 'Arial','sans-serif'\">Y, por \u00faltimo, hicimos un \u201ckahoot\u201d en una pantalla digital, explicando cosas sobre ella. <strong>(pod\u00e9is jugar en dispositivos m\u00f3viles haciendo clic <a href=\"https:\/\/kahoot.it\/challenge\/0456220\">aqu\u00ed<\/a>&nbsp;o abriendo la app de kahoot e introduciendo el c\u00f3digo 0456220)<\/strong><\/span><\/p>\n<p class=\"Standard\"><span style=\"font-family: 'Arial','sans-serif'\">D\u00edas despu\u00e9s, el 26 de abril, visitamos el <strong>IES Maestro Padilla<\/strong>. Es el instituto donde va la mayor\u00eda del alumnado de nuestro colegio tras acabar sexto. All\u00ed est\u00e1n desarrollando un programa muy interesante llamado<strong> \u201cUniverso: Mujer ten\u00edas que ser\u201d<\/strong> (<strong><span style=\"color: #800080\">+ info <a href=\"https:\/\/www.facebook.com\/Universo-Mujer-ten%C3%ADas-que-ser-326706128153248\/\">aqu\u00ed<\/a><\/span><\/strong>)<\/span>&nbsp;<span style=\"font-family: 'Arial','sans-serif'\">y nos invitaron para llevar nuestra exposici\u00f3n. Volvimos a hacer los cuatro talleres y lo pasamos muy bien.<\/span><\/p>\n<p class=\"Standard\"><span style=\"font-family: 'Arial','sans-serif'\">&nbsp;<img loading=\"lazy\" decoding=\"async\" class=\"size-full wp-image-20702 aligncenter\" src=\"https:\/\/blogsaverroes.juntadeandalucia.es\/ceipnuevaalmeria\/files\/2019\/05\/1-2.jpg\" alt=\"\" width=\"404\" height=\"404\" srcset=\"https:\/\/blogsaverroes.juntadeandalucia.es\/ceipnuevaalmeria\/files\/2019\/05\/1-2.jpg 404w, https:\/\/blogsaverroes.juntadeandalucia.es\/ceipnuevaalmeria\/files\/2019\/05\/1-2-150x150.jpg 150w, https:\/\/blogsaverroes.juntadeandalucia.es\/ceipnuevaalmeria\/files\/2019\/05\/1-2-300x300.jpg 300w, https:\/\/blogsaverroes.juntadeandalucia.es\/ceipnuevaalmeria\/files\/2019\/05\/1-2-100x100.jpg 100w, https:\/\/blogsaverroes.juntadeandalucia.es\/ceipnuevaalmeria\/files\/2019\/05\/1-2-24x24.jpg 24w, https:\/\/blogsaverroes.juntadeandalucia.es\/ceipnuevaalmeria\/files\/2019\/05\/1-2-36x36.jpg 36w, https:\/\/blogsaverroes.juntadeandalucia.es\/ceipnuevaalmeria\/files\/2019\/05\/1-2-48x48.jpg 48w\" sizes=\"(max-width: 404px) 100vw, 404px\" \/> <img loading=\"lazy\" decoding=\"async\" class=\"size-full wp-image-20703 aligncenter\" src=\"https:\/\/blogsaverroes.juntadeandalucia.es\/ceipnuevaalmeria\/files\/2019\/05\/2-2.jpg\" alt=\"\" width=\"404\" height=\"404\" srcset=\"https:\/\/blogsaverroes.juntadeandalucia.es\/ceipnuevaalmeria\/files\/2019\/05\/2-2.jpg 404w, https:\/\/blogsaverroes.juntadeandalucia.es\/ceipnuevaalmeria\/files\/2019\/05\/2-2-150x150.jpg 150w, https:\/\/blogsaverroes.juntadeandalucia.es\/ceipnuevaalmeria\/files\/2019\/05\/2-2-300x300.jpg 300w, https:\/\/blogsaverroes.juntadeandalucia.es\/ceipnuevaalmeria\/files\/2019\/05\/2-2-100x100.jpg 100w, https:\/\/blogsaverroes.juntadeandalucia.es\/ceipnuevaalmeria\/files\/2019\/05\/2-2-24x24.jpg 24w, https:\/\/blogsaverroes.juntadeandalucia.es\/ceipnuevaalmeria\/files\/2019\/05\/2-2-36x36.jpg 36w, https:\/\/blogsaverroes.juntadeandalucia.es\/ceipnuevaalmeria\/files\/2019\/05\/2-2-48x48.jpg 48w\" sizes=\"(max-width: 404px) 100vw, 404px\" \/> <img loading=\"lazy\" decoding=\"async\" class=\"size-full wp-image-20704 aligncenter\" src=\"https:\/\/blogsaverroes.juntadeandalucia.es\/ceipnuevaalmeria\/files\/2019\/05\/3-2.jpg\" alt=\"\" width=\"404\" height=\"404\" srcset=\"https:\/\/blogsaverroes.juntadeandalucia.es\/ceipnuevaalmeria\/files\/2019\/05\/3-2.jpg 404w, https:\/\/blogsaverroes.juntadeandalucia.es\/ceipnuevaalmeria\/files\/2019\/05\/3-2-150x150.jpg 150w, https:\/\/blogsaverroes.juntadeandalucia.es\/ceipnuevaalmeria\/files\/2019\/05\/3-2-300x300.jpg 300w, https:\/\/blogsaverroes.juntadeandalucia.es\/ceipnuevaalmeria\/files\/2019\/05\/3-2-100x100.jpg 100w, https:\/\/blogsaverroes.juntadeandalucia.es\/ceipnuevaalmeria\/files\/2019\/05\/3-2-24x24.jpg 24w, https:\/\/blogsaverroes.juntadeandalucia.es\/ceipnuevaalmeria\/files\/2019\/05\/3-2-36x36.jpg 36w, https:\/\/blogsaverroes.juntadeandalucia.es\/ceipnuevaalmeria\/files\/2019\/05\/3-2-48x48.jpg 48w\" sizes=\"(max-width: 404px) 100vw, 404px\" \/><\/span><\/p>\n<p class=\"Standard\">&nbsp;<\/p>\n<p class=\"Standard\"><span style=\"font-family: 'Arial','sans-serif'\">&nbsp;<\/span><\/p>\n<p class=\"Standard\" style=\"margin-left: 319.05pt;text-indent: 35.45pt\">&nbsp;<\/p>\n","protected":false},"excerpt":{"rendered":"<p>Por Elena Garc\u00eda N\u00fa\u00f1ez y Natalia Garc\u00eda Murillo de 5\u00baA El jueves 11 de abril los alumnos y alumnas de 5\u00ba A visitamos el IES Carmen de Burgos, de Hu\u00e9rcal de Almer\u00eda, con nuestra&#46;&#46;&#46;<\/p>\n","protected":false},"author":5011,"featured_media":20706,"comment_status":"open","ping_status":"open","sticky":false,"template":"","format":"standard","meta":{"ngg_post_thumbnail":0,"footnotes":""},"categories":[526],"tags":[1107579,1606258,254,23123],"aioseo_notices":[],"_links":{"self":[{"href":"https:\/\/blogsaverroes.juntadeandalucia.es\/ceipnuevaalmeria\/wp-json\/wp\/v2\/posts\/20700"}],"collection":[{"href":"https:\/\/blogsaverroes.juntadeandalucia.es\/ceipnuevaalmeria\/wp-json\/wp\/v2\/posts"}],"about":[{"href":"https:\/\/blogsaverroes.juntadeandalucia.es\/ceipnuevaalmeria\/wp-json\/wp\/v2\/types\/post"}],"author":[{"embeddable":true,"href":"https:\/\/blogsaverroes.juntadeandalucia.es\/ceipnuevaalmeria\/wp-json\/wp\/v2\/users\/5011"}],"replies":[{"embeddable":true,"href":"https:\/\/blogsaverroes.juntadeandalucia.es\/ceipnuevaalmeria\/wp-json\/wp\/v2\/comments?post=20700"}],"version-history":[{"count":4,"href":"https:\/\/blogsaverroes.juntadeandalucia.es\/ceipnuevaalmeria\/wp-json\/wp\/v2\/posts\/20700\/revisions"}],"predecessor-version":[{"id":20884,"href":"https:\/\/blogsaverroes.juntadeandalucia.es\/ceipnuevaalmeria\/wp-json\/wp\/v2\/posts\/20700\/revisions\/20884"}],"wp:featuredmedia":[{"embeddable":true,"href":"https:\/\/blogsaverroes.juntadeandalucia.es\/ceipnuevaalmeria\/wp-json\/wp\/v2\/media\/20706"}],"wp:attachment":[{"href":"https:\/\/blogsaverroes.juntadeandalucia.es\/ceipnuevaalmeria\/wp-json\/wp\/v2\/media?parent=20700"}],"wp:term":[{"taxonomy":"category","embeddable":true,"href":"https:\/\/blogsaverroes.juntadeandalucia.es\/ceipnuevaalmeria\/wp-json\/wp\/v2\/categories?post=20700"},{"taxonomy":"post_tag","embeddable":true,"href":"https:\/\/blogsaverroes.juntadeandalucia.es\/ceipnuevaalmeria\/wp-json\/wp\/v2\/tags?post=20700"}],"curies":[{"name":"wp","href":"https:\/\/api.w.org\/{rel}","templated":true}]}}