{"id":2241,"date":"2017-02-14T15:09:31","date_gmt":"2017-02-14T15:09:31","guid":{"rendered":"http:\/\/blogsaverroes.juntadeandalucia.es\/ceipobispoosio\/?p=2241"},"modified":"2018-10-24T20:32:18","modified_gmt":"2018-10-24T20:32:18","slug":"educacion-vial","status":"publish","type":"post","link":"https:\/\/blogsaverroes.juntadeandalucia.es\/ceipobispoosio\/educacion-vial\/","title":{"rendered":"Educaci\u00f3n Vial"},"content":{"rendered":"<p>La Educaci\u00f3n Vial tambi\u00e9n es importante y el alumnado de 5\u00ba y 6\u00ba tomaron buena nota de ello en la sesi\u00f3n del pasado 8 de febrero. Hemos visitado el centro de educaci\u00f3n vial d\u00f3nde despu\u00e9s de ense\u00f1arnos el significado de las se\u00f1ales de tr\u00e1fico, las normas de circulaci\u00f3n, normas del peat\u00f3n y la necesidad de usar el cintur\u00f3n y el casco&#8230; tuvieron un tiempo pr\u00e1ctico en bicicleta.<\/p>\n<p>&nbsp;<\/p>\n<p><a href=\"https:\/\/blogsaverroes.juntadeandalucia.es\/ceipobispoosio\/files\/2017\/02\/IMG_20170208_103810.jpg\"><img loading=\"lazy\" decoding=\"async\" class=\"alignnone size-medium wp-image-2959\" src=\"https:\/\/blogsaverroes.juntadeandalucia.es\/ceipobispoosio\/files\/2017\/02\/IMG_20170208_103810-300x225.jpg\" alt=\"\" width=\"300\" height=\"225\" srcset=\"https:\/\/blogsaverroes.juntadeandalucia.es\/ceipobispoosio\/files\/2017\/02\/IMG_20170208_103810-300x225.jpg 300w, https:\/\/blogsaverroes.juntadeandalucia.es\/ceipobispoosio\/files\/2017\/02\/IMG_20170208_103810-768x576.jpg 768w, https:\/\/blogsaverroes.juntadeandalucia.es\/ceipobispoosio\/files\/2017\/02\/IMG_20170208_103810-1024x768.jpg 1024w, https:\/\/blogsaverroes.juntadeandalucia.es\/ceipobispoosio\/files\/2017\/02\/IMG_20170208_103810-700x525.jpg 700w, https:\/\/blogsaverroes.juntadeandalucia.es\/ceipobispoosio\/files\/2017\/02\/IMG_20170208_103810-24x18.jpg 24w, https:\/\/blogsaverroes.juntadeandalucia.es\/ceipobispoosio\/files\/2017\/02\/IMG_20170208_103810-36x27.jpg 36w, https:\/\/blogsaverroes.juntadeandalucia.es\/ceipobispoosio\/files\/2017\/02\/IMG_20170208_103810-48x36.jpg 48w, https:\/\/blogsaverroes.juntadeandalucia.es\/ceipobispoosio\/files\/2017\/02\/IMG_20170208_103810.jpg 1600w\" sizes=\"(max-width: 300px) 100vw, 300px\" \/><\/a> <a href=\"https:\/\/blogsaverroes.juntadeandalucia.es\/ceipobispoosio\/files\/2017\/02\/IMG_20170208_104304.jpg\"><img loading=\"lazy\" decoding=\"async\" class=\"alignnone size-medium wp-image-2960\" src=\"https:\/\/blogsaverroes.juntadeandalucia.es\/ceipobispoosio\/files\/2017\/02\/IMG_20170208_104304-300x225.jpg\" alt=\"\" width=\"300\" height=\"225\" srcset=\"https:\/\/blogsaverroes.juntadeandalucia.es\/ceipobispoosio\/files\/2017\/02\/IMG_20170208_104304-300x225.jpg 300w, https:\/\/blogsaverroes.juntadeandalucia.es\/ceipobispoosio\/files\/2017\/02\/IMG_20170208_104304-768x576.jpg 768w, https:\/\/blogsaverroes.juntadeandalucia.es\/ceipobispoosio\/files\/2017\/02\/IMG_20170208_104304-1024x768.jpg 1024w, https:\/\/blogsaverroes.juntadeandalucia.es\/ceipobispoosio\/files\/2017\/02\/IMG_20170208_104304-700x525.jpg 700w, https:\/\/blogsaverroes.juntadeandalucia.es\/ceipobispoosio\/files\/2017\/02\/IMG_20170208_104304-24x18.jpg 24w, https:\/\/blogsaverroes.juntadeandalucia.es\/ceipobispoosio\/files\/2017\/02\/IMG_20170208_104304-36x27.jpg 36w, https:\/\/blogsaverroes.juntadeandalucia.es\/ceipobispoosio\/files\/2017\/02\/IMG_20170208_104304-48x36.jpg 48w, https:\/\/blogsaverroes.juntadeandalucia.es\/ceipobispoosio\/files\/2017\/02\/IMG_20170208_104304.jpg 1600w\" sizes=\"(max-width: 300px) 100vw, 300px\" \/><\/a> <a href=\"https:\/\/blogsaverroes.juntadeandalucia.es\/ceipobispoosio\/files\/2017\/02\/IMG_20170208_114850.jpg\"><img loading=\"lazy\" decoding=\"async\" class=\"alignnone size-medium wp-image-2962\" src=\"https:\/\/blogsaverroes.juntadeandalucia.es\/ceipobispoosio\/files\/2017\/02\/IMG_20170208_114850-300x225.jpg\" alt=\"\" width=\"300\" height=\"225\" srcset=\"https:\/\/blogsaverroes.juntadeandalucia.es\/ceipobispoosio\/files\/2017\/02\/IMG_20170208_114850-300x225.jpg 300w, https:\/\/blogsaverroes.juntadeandalucia.es\/ceipobispoosio\/files\/2017\/02\/IMG_20170208_114850-768x576.jpg 768w, https:\/\/blogsaverroes.juntadeandalucia.es\/ceipobispoosio\/files\/2017\/02\/IMG_20170208_114850-1024x768.jpg 1024w, https:\/\/blogsaverroes.juntadeandalucia.es\/ceipobispoosio\/files\/2017\/02\/IMG_20170208_114850-700x525.jpg 700w, https:\/\/blogsaverroes.juntadeandalucia.es\/ceipobispoosio\/files\/2017\/02\/IMG_20170208_114850-24x18.jpg 24w, https:\/\/blogsaverroes.juntadeandalucia.es\/ceipobispoosio\/files\/2017\/02\/IMG_20170208_114850-36x27.jpg 36w, https:\/\/blogsaverroes.juntadeandalucia.es\/ceipobispoosio\/files\/2017\/02\/IMG_20170208_114850-48x36.jpg 48w, https:\/\/blogsaverroes.juntadeandalucia.es\/ceipobispoosio\/files\/2017\/02\/IMG_20170208_114850.jpg 1600w\" sizes=\"(max-width: 300px) 100vw, 300px\" \/><\/a> <a href=\"https:\/\/blogsaverroes.juntadeandalucia.es\/ceipobispoosio\/files\/2017\/02\/IMG_20170208_124323.jpg\"><img loading=\"lazy\" decoding=\"async\" class=\"alignnone size-medium wp-image-2963\" src=\"https:\/\/blogsaverroes.juntadeandalucia.es\/ceipobispoosio\/files\/2017\/02\/IMG_20170208_124323-300x225.jpg\" alt=\"\" width=\"300\" height=\"225\" srcset=\"https:\/\/blogsaverroes.juntadeandalucia.es\/ceipobispoosio\/files\/2017\/02\/IMG_20170208_124323-300x225.jpg 300w, https:\/\/blogsaverroes.juntadeandalucia.es\/ceipobispoosio\/files\/2017\/02\/IMG_20170208_124323-768x576.jpg 768w, https:\/\/blogsaverroes.juntadeandalucia.es\/ceipobispoosio\/files\/2017\/02\/IMG_20170208_124323-1024x768.jpg 1024w, https:\/\/blogsaverroes.juntadeandalucia.es\/ceipobispoosio\/files\/2017\/02\/IMG_20170208_124323-700x525.jpg 700w, https:\/\/blogsaverroes.juntadeandalucia.es\/ceipobispoosio\/files\/2017\/02\/IMG_20170208_124323-24x18.jpg 24w, https:\/\/blogsaverroes.juntadeandalucia.es\/ceipobispoosio\/files\/2017\/02\/IMG_20170208_124323-36x27.jpg 36w, https:\/\/blogsaverroes.juntadeandalucia.es\/ceipobispoosio\/files\/2017\/02\/IMG_20170208_124323-48x36.jpg 48w, https:\/\/blogsaverroes.juntadeandalucia.es\/ceipobispoosio\/files\/2017\/02\/IMG_20170208_124323.jpg 1600w\" sizes=\"(max-width: 300px) 100vw, 300px\" \/><\/a><\/p>\n<p>&nbsp;<\/p>\n","protected":false},"excerpt":{"rendered":"<p>La Educaci\u00f3n Vial tambi\u00e9n es importante y el alumnado de 5\u00ba y 6\u00ba tomaron buena nota de ello en la sesi\u00f3n del pasado 8 de febrero. Hemos visitado el centro de educaci\u00f3n vial d\u00f3nde&#46;&#46;&#46;<\/p>\n","protected":false},"author":3145,"featured_media":0,"comment_status":"open","ping_status":"open","sticky":false,"template":"","format":"standard","meta":{"ngg_post_thumbnail":0,"footnotes":""},"categories":[361910],"tags":[],"aioseo_notices":[],"_links":{"self":[{"href":"https:\/\/blogsaverroes.juntadeandalucia.es\/ceipobispoosio\/wp-json\/wp\/v2\/posts\/2241"}],"collection":[{"href":"https:\/\/blogsaverroes.juntadeandalucia.es\/ceipobispoosio\/wp-json\/wp\/v2\/posts"}],"about":[{"href":"https:\/\/blogsaverroes.juntadeandalucia.es\/ceipobispoosio\/wp-json\/wp\/v2\/types\/post"}],"author":[{"embeddable":true,"href":"https:\/\/blogsaverroes.juntadeandalucia.es\/ceipobispoosio\/wp-json\/wp\/v2\/users\/3145"}],"replies":[{"embeddable":true,"href":"https:\/\/blogsaverroes.juntadeandalucia.es\/ceipobispoosio\/wp-json\/wp\/v2\/comments?post=2241"}],"version-history":[{"count":2,"href":"https:\/\/blogsaverroes.juntadeandalucia.es\/ceipobispoosio\/wp-json\/wp\/v2\/posts\/2241\/revisions"}],"predecessor-version":[{"id":2964,"href":"https:\/\/blogsaverroes.juntadeandalucia.es\/ceipobispoosio\/wp-json\/wp\/v2\/posts\/2241\/revisions\/2964"}],"wp:attachment":[{"href":"https:\/\/blogsaverroes.juntadeandalucia.es\/ceipobispoosio\/wp-json\/wp\/v2\/media?parent=2241"}],"wp:term":[{"taxonomy":"category","embeddable":true,"href":"https:\/\/blogsaverroes.juntadeandalucia.es\/ceipobispoosio\/wp-json\/wp\/v2\/categories?post=2241"},{"taxonomy":"post_tag","embeddable":true,"href":"https:\/\/blogsaverroes.juntadeandalucia.es\/ceipobispoosio\/wp-json\/wp\/v2\/tags?post=2241"}],"curies":[{"name":"wp","href":"https:\/\/api.w.org\/{rel}","templated":true}]}}