{"id":2300,"date":"2017-03-08T12:08:10","date_gmt":"2017-03-08T12:08:10","guid":{"rendered":"http:\/\/blogsaverroes.juntadeandalucia.es\/ceipobispoosio\/?p=2300"},"modified":"2018-12-16T23:05:35","modified_gmt":"2018-12-16T23:05:35","slug":"dia-de-la-mujer","status":"publish","type":"post","link":"https:\/\/blogsaverroes.juntadeandalucia.es\/ceipobispoosio\/dia-de-la-mujer\/","title":{"rendered":"D\u00eda de la mujer"},"content":{"rendered":"<p>Hoy 8 de marzo es un d\u00eda de lucha m\u00e1s que de celebraci\u00f3n.<\/p>\n<p>Hoy las mujeres del Osio hacemos un par\u00f3n simb\u00f3lico para concienciar a la sociedad de que la igualdad a\u00fan no es una realidad para las mujeres.<\/p>\n<p>Por las 20 mujeres y la beb\u00e9 asesinadas por el machismo criminal en lo que va de a\u00f1o en Espa\u00f1a y por todas las que faltan, por las 8 mujeres de Vela Luz que est\u00e1n en huelga de hambre en la Puerta del Sol en Madrid exigiendo al gobierno una acci\u00f3n inmediata.<\/p>\n<p>Por todas ellas os invitamos a realizar este par\u00f3n.<\/p>\n<p>POR LA IGUALDAD EN DERECHOS Y OPORTUNIDADES.<\/p>\n<p>&nbsp;<\/p>\n<p><a href=\"https:\/\/blogsaverroes.juntadeandalucia.es\/ceipobispoosio\/files\/2017\/03\/IMG-20170308-WA0000.jpg\"><img loading=\"lazy\" decoding=\"async\" class=\"size-medium wp-image-3211 aligncenter\" src=\"https:\/\/blogsaverroes.juntadeandalucia.es\/ceipobispoosio\/files\/2017\/03\/IMG-20170308-WA0000-300x225.jpg\" alt=\"\" width=\"300\" height=\"225\" srcset=\"https:\/\/blogsaverroes.juntadeandalucia.es\/ceipobispoosio\/files\/2017\/03\/IMG-20170308-WA0000-300x225.jpg 300w, https:\/\/blogsaverroes.juntadeandalucia.es\/ceipobispoosio\/files\/2017\/03\/IMG-20170308-WA0000-768x576.jpg 768w, https:\/\/blogsaverroes.juntadeandalucia.es\/ceipobispoosio\/files\/2017\/03\/IMG-20170308-WA0000-1024x768.jpg 1024w, https:\/\/blogsaverroes.juntadeandalucia.es\/ceipobispoosio\/files\/2017\/03\/IMG-20170308-WA0000-700x525.jpg 700w, https:\/\/blogsaverroes.juntadeandalucia.es\/ceipobispoosio\/files\/2017\/03\/IMG-20170308-WA0000-24x18.jpg 24w, https:\/\/blogsaverroes.juntadeandalucia.es\/ceipobispoosio\/files\/2017\/03\/IMG-20170308-WA0000-36x27.jpg 36w, https:\/\/blogsaverroes.juntadeandalucia.es\/ceipobispoosio\/files\/2017\/03\/IMG-20170308-WA0000-48x36.jpg 48w, https:\/\/blogsaverroes.juntadeandalucia.es\/ceipobispoosio\/files\/2017\/03\/IMG-20170308-WA0000.jpg 1599w\" sizes=\"(max-width: 300px) 100vw, 300px\" \/><\/a><\/p>\n","protected":false},"excerpt":{"rendered":"<p>Hoy 8 de marzo es un d\u00eda de lucha m\u00e1s que de celebraci\u00f3n. Hoy las mujeres del Osio hacemos un par\u00f3n simb\u00f3lico para concienciar a la sociedad de que la igualdad a\u00fan no es&#46;&#46;&#46;<\/p>\n","protected":false},"author":3145,"featured_media":0,"comment_status":"open","ping_status":"open","sticky":false,"template":"","format":"standard","meta":{"ngg_post_thumbnail":0,"footnotes":""},"categories":[3253],"tags":[],"aioseo_notices":[],"_links":{"self":[{"href":"https:\/\/blogsaverroes.juntadeandalucia.es\/ceipobispoosio\/wp-json\/wp\/v2\/posts\/2300"}],"collection":[{"href":"https:\/\/blogsaverroes.juntadeandalucia.es\/ceipobispoosio\/wp-json\/wp\/v2\/posts"}],"about":[{"href":"https:\/\/blogsaverroes.juntadeandalucia.es\/ceipobispoosio\/wp-json\/wp\/v2\/types\/post"}],"author":[{"embeddable":true,"href":"https:\/\/blogsaverroes.juntadeandalucia.es\/ceipobispoosio\/wp-json\/wp\/v2\/users\/3145"}],"replies":[{"embeddable":true,"href":"https:\/\/blogsaverroes.juntadeandalucia.es\/ceipobispoosio\/wp-json\/wp\/v2\/comments?post=2300"}],"version-history":[{"count":2,"href":"https:\/\/blogsaverroes.juntadeandalucia.es\/ceipobispoosio\/wp-json\/wp\/v2\/posts\/2300\/revisions"}],"predecessor-version":[{"id":3213,"href":"https:\/\/blogsaverroes.juntadeandalucia.es\/ceipobispoosio\/wp-json\/wp\/v2\/posts\/2300\/revisions\/3213"}],"wp:attachment":[{"href":"https:\/\/blogsaverroes.juntadeandalucia.es\/ceipobispoosio\/wp-json\/wp\/v2\/media?parent=2300"}],"wp:term":[{"taxonomy":"category","embeddable":true,"href":"https:\/\/blogsaverroes.juntadeandalucia.es\/ceipobispoosio\/wp-json\/wp\/v2\/categories?post=2300"},{"taxonomy":"post_tag","embeddable":true,"href":"https:\/\/blogsaverroes.juntadeandalucia.es\/ceipobispoosio\/wp-json\/wp\/v2\/tags?post=2300"}],"curies":[{"name":"wp","href":"https:\/\/api.w.org\/{rel}","templated":true}]}}