{"id":3261,"date":"2019-01-08T12:10:57","date_gmt":"2019-01-08T12:10:57","guid":{"rendered":"https:\/\/blogsaverroes.juntadeandalucia.es\/ceipobispoosio\/?p=3261"},"modified":"2019-01-20T22:01:10","modified_gmt":"2019-01-20T22:01:10","slug":"museo-escolar-miro","status":"publish","type":"post","link":"https:\/\/blogsaverroes.juntadeandalucia.es\/ceipobispoosio\/museo-escolar-miro\/","title":{"rendered":"MUSEO ESCOLAR MIR\u00d3"},"content":{"rendered":"<p>Con motivo de la Semana de la Expresi\u00f3n, celebrada del 18 al 22 de Diciembre, se ha elaborado en el centro un Museo con una exposici\u00f3n de artes pl\u00e1sticas basadas en el artista JOAN MIR\u00d3.<br \/>\nUn proyecto muy elaborado desde el Plan de Lectura y Bibliotecas, a partir de la lectura del cuento \u00abEl C\u00edrculo de Mir\u00f3 quiere ser esqueleto\u00bb ha desencadenado una serie de actividades de investigaci\u00f3n, creaci\u00f3n y elaboraci\u00f3n.<\/p>\n<p>Esta exposici\u00f3n quedar\u00e1 expuesta durante la primera quincena de enero, para poder ser visitada por aquellos centros interesados.<\/p>\n<p>Ten\u00e9is m\u00e1s informaci\u00f3n de las actividades realizadas en el Blog de la Biblioteca:<\/p>\n<p><a href=\"https:\/\/bibliotecaobispoosio.blogspot.com\/2019\/01\/proyecto-museo-escolar-miro.html\">https:\/\/bibliotecaobispoosio.blogspot.com\/2019\/01\/proyecto-museo-escolar-miro.html<\/a><\/p>\n<p>Pero aqu\u00ed os dejamos un peque\u00f1o v\u00eddeo que muestra el resultado del trabajo realizado con tanto esfuerzo por nuestro alumnado.<\/p>\n<p>&nbsp;<br \/>\n<iframe loading=\"lazy\" src=\"https:\/\/www.youtube.com\/embed\/8Rbp8G-tMII\" width=\"560\" height=\"315\" frameborder=\"0\"><\/iframe><\/p>\n<p>Desde nuestro centro queremos dar las gracias a los centros que nos han visitado durante el mes de Enero.<br \/>\nAqu\u00ed os dejamos tambi\u00e9n algunas fotos de la visita y el taller realizado complementario a la misma.<\/p>\n<p><a href=\"https:\/\/blogsaverroes.juntadeandalucia.es\/ceipobispoosio\/files\/2019\/01\/IMG_20190118_100609_612.jpg\"><img loading=\"lazy\" decoding=\"async\" class=\"alignnone size-medium wp-image-3271\" src=\"https:\/\/blogsaverroes.juntadeandalucia.es\/ceipobispoosio\/files\/2019\/01\/IMG_20190118_100609_612-300x225.jpg\" alt=\"\" width=\"300\" height=\"225\" srcset=\"https:\/\/blogsaverroes.juntadeandalucia.es\/ceipobispoosio\/files\/2019\/01\/IMG_20190118_100609_612-300x225.jpg 300w, https:\/\/blogsaverroes.juntadeandalucia.es\/ceipobispoosio\/files\/2019\/01\/IMG_20190118_100609_612-768x576.jpg 768w, https:\/\/blogsaverroes.juntadeandalucia.es\/ceipobispoosio\/files\/2019\/01\/IMG_20190118_100609_612-1024x768.jpg 1024w, https:\/\/blogsaverroes.juntadeandalucia.es\/ceipobispoosio\/files\/2019\/01\/IMG_20190118_100609_612-700x525.jpg 700w, https:\/\/blogsaverroes.juntadeandalucia.es\/ceipobispoosio\/files\/2019\/01\/IMG_20190118_100609_612-24x18.jpg 24w, https:\/\/blogsaverroes.juntadeandalucia.es\/ceipobispoosio\/files\/2019\/01\/IMG_20190118_100609_612-36x27.jpg 36w, https:\/\/blogsaverroes.juntadeandalucia.es\/ceipobispoosio\/files\/2019\/01\/IMG_20190118_100609_612-48x36.jpg 48w, https:\/\/blogsaverroes.juntadeandalucia.es\/ceipobispoosio\/files\/2019\/01\/IMG_20190118_100609_612.jpg 1600w\" sizes=\"(max-width: 300px) 100vw, 300px\" \/><\/a> <a href=\"https:\/\/blogsaverroes.juntadeandalucia.es\/ceipobispoosio\/files\/2019\/01\/IMG_20190118_101251_370.jpg\"><img loading=\"lazy\" decoding=\"async\" class=\"alignnone size-medium wp-image-3272\" src=\"https:\/\/blogsaverroes.juntadeandalucia.es\/ceipobispoosio\/files\/2019\/01\/IMG_20190118_101251_370-300x225.jpg\" alt=\"\" width=\"300\" height=\"225\" srcset=\"https:\/\/blogsaverroes.juntadeandalucia.es\/ceipobispoosio\/files\/2019\/01\/IMG_20190118_101251_370-300x225.jpg 300w, https:\/\/blogsaverroes.juntadeandalucia.es\/ceipobispoosio\/files\/2019\/01\/IMG_20190118_101251_370-768x576.jpg 768w, https:\/\/blogsaverroes.juntadeandalucia.es\/ceipobispoosio\/files\/2019\/01\/IMG_20190118_101251_370-1024x768.jpg 1024w, https:\/\/blogsaverroes.juntadeandalucia.es\/ceipobispoosio\/files\/2019\/01\/IMG_20190118_101251_370-700x525.jpg 700w, https:\/\/blogsaverroes.juntadeandalucia.es\/ceipobispoosio\/files\/2019\/01\/IMG_20190118_101251_370-24x18.jpg 24w, https:\/\/blogsaverroes.juntadeandalucia.es\/ceipobispoosio\/files\/2019\/01\/IMG_20190118_101251_370-36x27.jpg 36w, https:\/\/blogsaverroes.juntadeandalucia.es\/ceipobispoosio\/files\/2019\/01\/IMG_20190118_101251_370-48x36.jpg 48w, https:\/\/blogsaverroes.juntadeandalucia.es\/ceipobispoosio\/files\/2019\/01\/IMG_20190118_101251_370.jpg 1600w\" sizes=\"(max-width: 300px) 100vw, 300px\" \/><\/a> <a href=\"https:\/\/blogsaverroes.juntadeandalucia.es\/ceipobispoosio\/files\/2019\/01\/IMG_20190118_102510_808.jpg\"><img loading=\"lazy\" decoding=\"async\" class=\"alignnone size-medium wp-image-3273\" src=\"https:\/\/blogsaverroes.juntadeandalucia.es\/ceipobispoosio\/files\/2019\/01\/IMG_20190118_102510_808-300x225.jpg\" alt=\"\" width=\"300\" height=\"225\" srcset=\"https:\/\/blogsaverroes.juntadeandalucia.es\/ceipobispoosio\/files\/2019\/01\/IMG_20190118_102510_808-300x225.jpg 300w, https:\/\/blogsaverroes.juntadeandalucia.es\/ceipobispoosio\/files\/2019\/01\/IMG_20190118_102510_808-768x576.jpg 768w, https:\/\/blogsaverroes.juntadeandalucia.es\/ceipobispoosio\/files\/2019\/01\/IMG_20190118_102510_808-1024x768.jpg 1024w, https:\/\/blogsaverroes.juntadeandalucia.es\/ceipobispoosio\/files\/2019\/01\/IMG_20190118_102510_808-700x525.jpg 700w, https:\/\/blogsaverroes.juntadeandalucia.es\/ceipobispoosio\/files\/2019\/01\/IMG_20190118_102510_808-24x18.jpg 24w, https:\/\/blogsaverroes.juntadeandalucia.es\/ceipobispoosio\/files\/2019\/01\/IMG_20190118_102510_808-36x27.jpg 36w, https:\/\/blogsaverroes.juntadeandalucia.es\/ceipobispoosio\/files\/2019\/01\/IMG_20190118_102510_808-48x36.jpg 48w, https:\/\/blogsaverroes.juntadeandalucia.es\/ceipobispoosio\/files\/2019\/01\/IMG_20190118_102510_808.jpg 1600w\" sizes=\"(max-width: 300px) 100vw, 300px\" \/><\/a> <a href=\"https:\/\/blogsaverroes.juntadeandalucia.es\/ceipobispoosio\/files\/2019\/01\/PicsArt_01-20-02.15.19.jpg\"><img loading=\"lazy\" decoding=\"async\" class=\"alignnone size-medium wp-image-3274\" src=\"https:\/\/blogsaverroes.juntadeandalucia.es\/ceipobispoosio\/files\/2019\/01\/PicsArt_01-20-02.15.19-300x300.jpg\" alt=\"\" width=\"300\" height=\"300\" srcset=\"https:\/\/blogsaverroes.juntadeandalucia.es\/ceipobispoosio\/files\/2019\/01\/PicsArt_01-20-02.15.19-300x300.jpg 300w, https:\/\/blogsaverroes.juntadeandalucia.es\/ceipobispoosio\/files\/2019\/01\/PicsArt_01-20-02.15.19-150x150.jpg 150w, https:\/\/blogsaverroes.juntadeandalucia.es\/ceipobispoosio\/files\/2019\/01\/PicsArt_01-20-02.15.19-768x768.jpg 768w, https:\/\/blogsaverroes.juntadeandalucia.es\/ceipobispoosio\/files\/2019\/01\/PicsArt_01-20-02.15.19-1024x1024.jpg 1024w, https:\/\/blogsaverroes.juntadeandalucia.es\/ceipobispoosio\/files\/2019\/01\/PicsArt_01-20-02.15.19-100x100.jpg 100w, https:\/\/blogsaverroes.juntadeandalucia.es\/ceipobispoosio\/files\/2019\/01\/PicsArt_01-20-02.15.19-432x432.jpg 432w, https:\/\/blogsaverroes.juntadeandalucia.es\/ceipobispoosio\/files\/2019\/01\/PicsArt_01-20-02.15.19-268x268.jpg 268w, https:\/\/blogsaverroes.juntadeandalucia.es\/ceipobispoosio\/files\/2019\/01\/PicsArt_01-20-02.15.19-700x700.jpg 700w, https:\/\/blogsaverroes.juntadeandalucia.es\/ceipobispoosio\/files\/2019\/01\/PicsArt_01-20-02.15.19-24x24.jpg 24w, https:\/\/blogsaverroes.juntadeandalucia.es\/ceipobispoosio\/files\/2019\/01\/PicsArt_01-20-02.15.19-36x36.jpg 36w, https:\/\/blogsaverroes.juntadeandalucia.es\/ceipobispoosio\/files\/2019\/01\/PicsArt_01-20-02.15.19-48x48.jpg 48w, https:\/\/blogsaverroes.juntadeandalucia.es\/ceipobispoosio\/files\/2019\/01\/PicsArt_01-20-02.15.19.jpg 1600w\" sizes=\"(max-width: 300px) 100vw, 300px\" \/><\/a><\/p>\n","protected":false},"excerpt":{"rendered":"<p>Con motivo de la Semana de la Expresi\u00f3n, celebrada del 18 al 22 de Diciembre, se ha elaborado en el centro un Museo con una exposici\u00f3n de artes pl\u00e1sticas basadas en el artista JOAN&#46;&#46;&#46;<\/p>\n","protected":false},"author":3145,"featured_media":3276,"comment_status":"open","ping_status":"open","sticky":true,"template":"","format":"standard","meta":{"ngg_post_thumbnail":0,"footnotes":""},"categories":[3784],"tags":[],"aioseo_notices":[],"_links":{"self":[{"href":"https:\/\/blogsaverroes.juntadeandalucia.es\/ceipobispoosio\/wp-json\/wp\/v2\/posts\/3261"}],"collection":[{"href":"https:\/\/blogsaverroes.juntadeandalucia.es\/ceipobispoosio\/wp-json\/wp\/v2\/posts"}],"about":[{"href":"https:\/\/blogsaverroes.juntadeandalucia.es\/ceipobispoosio\/wp-json\/wp\/v2\/types\/post"}],"author":[{"embeddable":true,"href":"https:\/\/blogsaverroes.juntadeandalucia.es\/ceipobispoosio\/wp-json\/wp\/v2\/users\/3145"}],"replies":[{"embeddable":true,"href":"https:\/\/blogsaverroes.juntadeandalucia.es\/ceipobispoosio\/wp-json\/wp\/v2\/comments?post=3261"}],"version-history":[{"count":5,"href":"https:\/\/blogsaverroes.juntadeandalucia.es\/ceipobispoosio\/wp-json\/wp\/v2\/posts\/3261\/revisions"}],"predecessor-version":[{"id":3275,"href":"https:\/\/blogsaverroes.juntadeandalucia.es\/ceipobispoosio\/wp-json\/wp\/v2\/posts\/3261\/revisions\/3275"}],"wp:featuredmedia":[{"embeddable":true,"href":"https:\/\/blogsaverroes.juntadeandalucia.es\/ceipobispoosio\/wp-json\/wp\/v2\/media\/3276"}],"wp:attachment":[{"href":"https:\/\/blogsaverroes.juntadeandalucia.es\/ceipobispoosio\/wp-json\/wp\/v2\/media?parent=3261"}],"wp:term":[{"taxonomy":"category","embeddable":true,"href":"https:\/\/blogsaverroes.juntadeandalucia.es\/ceipobispoosio\/wp-json\/wp\/v2\/categories?post=3261"},{"taxonomy":"post_tag","embeddable":true,"href":"https:\/\/blogsaverroes.juntadeandalucia.es\/ceipobispoosio\/wp-json\/wp\/v2\/tags?post=3261"}],"curies":[{"name":"wp","href":"https:\/\/api.w.org\/{rel}","templated":true}]}}