{"id":3778,"date":"2020-03-05T20:48:08","date_gmt":"2020-03-05T20:48:08","guid":{"rendered":"https:\/\/blogsaverroes.juntadeandalucia.es\/ceipobispoosio\/?p=3778"},"modified":"2020-03-05T20:52:19","modified_gmt":"2020-03-05T20:52:19","slug":"los-planetas","status":"publish","type":"post","link":"https:\/\/blogsaverroes.juntadeandalucia.es\/ceipobispoosio\/los-planetas\/","title":{"rendered":"Los planetas"},"content":{"rendered":"<p>Entre las actividades desarrolladas en el \u00e1rea de Ciencias Sociales el tema de los planetas siempre les llama mucho la atenci\u00f3n al alumnado, es por ello que los ni\u00f1os y ni\u00f1as de 5\u00baB han realizado una maqueta de nuestro Sistema Solar. Han representado los distintos planetas ordenados seg\u00fan su cercan\u00eda o lejan\u00eda al Sol no s\u00f3lo desde el \u00e1rea de Ciencias Sociales sino tambi\u00e9n de manera transversal con Art\u00edstica, trabajo en equipo, compa\u00f1erismo&#8230;<\/p>\n<p>El alumnado se ha involucrado mucho, muy ilusionados por el buen resultado que \u00e9ste estaba teniendo.<\/p>\n<p>Aqu\u00ed veis las fotos de c\u00f3mo ha quedado el cielo de la clase.<\/p>\nngg_shortcode_0_placeholder\n","protected":false},"excerpt":{"rendered":"<p>Entre las actividades desarrolladas en el \u00e1rea de Ciencias Sociales el tema de los planetas siempre les llama mucho la atenci\u00f3n al alumnado, es por ello que los ni\u00f1os y ni\u00f1as de 5\u00baB han&#46;&#46;&#46;<\/p>\n","protected":false},"author":3145,"featured_media":3787,"comment_status":"open","ping_status":"open","sticky":false,"template":"","format":"standard","meta":{"ngg_post_thumbnail":0,"footnotes":""},"categories":[25496],"tags":[],"aioseo_notices":[],"_links":{"self":[{"href":"https:\/\/blogsaverroes.juntadeandalucia.es\/ceipobispoosio\/wp-json\/wp\/v2\/posts\/3778"}],"collection":[{"href":"https:\/\/blogsaverroes.juntadeandalucia.es\/ceipobispoosio\/wp-json\/wp\/v2\/posts"}],"about":[{"href":"https:\/\/blogsaverroes.juntadeandalucia.es\/ceipobispoosio\/wp-json\/wp\/v2\/types\/post"}],"author":[{"embeddable":true,"href":"https:\/\/blogsaverroes.juntadeandalucia.es\/ceipobispoosio\/wp-json\/wp\/v2\/users\/3145"}],"replies":[{"embeddable":true,"href":"https:\/\/blogsaverroes.juntadeandalucia.es\/ceipobispoosio\/wp-json\/wp\/v2\/comments?post=3778"}],"version-history":[{"count":3,"href":"https:\/\/blogsaverroes.juntadeandalucia.es\/ceipobispoosio\/wp-json\/wp\/v2\/posts\/3778\/revisions"}],"predecessor-version":[{"id":3788,"href":"https:\/\/blogsaverroes.juntadeandalucia.es\/ceipobispoosio\/wp-json\/wp\/v2\/posts\/3778\/revisions\/3788"}],"wp:featuredmedia":[{"embeddable":true,"href":"https:\/\/blogsaverroes.juntadeandalucia.es\/ceipobispoosio\/wp-json\/wp\/v2\/media\/3787"}],"wp:attachment":[{"href":"https:\/\/blogsaverroes.juntadeandalucia.es\/ceipobispoosio\/wp-json\/wp\/v2\/media?parent=3778"}],"wp:term":[{"taxonomy":"category","embeddable":true,"href":"https:\/\/blogsaverroes.juntadeandalucia.es\/ceipobispoosio\/wp-json\/wp\/v2\/categories?post=3778"},{"taxonomy":"post_tag","embeddable":true,"href":"https:\/\/blogsaverroes.juntadeandalucia.es\/ceipobispoosio\/wp-json\/wp\/v2\/tags?post=3778"}],"curies":[{"name":"wp","href":"https:\/\/api.w.org\/{rel}","templated":true}]}}