{"id":4127,"date":"2021-01-30T13:55:49","date_gmt":"2021-01-30T13:55:49","guid":{"rendered":"https:\/\/blogsaverroes.juntadeandalucia.es\/ceipobispoosio\/?p=4127"},"modified":"2021-01-30T14:14:47","modified_gmt":"2021-01-30T14:14:47","slug":"dia-de-la-paz-2021","status":"publish","type":"post","link":"https:\/\/blogsaverroes.juntadeandalucia.es\/ceipobispoosio\/dia-de-la-paz-2021\/","title":{"rendered":"D\u00edA DE LA PaZ 2021"},"content":{"rendered":"<p>El 30 de Enero se celebre el d\u00eda de la Paz y nuestro centro no quiere dejar pasar este d\u00eda sin haberlo trabajado.&nbsp;<\/p>\n<p>Este a\u00f1o lo hemos enfocado de nuevo hacia el aspecto positivo, haciendo que alumnado y profesorado se comunique mediante mensajes escritos unos a otros, s\u00f3lo con mensajes positivos hacia la persona. Durante la semana tod@s han podido ir dejando sus mensajes en los sobres decorados de l@s compa\u00f1er@s. Hemos mejorando de este modo la relaci\u00f3n de grupo y reforzado de manera cari\u00f1osa la relaci\u00f3n con los dem\u00e1s, sin olvidar que los tiempos en los que estamos los abrazos y los besos no son posibles, pero s\u00ed el env\u00edo de buenos deseos.<\/p>\n<p>A nivel de aula tambi\u00e9n se han trabajado esos adjetivos calificativos positivos que el alumnado ha podido utilizar en sus mensajes, en la \u00abelaboraci\u00f3n simb\u00f3lica\u00bb de una pizza de Paz y la lectura de alg\u00fan cuento en relaci\u00f3n a lo mismo, c\u00f3mo por ejemplo \u00abAbajo los muros\u00bb de la Editorial Algar. Adem\u00e1s el alumnado de 3\u00ba en su taller sobre las efem\u00e9rides han trabajado la resoluci\u00f3n de conflictos, cuyo v\u00eddeo resumen pod\u00e9is ver un poquito m\u00e1s abajo.<\/p>\n<p>Os dejamos con los v\u00eddeos resumen de las actividades junto con la canci\u00f3n de \u00abCero Insultos\u00bb protagonizada y adaptada por nuestro maestro Miguel, que ya fue introducida el curso pasado&nbsp; con motivo de la llegada de este d\u00eda.<\/p>\n<p><iframe loading=\"lazy\" src=\"https:\/\/www.youtube.com\/embed\/mbXIfsN-dlI\" width=\"560\" height=\"315\" frameborder=\"0\"><\/iframe><\/p>\n<p><iframe loading=\"lazy\" src=\"https:\/\/www.youtube.com\/embed\/QAR5ovDXS3Q\" width=\"560\" height=\"315\" frameborder=\"0\"><\/iframe><\/p>\n","protected":false},"excerpt":{"rendered":"<p>El 30 de Enero se celebre el d\u00eda de la Paz y nuestro centro no quiere dejar pasar este d\u00eda sin haberlo trabajado.&nbsp; Este a\u00f1o lo hemos enfocado de nuevo hacia el aspecto positivo,&#46;&#46;&#46;<\/p>\n","protected":false},"author":3145,"featured_media":4129,"comment_status":"open","ping_status":"open","sticky":false,"template":"","format":"standard","meta":{"ngg_post_thumbnail":0,"footnotes":""},"categories":[485],"tags":[],"aioseo_notices":[],"_links":{"self":[{"href":"https:\/\/blogsaverroes.juntadeandalucia.es\/ceipobispoosio\/wp-json\/wp\/v2\/posts\/4127"}],"collection":[{"href":"https:\/\/blogsaverroes.juntadeandalucia.es\/ceipobispoosio\/wp-json\/wp\/v2\/posts"}],"about":[{"href":"https:\/\/blogsaverroes.juntadeandalucia.es\/ceipobispoosio\/wp-json\/wp\/v2\/types\/post"}],"author":[{"embeddable":true,"href":"https:\/\/blogsaverroes.juntadeandalucia.es\/ceipobispoosio\/wp-json\/wp\/v2\/users\/3145"}],"replies":[{"embeddable":true,"href":"https:\/\/blogsaverroes.juntadeandalucia.es\/ceipobispoosio\/wp-json\/wp\/v2\/comments?post=4127"}],"version-history":[{"count":4,"href":"https:\/\/blogsaverroes.juntadeandalucia.es\/ceipobispoosio\/wp-json\/wp\/v2\/posts\/4127\/revisions"}],"predecessor-version":[{"id":4132,"href":"https:\/\/blogsaverroes.juntadeandalucia.es\/ceipobispoosio\/wp-json\/wp\/v2\/posts\/4127\/revisions\/4132"}],"wp:featuredmedia":[{"embeddable":true,"href":"https:\/\/blogsaverroes.juntadeandalucia.es\/ceipobispoosio\/wp-json\/wp\/v2\/media\/4129"}],"wp:attachment":[{"href":"https:\/\/blogsaverroes.juntadeandalucia.es\/ceipobispoosio\/wp-json\/wp\/v2\/media?parent=4127"}],"wp:term":[{"taxonomy":"category","embeddable":true,"href":"https:\/\/blogsaverroes.juntadeandalucia.es\/ceipobispoosio\/wp-json\/wp\/v2\/categories?post=4127"},{"taxonomy":"post_tag","embeddable":true,"href":"https:\/\/blogsaverroes.juntadeandalucia.es\/ceipobispoosio\/wp-json\/wp\/v2\/tags?post=4127"}],"curies":[{"name":"wp","href":"https:\/\/api.w.org\/{rel}","templated":true}]}}