{"id":2742,"date":"2018-05-08T09:54:32","date_gmt":"2018-05-08T09:54:32","guid":{"rendered":"http:\/\/blogsaverroes.juntadeandalucia.es\/ceiporomana\/?p=2742"},"modified":"2018-05-06T19:08:25","modified_gmt":"2018-05-06T19:08:25","slug":"dia-del-libro","status":"publish","type":"post","link":"https:\/\/blogsaverroes.juntadeandalucia.es\/ceiporomana\/2018\/05\/08\/dia-del-libro\/","title":{"rendered":"DIA DEL LIBRO"},"content":{"rendered":"<p>El pasado 23 de abril, celebramos enle cole el Dia del libro.<\/p>\n<p>Como responsable de Coeducaci\u00f3n, quer\u00eda que el alumnado descubriese que muchos de los libros de aventuras, misterio, miedo&#8230;. o\u00a0 m\u00e1s famosos, le\u00eddos o llegados a la gran pantalla, han sido escrito por MUJERES.<\/p>\n<p>Tanto ni\u00f1os como ni\u00f1as podemos llegar a ser lo que queramos, aunque a veces esuchemos a nuestro alrededor que eso es para los del otro sexo.<\/p>\n<p>En todos los \u00e1mbitos hay grandes profesionales de ambos g\u00e9neros, as\u00ed que difund\u00e1moslo y hagamos que el alumnado del CEIP Oromana conozca y nos ayude a trasladar este mensaje.<\/p>\n<p><a href=\"https:\/\/blogsaverroes.juntadeandalucia.es\/ceiporomana\/files\/2018\/05\/dia-del-libro.jpg\"><img loading=\"lazy\" decoding=\"async\" class=\"size-medium wp-image-2743 aligncenter\" src=\"https:\/\/blogsaverroes.juntadeandalucia.es\/ceiporomana\/files\/2018\/05\/dia-del-libro-300x225.jpg\" alt=\"\" width=\"300\" height=\"225\" srcset=\"https:\/\/blogsaverroes.juntadeandalucia.es\/ceiporomana\/files\/2018\/05\/dia-del-libro-300x225.jpg 300w, https:\/\/blogsaverroes.juntadeandalucia.es\/ceiporomana\/files\/2018\/05\/dia-del-libro-768x576.jpg 768w, https:\/\/blogsaverroes.juntadeandalucia.es\/ceiporomana\/files\/2018\/05\/dia-del-libro-1024x768.jpg 1024w, https:\/\/blogsaverroes.juntadeandalucia.es\/ceiporomana\/files\/2018\/05\/dia-del-libro-700x525.jpg 700w, https:\/\/blogsaverroes.juntadeandalucia.es\/ceiporomana\/files\/2018\/05\/dia-del-libro-24x18.jpg 24w, https:\/\/blogsaverroes.juntadeandalucia.es\/ceiporomana\/files\/2018\/05\/dia-del-libro-36x27.jpg 36w, https:\/\/blogsaverroes.juntadeandalucia.es\/ceiporomana\/files\/2018\/05\/dia-del-libro-48x36.jpg 48w, https:\/\/blogsaverroes.juntadeandalucia.es\/ceiporomana\/files\/2018\/05\/dia-del-libro.jpg 1600w\" sizes=\"(max-width: 300px) 100vw, 300px\" \/><\/a>Os invitamos a toda la comunidad educativa a que os fij\u00e9is en el hall del cole y conozc\u00e1is el tabl\u00f3n de COEDUCACI\u00d3N.<\/p>\n<p>Hasta la pr\u00f3xima<\/p>\n<p>Raquel<\/p>\n","protected":false},"excerpt":{"rendered":"<p>El pasado 23 de abril, celebramos enle cole el Dia del libro. Como responsable de Coeducaci\u00f3n, quer\u00eda que el alumnado descubriese que muchos de los&hellip;<\/p>\n","protected":false},"author":5424,"featured_media":0,"comment_status":"open","ping_status":"open","sticky":false,"template":"","format":"standard","meta":{"ngg_post_thumbnail":0,"footnotes":""},"categories":[5991],"tags":[],"aioseo_notices":[],"_links":{"self":[{"href":"https:\/\/blogsaverroes.juntadeandalucia.es\/ceiporomana\/wp-json\/wp\/v2\/posts\/2742"}],"collection":[{"href":"https:\/\/blogsaverroes.juntadeandalucia.es\/ceiporomana\/wp-json\/wp\/v2\/posts"}],"about":[{"href":"https:\/\/blogsaverroes.juntadeandalucia.es\/ceiporomana\/wp-json\/wp\/v2\/types\/post"}],"author":[{"embeddable":true,"href":"https:\/\/blogsaverroes.juntadeandalucia.es\/ceiporomana\/wp-json\/wp\/v2\/users\/5424"}],"replies":[{"embeddable":true,"href":"https:\/\/blogsaverroes.juntadeandalucia.es\/ceiporomana\/wp-json\/wp\/v2\/comments?post=2742"}],"version-history":[{"count":3,"href":"https:\/\/blogsaverroes.juntadeandalucia.es\/ceiporomana\/wp-json\/wp\/v2\/posts\/2742\/revisions"}],"predecessor-version":[{"id":2746,"href":"https:\/\/blogsaverroes.juntadeandalucia.es\/ceiporomana\/wp-json\/wp\/v2\/posts\/2742\/revisions\/2746"}],"wp:attachment":[{"href":"https:\/\/blogsaverroes.juntadeandalucia.es\/ceiporomana\/wp-json\/wp\/v2\/media?parent=2742"}],"wp:term":[{"taxonomy":"category","embeddable":true,"href":"https:\/\/blogsaverroes.juntadeandalucia.es\/ceiporomana\/wp-json\/wp\/v2\/categories?post=2742"},{"taxonomy":"post_tag","embeddable":true,"href":"https:\/\/blogsaverroes.juntadeandalucia.es\/ceiporomana\/wp-json\/wp\/v2\/tags?post=2742"}],"curies":[{"name":"wp","href":"https:\/\/api.w.org\/{rel}","templated":true}]}}