{"id":2779,"date":"2018-06-19T18:58:28","date_gmt":"2018-06-19T18:58:28","guid":{"rendered":"https:\/\/blogsaverroes.juntadeandalucia.es\/ceiporomana\/?p=2779"},"modified":"2018-06-19T18:58:28","modified_gmt":"2018-06-19T18:58:28","slug":"recetas-veraniegas-1-limonada","status":"publish","type":"post","link":"https:\/\/blogsaverroes.juntadeandalucia.es\/ceiporomana\/2018\/06\/19\/recetas-veraniegas-1-limonada\/","title":{"rendered":"RECETAS VERANIEGAS 1: LIMONADA"},"content":{"rendered":"<p>EL PASADO VIERNES, CELBRAMOS EN EL COLE, LA FIESTA DEL AGUA Y DE LA FRUTA.<br \/>\nNUESTRAS FAMILIAS NOS DEGUSTARON CON SUCULENTAS Y FRESQUITAS RECETAS HECHAS CON MUCHO AMOR Y LO M\u00c1S SANO DEL MUNDO: \u00a1FRUTA!!!<br \/>\nALGUNOS NI\u00d1OS Y NI\u00d1AS DEL COLE, HAN RECOPILADO ESAS RECETAS PARA QUE ESTE VERANO, POD\u00c1IS HACERLAS EN CASA.<br \/>\nEN ESTA OCASI\u00d3N, OS DEJAMOS LA LIMONADA. ESPERAMOS QUE OS GUSTE Y SOBRE TODO, QUE LA HAG\u00c1IS!!!!!<\/p>\n<p>PARA VER LOS VIDEOS DE NUESTRO COCINERO, TEN\u00c9IS QUE HACER CLIC SOBRE L<strong>OS ICONOS QUE SE MUEVEN<\/strong> EN EL APARTADO DE I<strong>NGREDIENTES.<\/strong><\/p>\n<div style=\"width: 100%\">\n<div style=\"padding-bottom: 50.00%;padding-top: 0;height: 0\"><iframe loading=\"lazy\" src=\"https:\/\/view.genial.ly\/5b0e86b873d9aa6687ef42bf\" width=\"640\" height=\"480\" frameborder=\"0\" scrolling=\"yes\"><\/iframe><\/div>\n<\/div>\n","protected":false},"excerpt":{"rendered":"<p>EL PASADO VIERNES, CELBRAMOS EN EL COLE, LA FIESTA DEL AGUA Y DE LA FRUTA. NUESTRAS FAMILIAS NOS DEGUSTARON CON SUCULENTAS Y FRESQUITAS RECETAS HECHAS&hellip;<\/p>\n","protected":false},"author":5424,"featured_media":0,"comment_status":"open","ping_status":"open","sticky":false,"template":"","format":"standard","meta":{"ngg_post_thumbnail":0,"footnotes":""},"categories":[9732,25494],"tags":[],"aioseo_notices":[],"_links":{"self":[{"href":"https:\/\/blogsaverroes.juntadeandalucia.es\/ceiporomana\/wp-json\/wp\/v2\/posts\/2779"}],"collection":[{"href":"https:\/\/blogsaverroes.juntadeandalucia.es\/ceiporomana\/wp-json\/wp\/v2\/posts"}],"about":[{"href":"https:\/\/blogsaverroes.juntadeandalucia.es\/ceiporomana\/wp-json\/wp\/v2\/types\/post"}],"author":[{"embeddable":true,"href":"https:\/\/blogsaverroes.juntadeandalucia.es\/ceiporomana\/wp-json\/wp\/v2\/users\/5424"}],"replies":[{"embeddable":true,"href":"https:\/\/blogsaverroes.juntadeandalucia.es\/ceiporomana\/wp-json\/wp\/v2\/comments?post=2779"}],"version-history":[{"count":5,"href":"https:\/\/blogsaverroes.juntadeandalucia.es\/ceiporomana\/wp-json\/wp\/v2\/posts\/2779\/revisions"}],"predecessor-version":[{"id":2784,"href":"https:\/\/blogsaverroes.juntadeandalucia.es\/ceiporomana\/wp-json\/wp\/v2\/posts\/2779\/revisions\/2784"}],"wp:attachment":[{"href":"https:\/\/blogsaverroes.juntadeandalucia.es\/ceiporomana\/wp-json\/wp\/v2\/media?parent=2779"}],"wp:term":[{"taxonomy":"category","embeddable":true,"href":"https:\/\/blogsaverroes.juntadeandalucia.es\/ceiporomana\/wp-json\/wp\/v2\/categories?post=2779"},{"taxonomy":"post_tag","embeddable":true,"href":"https:\/\/blogsaverroes.juntadeandalucia.es\/ceiporomana\/wp-json\/wp\/v2\/tags?post=2779"}],"curies":[{"name":"wp","href":"https:\/\/api.w.org\/{rel}","templated":true}]}}