{"id":3074,"date":"2019-09-04T18:44:26","date_gmt":"2019-09-04T18:44:26","guid":{"rendered":"https:\/\/blogsaverroes.juntadeandalucia.es\/ceiporomana\/?p=3074"},"modified":"2019-09-04T18:45:49","modified_gmt":"2019-09-04T18:45:49","slug":"informacion-util-para-el-principio-de-curso","status":"publish","type":"post","link":"https:\/\/blogsaverroes.juntadeandalucia.es\/ceiporomana\/2019\/09\/04\/informacion-util-para-el-principio-de-curso\/","title":{"rendered":"Informaci\u00f3n \u00fatil para el comienzo de curso"},"content":{"rendered":"<p>De cara al inminente comienzo del curso escolar 2019\/2020 el CEIP Oromana quiere informar lo siguiente:<\/p>\n<p>&nbsp;<\/p>\n<p><strong><em>REUNI\u00d3N INFORMATIVA 3 A\u00d1OS<\/em><\/strong><strong>:<\/strong> Jueves 5 a las 10:30 h.<\/p>\n<p><strong><em>*Infantil 4 y 5 a\u00f1os contin\u00faan con sus respectivas tutoras, no habr\u00e1 reuni\u00f3n de presentaci\u00f3n.<\/em><\/strong><\/p>\n<p>&nbsp;<\/p>\n<p><strong><em>REUNIONES DE PRESENTACI\u00d3N DEL EQUIPO DOCENTE:<\/em><\/strong><\/p>\n<table width=\"0\">\n<tbody>\n<tr>\n<td width=\"293\"><strong><em>1\u00ba PRIMARIA<\/em><\/strong><em>: Lunes 9 a las 10:00 h.<\/em><\/p>\n<p><strong><em>2\u00ba PRIMARIA<\/em><\/strong><em>: Lunes 9 a las 10:20 h.<\/em><\/p>\n<p><strong><em>3\u00ba PRIMARIA<\/em><\/strong><em>: Lunes 9 a las 10:40 h.<\/em><\/p>\n<p><strong><em>4\u00ba PRIMARIA<\/em><\/strong><em>: Lunes 9 a las 11:00 h.<\/em><\/p>\n<p><strong><em>5\u00ba PRIMARIA<\/em><\/strong><em>: Lunes 9 a las 11:20 h.<\/em><\/p>\n<p><strong><em>6\u00ba PRIMARIA<\/em><\/strong><em>: Lunes 9 a las 11:40 h.<\/em><\/td>\n<\/tr>\n<\/tbody>\n<\/table>\n<ul>\n<li><strong><em><u>IMPORTANTE<\/u><\/em><\/strong>: <strong><em>SE PODR\u00c1 TRAER EL MATERIAL ESCOLAR Y LIBROS DE TEXTO EL LUNES 9 DURANTE LA REUNI\u00d3N DE PRESENTACI\u00d3N. <\/em><\/strong>\n<ul>\n<li><strong><em>LOS LIBROS DEBER\u00c1N VENIR FORRADOS (sin forro adhesivo). <\/em><\/strong><\/li>\n<li><strong><em>Los libros y resto de material vendr\u00e1n en bolsas o cajas con el nombre del alumno.<\/em><\/strong><\/li>\n<\/ul>\n<\/li>\n<\/ul>\n<p>&nbsp;<\/p>\n<p><strong><em>MARTES 10, HORARIO DEL PRIMER D\u00cdA DE CLASE:<\/em><\/strong><\/p>\n<table width=\"0\">\n<tbody>\n<tr>\n<td width=\"359\"><strong><em>INFANTIL 3 A\u00d1OS<\/em><\/strong><em>: Se dividir\u00e1 cada clase en 2 turnos. 1\u00ba turno 10:45 a 11:45, 2\u00ba turno de 13:00 a 14:00 h. (m\u00e1s detalles en la reuni\u00f3n)<\/em><\/p>\n<p><strong><em>INFANTIL 4 A\u00d1OS<\/em><\/strong><em>: 12:00 a 14:00 h.<\/em><\/p>\n<p><strong><em>INFANTIL 5 A\u00d1OS<\/em><\/strong><em>: 12:00 a 14:00 h.<\/em><\/p>\n<p><strong><em>Aula Espec\u00edfica<\/em><\/strong><em>: 12:30 h.<\/em><\/td>\n<td width=\"246\"><strong><em>1\u00ba PRIMARIA<\/em><\/strong><em>: 11:30 a 14:00 h.<\/em><\/p>\n<p><strong><em>2\u00ba PRIMARIA<\/em><\/strong><em>: 11:30 a 14:00 h.<\/em><\/p>\n<p><strong><em>3\u00ba PRIMARIA<\/em><\/strong><em>: 11:00 a 14:00 h.<\/em><\/p>\n<p><strong><em>4\u00ba PRIMARIA<\/em><\/strong><em>: 11:00 a 14:00 h.<\/em><\/p>\n<p><strong><em>5\u00ba PRIMARIA<\/em><\/strong><em>: 10:30 a 14:00 h.<\/em><\/p>\n<p><strong><em>6\u00ba PRIMARIA<\/em><\/strong><em>: 10:30 a 14:00 h.<\/em><\/td>\n<\/tr>\n<\/tbody>\n<\/table>\n<p>&nbsp;<\/p>\n<p>&nbsp;<\/p>\n<p><strong>PLAN DE APERTURA:<\/strong><\/p>\n<p>El servicio de <strong>comedor<\/strong> comenzar\u00e1 el mismo martes 10 de septiembre. Todo usuario de nueva incorporaci\u00f3n y que presente alg\u00fan tipo de intolerancia o alergia alimentaria deber\u00e1 presentar informe m\u00e9dico.<\/p>\n<p>El servicio de <strong>aula matinal<\/strong> comenzar\u00e1 el martes 11 de septiembre, entrada por nueva puerta situada en la calle Cardenal Amigo Vallejo desde las 7:30 hasta las 8:50.<\/p>\n<p>&nbsp;<\/p>\n<p><strong><em>ACTIVIDADES EXTRAESCOLARES:<\/em><\/strong><\/p>\n<p>Las actividades extraescolares propuestas por el AMPA, Delegaci\u00f3n de deportes y clubes deportivos comenzar\u00e1n el 1 de octubre.<\/p>\n<p>&nbsp;<\/p>\n<p><strong><em>A PARTIR DEL MI\u00c9RCOLES 11 DE SEPTIEMBRE EL HORARIO SER\u00c1 EL HABITUAL:<\/em><\/strong><\/p>\n<p>Aula Matinal (horarios de entradas): Desde las 7:30 hasta las 8:50<\/p>\n<p>Comedor: 14:00 a 15:45 (2 turnos, asignados por edad, aquellos interesados en cambiar el turno asignado dispondr\u00e1n hasta el 21 de septiembre para comunicarlo en secretar\u00eda)<\/p>\n<p>&nbsp;<\/p>\n<p>Os deseamos y buen inicio y feliz curso escolar 2019\/20<\/p>\n","protected":false},"excerpt":{"rendered":"<p>De cara al inminente comienzo del curso escolar 2019\/2020 el CEIP Oromana quiere informar lo siguiente: &nbsp; REUNI\u00d3N INFORMATIVA 3 A\u00d1OS: Jueves 5 a las&hellip;<\/p>\n","protected":false},"author":2151,"featured_media":0,"comment_status":"open","ping_status":"open","sticky":false,"template":"","format":"standard","meta":{"ngg_post_thumbnail":0,"footnotes":""},"categories":[5991,25490,25491,25494,25495,25496,25498,526],"tags":[],"aioseo_notices":[],"_links":{"self":[{"href":"https:\/\/blogsaverroes.juntadeandalucia.es\/ceiporomana\/wp-json\/wp\/v2\/posts\/3074"}],"collection":[{"href":"https:\/\/blogsaverroes.juntadeandalucia.es\/ceiporomana\/wp-json\/wp\/v2\/posts"}],"about":[{"href":"https:\/\/blogsaverroes.juntadeandalucia.es\/ceiporomana\/wp-json\/wp\/v2\/types\/post"}],"author":[{"embeddable":true,"href":"https:\/\/blogsaverroes.juntadeandalucia.es\/ceiporomana\/wp-json\/wp\/v2\/users\/2151"}],"replies":[{"embeddable":true,"href":"https:\/\/blogsaverroes.juntadeandalucia.es\/ceiporomana\/wp-json\/wp\/v2\/comments?post=3074"}],"version-history":[{"count":2,"href":"https:\/\/blogsaverroes.juntadeandalucia.es\/ceiporomana\/wp-json\/wp\/v2\/posts\/3074\/revisions"}],"predecessor-version":[{"id":3076,"href":"https:\/\/blogsaverroes.juntadeandalucia.es\/ceiporomana\/wp-json\/wp\/v2\/posts\/3074\/revisions\/3076"}],"wp:attachment":[{"href":"https:\/\/blogsaverroes.juntadeandalucia.es\/ceiporomana\/wp-json\/wp\/v2\/media?parent=3074"}],"wp:term":[{"taxonomy":"category","embeddable":true,"href":"https:\/\/blogsaverroes.juntadeandalucia.es\/ceiporomana\/wp-json\/wp\/v2\/categories?post=3074"},{"taxonomy":"post_tag","embeddable":true,"href":"https:\/\/blogsaverroes.juntadeandalucia.es\/ceiporomana\/wp-json\/wp\/v2\/tags?post=3074"}],"curies":[{"name":"wp","href":"https:\/\/api.w.org\/{rel}","templated":true}]}}