{"id":3229,"date":"2020-01-29T10:04:17","date_gmt":"2020-01-29T10:04:17","guid":{"rendered":"https:\/\/blogsaverroes.juntadeandalucia.es\/ceiporomana\/?p=3229"},"modified":"2020-01-29T10:04:17","modified_gmt":"2020-01-29T10:04:17","slug":"programa-andalucia-profundiza","status":"publish","type":"post","link":"https:\/\/blogsaverroes.juntadeandalucia.es\/ceiporomana\/2020\/01\/29\/programa-andalucia-profundiza\/","title":{"rendered":"Programa \u00abAndaluc\u00eda Profundiza\u00bb"},"content":{"rendered":"<p>El cole vuelve a apostar este curso por la innovaci\u00f3n a trav\u00e9s del programa <a href=\"http:\/\/profundiza.org\/\">Andaluc\u00eda Profundiza<\/a> que anualmente pone en marcha la Consejer\u00eda de Educaci\u00f3n y Deporte de la Junta de Andaluc\u00eda.&nbsp;<\/p>\n<p>Se trata de un programa dirigido a todo el alumnado desde 3\u00ba de Primaria hasta 4\u00ba de la ESO que muestre inter\u00e9s en dedicar parte de su tiempo libre a investigar y a profundizar en el conocimiento a trav\u00e9s del desarrollo de proyectos de aprendizaje por descubrimiento dirigidos por profesorado de los centros docentes p\u00fablicos de Andaluc\u00eda.<\/p>\n<p>Andaluc\u00eda Profundiza es un programa de profundizaci\u00f3n de conocimientos que consiste en la realizaci\u00f3n de proyectos de investigaci\u00f3n en los centros educativos en horario extraescolar. Estos proyectos se dirigen a la estimulaci\u00f3n del aprendizaje y de la iniciativa en aquellos alumnos y alumnas que se destacan por su inter\u00e9s y motivaci\u00f3n hacia la realizaci\u00f3n de actividades que supongan una profundizaci\u00f3n con respecto al curr\u00edculo ordinario.<\/p>\n<p>Desde el claustro de profesores queremos fomentar la innovaci\u00f3n educativa en nuestro alumnado de primaria presentando un proyecto en el que las claves residen en la investigaci\u00f3n, en el aprendizaje por descubrimiento, en el desarrollo de proyectos de aprendizaje activo, potenciando el inter\u00e9s de \u00e9stos por la experimentaci\u00f3n y la investigaci\u00f3n, convirti\u00e9ndolos en agentes activos en la construcci\u00f3n de sus aprendizajes.<\/p>\n<p>El proyecto que se va a ofertar es:<\/p>\n<p><em><strong>\u201c\u00c9RASE UNA VEZ LA PREHISTORIA\u201d<\/strong><\/em>: dirigido principalmente al alumnado de&nbsp; 5\u00ba y 6\u00ba de de primaria, donde los objetivos principales ser\u00e1n:<\/p>\n<ul>\n<li>Desarrollar las capacidades del alumnado y lograr un aprendizaje significativo partiendo de sus intereses.<\/li>\n<li>Realizar un estudio pormenorizado de la vida cotidiana en la prehistoria, y que esto contribuya a conseguir en nuestros alumnos\/as una actitud cr\u00edtica.<\/li>\n<li>Reconocer en la prehistoria ciertos hitos sociales y culturales cuya importancia para la vida ha llegado a nuestros d\u00edas.<\/li>\n<li>Recoger informaci\u00f3n sobre el hombre y mujer prehist\u00f3rico y ponerlo en com\u00fan.<\/li>\n<li>Desarrollar el inter\u00e9s por el patrimonio y las culturas antiguas, descubriendo en ellos una riqueza que nos ayuda a comprender mejor nuestro presente.<\/li>\n<li>Utilizar la expresi\u00f3n pl\u00e1stica para representar la vida del hombre y mujer prehist\u00f3rico\/a.<\/li>\n<li>Establecer conclusiones sobre el estudio realizado y contrastar con las hip\u00f3tesis de las que partimos, reflexionando sobre los condicionantes que hemos encontrado en el desarrollo del proyecto.<\/li>\n<li>Favorecer el manejo de nuevas tecnolog\u00edas mediante actividades relacionadas con el tema.<\/li>\n<li>Exponer las conclusiones y el proyecto a la comunidad educativa, dando amplia difusi\u00f3n del proyecto de investigaci\u00f3n.<\/li>\n<\/ul>\n<p>Los proyectos se desarrollar\u00e1n durante&nbsp; una sesi\u00f3n semanal los meses de marzo, abril y mayo con ocho sesiones de tres horas cada una.<\/p>\n<p>El alumnado que desee participar en el programa deber\u00e1 cumplimentar el <a href=\"http:\/\/portals.ced.junta-andalucia.es\/educacion\/portals\/delegate\/content\/ac1f8de2-1b55-4af4-8edd-66f2822a334f\/Anexo%20I%20-%20Solicitud%20Alumnado\">modelo de solicitud (ANEXO I)<\/a>, adjuntando un documento de no m\u00e1s de 8 p\u00e1ginas que describa alg\u00fan trabajo de investigaci\u00f3n en el que haya participado o desee participar. En la solicitud incluir\u00e1 una breve rese\u00f1a de dicho trabajo.<\/p>\n<p>Las solicitudes se entregar\u00e1n en el centro el alumno o la alumna con fecha l\u00edmite 4 de febrero de 2020.<\/p>\n<p>Para m\u00e1s informaci\u00f3n puede acceder a las <a href=\"http:\/\/portals.ced.junta-andalucia.es\/educacion\/portals\/web\/ced\/novedades\/-\/contenidos\/detalle\/instrucciones-de-20-de-enero-de-2020-de-la-direccion-general-de-atencion-a-la-diversidad-participacion-y-convivencia\">instrucciones de Consejer\u00eda de Educaci\u00f3n acerca del programa<\/a><\/p>\n","protected":false},"excerpt":{"rendered":"<p>El cole vuelve a apostar este curso por la innovaci\u00f3n a trav\u00e9s del programa Andaluc\u00eda Profundiza que anualmente pone en marcha la Consejer\u00eda de Educaci\u00f3n&hellip;<\/p>\n","protected":false},"author":2151,"featured_media":0,"comment_status":"open","ping_status":"open","sticky":false,"template":"","format":"standard","meta":{"ngg_post_thumbnail":0,"footnotes":""},"categories":[33,25495,25496,8048],"tags":[418173,1203780,695],"aioseo_notices":[],"_links":{"self":[{"href":"https:\/\/blogsaverroes.juntadeandalucia.es\/ceiporomana\/wp-json\/wp\/v2\/posts\/3229"}],"collection":[{"href":"https:\/\/blogsaverroes.juntadeandalucia.es\/ceiporomana\/wp-json\/wp\/v2\/posts"}],"about":[{"href":"https:\/\/blogsaverroes.juntadeandalucia.es\/ceiporomana\/wp-json\/wp\/v2\/types\/post"}],"author":[{"embeddable":true,"href":"https:\/\/blogsaverroes.juntadeandalucia.es\/ceiporomana\/wp-json\/wp\/v2\/users\/2151"}],"replies":[{"embeddable":true,"href":"https:\/\/blogsaverroes.juntadeandalucia.es\/ceiporomana\/wp-json\/wp\/v2\/comments?post=3229"}],"version-history":[{"count":2,"href":"https:\/\/blogsaverroes.juntadeandalucia.es\/ceiporomana\/wp-json\/wp\/v2\/posts\/3229\/revisions"}],"predecessor-version":[{"id":3232,"href":"https:\/\/blogsaverroes.juntadeandalucia.es\/ceiporomana\/wp-json\/wp\/v2\/posts\/3229\/revisions\/3232"}],"wp:attachment":[{"href":"https:\/\/blogsaverroes.juntadeandalucia.es\/ceiporomana\/wp-json\/wp\/v2\/media?parent=3229"}],"wp:term":[{"taxonomy":"category","embeddable":true,"href":"https:\/\/blogsaverroes.juntadeandalucia.es\/ceiporomana\/wp-json\/wp\/v2\/categories?post=3229"},{"taxonomy":"post_tag","embeddable":true,"href":"https:\/\/blogsaverroes.juntadeandalucia.es\/ceiporomana\/wp-json\/wp\/v2\/tags?post=3229"}],"curies":[{"name":"wp","href":"https:\/\/api.w.org\/{rel}","templated":true}]}}