{"id":3601,"date":"2021-01-14T12:29:43","date_gmt":"2021-01-14T11:29:43","guid":{"rendered":"https:\/\/blogsaverroes.juntadeandalucia.es\/ceiporomana\/?p=3601"},"modified":"2023-10-13T12:47:59","modified_gmt":"2023-10-13T11:47:59","slug":"somos-centro-erasmus","status":"publish","type":"post","link":"https:\/\/blogsaverroes.juntadeandalucia.es\/ceiporomana\/2021\/01\/14\/somos-centro-erasmus\/","title":{"rendered":"SOMOS CENTRO ERASMUS+"},"content":{"rendered":"<p>A lo largo de estos dos cursos vamos a desarrollar un proyecto de colaboraci\u00f3n Erasmus+ cofinanciado por la Uni\u00f3n Europea:<strong> \u201cOUR LIFE IN OUR HANDS!\u201d.<\/strong><\/p>\n<div dir=\"ltr\"><\/div>\n<div dir=\"ltr\" data-removefontsize=\"true\" data-originalcomputedfontsize=\"13\">Los objetivos que persigue principalmente son: adquirir h\u00e1bitos de vida saludable y crear una fuerte conciencia medioambiental para el cuidado del planeta<span data-removefontsize=\"true\" data-originalcomputedfontsize=\"13\">, as\u00ed como afianzar valores comunitarios y desarrollar el ingl\u00e9s como lengua vehicular. Al ser un proyecto de CENTRO, estos objetivos se pretenden alcanzar en todo el alumnado, siempre adapt\u00e1ndose a cada nivel educativo.<\/span><\/div>\n<div><\/div>\n<div dir=\"ltr\" data-removefontsize=\"true\" data-originalcomputedfontsize=\"13\">Este proyecto\u00a0<span data-removefontsize=\"true\" data-originalcomputedfontsize=\"13\">KA229<\/span> surge de la necesidad de abrir el centro al exterior en busca de nuevos horizontes para que tanto alumnado como profesorado podamos enriquecernos de la experiencia educativa de trabajar cooperativamente con otros centros comunitarios en esta misma l\u00ednea trasversal.<\/div>\n<div><\/div>\n<div dir=\"ltr\" data-removefontsize=\"true\" data-originalcomputedfontsize=\"13\">Durante el tiempo que dure el proyecto mantendremos contacto a trav\u00e9s de distintas plataformas con profes y alumnos de centros de: <strong>Polonia, Portugal, Croacia, Lituania y Turqu\u00eda<\/strong>. Con ellos intercambiaremos din\u00e1micas, ideas y actividades que desarrollemos tanto en Educaci\u00f3n Infantil como en Primaria, no s\u00f3lo a trav\u00e9s del trabajo en los distintos \u00e1mbitos de conocimiento y \u00e1reas, sino tambi\u00e9n en las actividades contempladas en los planes y proyectos llevados a cabo en el centro: <i data-removefontsize=\"true\" data-originalcomputedfontsize=\"13\">H\u00e1bitos de vida saludable<\/i> <i data-removefontsize=\"true\" data-originalcomputedfontsize=\"13\">y Huerto escolar<\/i>.<\/div>\n<div><\/div>\n<div dir=\"ltr\" data-removefontsize=\"true\" data-originalcomputedfontsize=\"13\">Adem\u00e1s, incluye entre sus actividades realizar salidas de profesorado y alumnado seleccionado para visitar estos centros, al igual que acoger a su alumnado y profesorado cuando nos visiten; claro est\u00e1, una vez que la alerta sanitaria remita y nos permitieran hacerlo.<\/div>\n<div dir=\"ltr\"><\/div>\n<div><\/div>\n<div data-removefontsize=\"true\" data-originalcomputedfontsize=\"13\">\n<p>Animamos a las familias desde el centro a promover estos h\u00e1bitos en casa tambi\u00e9n para conseguir un mayor impacto fuera del centro y contribuir a un cambio en rutinas no tan saludables de nuestro d\u00eda a d\u00eda con nosotros mismos o con el planeta.<\/p>\n<div dir=\"ltr\"><\/div>\n<div dir=\"ltr\" data-removefontsize=\"true\" data-originalcomputedfontsize=\"13\"><\/div>\n<\/div>\n<div data-removefontsize=\"true\" data-originalcomputedfontsize=\"13\">Aqu\u00ed os dejamos m\u00e1s detalles:<\/div>\n<div data-removefontsize=\"true\" data-originalcomputedfontsize=\"13\">\n<hr \/>\n<\/div>\n<div data-removefontsize=\"true\" data-originalcomputedfontsize=\"13\"><\/div>\n<div style=\"text-align: center\" data-removefontsize=\"true\" data-originalcomputedfontsize=\"13\"><a href=\"https:\/\/view.genial.ly\/5fbfe98745f1430d9d718edf\"><img loading=\"lazy\" decoding=\"async\" class=\"alignnone wp-image-4299\" src=\"https:\/\/blogsaverroes.juntadeandalucia.es\/ceiporomana\/files\/2021\/01\/OLIOH-300x151.png\" alt=\"Genially\" width=\"240\" height=\"121\" srcset=\"https:\/\/blogsaverroes.juntadeandalucia.es\/ceiporomana\/files\/2021\/01\/OLIOH-300x151.png 300w, https:\/\/blogsaverroes.juntadeandalucia.es\/ceiporomana\/files\/2021\/01\/OLIOH-1024x515.png 1024w, https:\/\/blogsaverroes.juntadeandalucia.es\/ceiporomana\/files\/2021\/01\/OLIOH-768x386.png 768w, https:\/\/blogsaverroes.juntadeandalucia.es\/ceiporomana\/files\/2021\/01\/OLIOH.png 1240w\" sizes=\"(max-width: 240px) 100vw, 240px\" \/> <\/a><a href=\"https:\/\/view.genial.ly\/5fd276d1d292600d903d16fd\"><img loading=\"lazy\" decoding=\"async\" class=\" wp-image-4309 aligncenter\" src=\"https:\/\/blogsaverroes.juntadeandalucia.es\/ceiporomana\/files\/2021\/01\/erasmus-300x169.png\" alt=\"genially 2\" width=\"239\" height=\"134\" srcset=\"https:\/\/blogsaverroes.juntadeandalucia.es\/ceiporomana\/files\/2021\/01\/erasmus-300x169.png 300w, https:\/\/blogsaverroes.juntadeandalucia.es\/ceiporomana\/files\/2021\/01\/erasmus-1024x578.png 1024w, https:\/\/blogsaverroes.juntadeandalucia.es\/ceiporomana\/files\/2021\/01\/erasmus-768x434.png 768w, https:\/\/blogsaverroes.juntadeandalucia.es\/ceiporomana\/files\/2021\/01\/erasmus.png 1280w\" sizes=\"(max-width: 239px) 100vw, 239px\" \/><\/a><\/div>\n<div style=\"text-align: center\" data-removefontsize=\"true\" data-originalcomputedfontsize=\"13\"><\/div>\n<div style=\"text-align: center\" data-removefontsize=\"true\" data-originalcomputedfontsize=\"13\"><a href=\"https:\/\/erasmus-plus.ec.europa.eu\/projects\/search\/details\/2020-1-PL01-KA229-081732\"><img loading=\"lazy\" decoding=\"async\" class=\"alignnone wp-image-4297\" src=\"https:\/\/blogsaverroes.juntadeandalucia.es\/ceiporomana\/files\/2021\/01\/es_cofinanciado_por_la_union_europea_pos-300x73.png\" alt=\"\" width=\"226\" height=\"55\" srcset=\"https:\/\/blogsaverroes.juntadeandalucia.es\/ceiporomana\/files\/2021\/01\/es_cofinanciado_por_la_union_europea_pos-300x73.png 300w, https:\/\/blogsaverroes.juntadeandalucia.es\/ceiporomana\/files\/2021\/01\/es_cofinanciado_por_la_union_europea_pos-1024x249.png 1024w, https:\/\/blogsaverroes.juntadeandalucia.es\/ceiporomana\/files\/2021\/01\/es_cofinanciado_por_la_union_europea_pos-768x187.png 768w, https:\/\/blogsaverroes.juntadeandalucia.es\/ceiporomana\/files\/2021\/01\/es_cofinanciado_por_la_union_europea_pos-1536x373.png 1536w, https:\/\/blogsaverroes.juntadeandalucia.es\/ceiporomana\/files\/2021\/01\/es_cofinanciado_por_la_union_europea_pos.png 1600w\" sizes=\"(max-width: 226px) 100vw, 226px\" \/><\/a><\/div>\n<div data-removefontsize=\"true\" data-originalcomputedfontsize=\"13\"><\/div>\n<div data-removefontsize=\"true\" data-originalcomputedfontsize=\"13\">\n<hr \/>\n<\/div>\n<div data-removefontsize=\"true\" data-originalcomputedfontsize=\"13\">\n<p>&nbsp;<\/p>\n<\/div>\n","protected":false},"excerpt":{"rendered":"<p>A lo largo de estos dos cursos vamos a desarrollar un proyecto de colaboraci\u00f3n Erasmus+ cofinanciado por la Uni\u00f3n Europea: \u201cOUR LIFE IN OUR HANDS!\u201d.&hellip;<\/p>\n","protected":false},"author":5365,"featured_media":4297,"comment_status":"open","ping_status":"open","sticky":false,"template":"","format":"image","meta":{"ngg_post_thumbnail":0,"footnotes":""},"categories":[140,526],"tags":[1203811,1203806],"aioseo_notices":[],"_links":{"self":[{"href":"https:\/\/blogsaverroes.juntadeandalucia.es\/ceiporomana\/wp-json\/wp\/v2\/posts\/3601"}],"collection":[{"href":"https:\/\/blogsaverroes.juntadeandalucia.es\/ceiporomana\/wp-json\/wp\/v2\/posts"}],"about":[{"href":"https:\/\/blogsaverroes.juntadeandalucia.es\/ceiporomana\/wp-json\/wp\/v2\/types\/post"}],"author":[{"embeddable":true,"href":"https:\/\/blogsaverroes.juntadeandalucia.es\/ceiporomana\/wp-json\/wp\/v2\/users\/5365"}],"replies":[{"embeddable":true,"href":"https:\/\/blogsaverroes.juntadeandalucia.es\/ceiporomana\/wp-json\/wp\/v2\/comments?post=3601"}],"version-history":[{"count":18,"href":"https:\/\/blogsaverroes.juntadeandalucia.es\/ceiporomana\/wp-json\/wp\/v2\/posts\/3601\/revisions"}],"predecessor-version":[{"id":4314,"href":"https:\/\/blogsaverroes.juntadeandalucia.es\/ceiporomana\/wp-json\/wp\/v2\/posts\/3601\/revisions\/4314"}],"wp:featuredmedia":[{"embeddable":true,"href":"https:\/\/blogsaverroes.juntadeandalucia.es\/ceiporomana\/wp-json\/wp\/v2\/media\/4297"}],"wp:attachment":[{"href":"https:\/\/blogsaverroes.juntadeandalucia.es\/ceiporomana\/wp-json\/wp\/v2\/media?parent=3601"}],"wp:term":[{"taxonomy":"category","embeddable":true,"href":"https:\/\/blogsaverroes.juntadeandalucia.es\/ceiporomana\/wp-json\/wp\/v2\/categories?post=3601"},{"taxonomy":"post_tag","embeddable":true,"href":"https:\/\/blogsaverroes.juntadeandalucia.es\/ceiporomana\/wp-json\/wp\/v2\/tags?post=3601"}],"curies":[{"name":"wp","href":"https:\/\/api.w.org\/{rel}","templated":true}]}}