{"id":3619,"date":"2021-01-26T11:30:48","date_gmt":"2021-01-26T10:30:48","guid":{"rendered":"https:\/\/blogsaverroes.juntadeandalucia.es\/ceiporomana\/?p=3619"},"modified":"2021-01-26T11:30:48","modified_gmt":"2021-01-26T10:30:48","slug":"la-vacuna-del-buentrato-mas-unidos-que-nunca","status":"publish","type":"post","link":"https:\/\/blogsaverroes.juntadeandalucia.es\/ceiporomana\/2021\/01\/26\/la-vacuna-del-buentrato-mas-unidos-que-nunca\/","title":{"rendered":"\u00abLA VACUNA DEL BUENTRATO: M\u00c1S UNIDOS QUE NUNCA\u00bb"},"content":{"rendered":"<div class=\"kvgmc6g5 cxmmr5t8 oygrvhab hcukyx3x c1et5uql ii04i59q\">\n<div dir=\"auto\">Este a\u00f1o vamos a trabajar para el D\u00eda de la Paz una secuencia did\u00e1ctica que pretende que reflexionemos sobre todos los tipos de violencia con una met\u00e1fora entre la actual crisis sanitaria que estamos viviendo y otra pandemia: la violencia.<\/div>\n<div dir=\"auto\">&nbsp;<\/div>\n<\/div>\n<div class=\"o9v6fnle cxmmr5t8 oygrvhab hcukyx3x c1et5uql ii04i59q\">\n<div dir=\"auto\">Proponemos aprovechar esta situaci\u00f3n que est\u00e1n viviendo los escolares y las familias como una oportunidad para aprender valores y actitudes que mejoren la convivencia y la gesti\u00f3n emocional de nuestro alumnado a la vez que damos un enfoque de prevenci\u00f3n frente a la violencia.<\/div>\n<div dir=\"auto\">&nbsp;<\/div>\n<\/div>\n<div class=\"o9v6fnle cxmmr5t8 oygrvhab hcukyx3x c1et5uql ii04i59q\">\n<div dir=\"auto\">En esta ocasi\u00f3n ser\u00e1 el \u00abviolentavirus\u00bb el que tendremos que vencer, transformando las expresiones, palabras, insultos, amenazas , juegos violentos y actos negativos en t\u00e9rminos positivos para mejorar nuestra manera de relacionarnos y que solo se \u00abcontagien\u00bb los buenos h\u00e1bitos, la alegr\u00eda y esperanza en medio de tanto caos y sufrimiento.<\/div>\n<div dir=\"auto\">&nbsp;<\/div>\n<\/div>\n<div class=\"o9v6fnle cxmmr5t8 oygrvhab hcukyx3x c1et5uql ii04i59q\">\n<div dir=\"auto\">Para ello, nos vamos a convertir en \u201cSanitarios de la Paz\u201d que curen los corazones. Vamos a seleccionar para nuestro botiqu\u00edn los mejores utensilios y medicinas que puedan sanar la violencia, el rencor y los conflictos. \u00a1ADEM\u00c1S NOS VAMOS A VACUNAR! Por eso hemos preparado entre todos una vacuna para protegernos y proteger a nuestro entorno del \u201cViolentavirus\u201d.<\/div>\n<div dir=\"auto\"><a href=\"https:\/\/blogsaverroes.juntadeandalucia.es\/ceiporomana\/files\/2021\/01\/WhatsApp-Image-2021-01-22-at-14.09.22.jpeg\"><img loading=\"lazy\" decoding=\"async\" class=\"aligncenter size-large wp-image-3615\" src=\"https:\/\/blogsaverroes.juntadeandalucia.es\/ceiporomana\/files\/2021\/01\/WhatsApp-Image-2021-01-22-at-14.09.22-768x1024.jpeg\" alt=\"\" width=\"660\" height=\"880\" srcset=\"https:\/\/blogsaverroes.juntadeandalucia.es\/ceiporomana\/files\/2021\/01\/WhatsApp-Image-2021-01-22-at-14.09.22-768x1024.jpeg 768w, https:\/\/blogsaverroes.juntadeandalucia.es\/ceiporomana\/files\/2021\/01\/WhatsApp-Image-2021-01-22-at-14.09.22-225x300.jpeg 225w, https:\/\/blogsaverroes.juntadeandalucia.es\/ceiporomana\/files\/2021\/01\/WhatsApp-Image-2021-01-22-at-14.09.22-1152x1536.jpeg 1152w, https:\/\/blogsaverroes.juntadeandalucia.es\/ceiporomana\/files\/2021\/01\/WhatsApp-Image-2021-01-22-at-14.09.22-700x933.jpeg 700w, https:\/\/blogsaverroes.juntadeandalucia.es\/ceiporomana\/files\/2021\/01\/WhatsApp-Image-2021-01-22-at-14.09.22-18x24.jpeg 18w, https:\/\/blogsaverroes.juntadeandalucia.es\/ceiporomana\/files\/2021\/01\/WhatsApp-Image-2021-01-22-at-14.09.22-27x36.jpeg 27w, https:\/\/blogsaverroes.juntadeandalucia.es\/ceiporomana\/files\/2021\/01\/WhatsApp-Image-2021-01-22-at-14.09.22-36x48.jpeg 36w, https:\/\/blogsaverroes.juntadeandalucia.es\/ceiporomana\/files\/2021\/01\/WhatsApp-Image-2021-01-22-at-14.09.22.jpeg 1200w\" sizes=\"(max-width: 660px) 100vw, 660px\" \/><\/a><\/div>\n<div dir=\"auto\">&nbsp;<\/div>\n<\/div>\n<div class=\"o9v6fnle cxmmr5t8 oygrvhab hcukyx3x c1et5uql ii04i59q\">\n<div dir=\"auto\">Esta no es una vacuna que se toma, sino que se piensa, as\u00ed que nos comprometemos a mantener su efectividad durante todo el curso. Utilizando esta analog\u00eda elaboraremos los componentes de la vacuna (respeto, amistad, empat\u00eda, protecci\u00f3n&#8230;) para acabar con la violencia en nuestro entorno. Como resultado de esta reflexi\u00f3n obtendremos una vacuna a la que pondremos nombre y acordaremos unos compromisos y peticiones sobre la NOVIOLENCIA y el buen trato.<\/div>\n<div dir=\"auto\">&nbsp;<\/div>\n<\/div>\n<div class=\"o9v6fnle cxmmr5t8 oygrvhab hcukyx3x c1et5uql ii04i59q\">\n<div dir=\"auto\">Para ello nos ayudaremos de esta canci\u00f3n, \u00abCont\u00e1giame tu paz\u00bb para guiar la actividad:<\/div>\n<div dir=\"auto\">[youtube https:\/\/www.youtube.com\/watch?v=81CjGMjSfSE]<\/div>\n<div dir=\"auto\">&nbsp;<\/div>\n<\/div>\n<div class=\"o9v6fnle cxmmr5t8 oygrvhab hcukyx3x c1et5uql ii04i59q\">\n<div dir=\"auto\">Y recordad que este \u00abViolentavirus\u00bb tambi\u00e9n lo paramos entre todos.<\/div>\n<div dir=\"auto\">#ENDViolence<\/div>\n<\/div>\n","protected":false},"excerpt":{"rendered":"<p>Este a\u00f1o vamos a trabajar para el D\u00eda de la Paz una secuencia did\u00e1ctica que pretende que reflexionemos sobre todos los tipos de violencia con&hellip;<\/p>\n","protected":false},"author":2151,"featured_media":3615,"comment_status":"open","ping_status":"open","sticky":false,"template":"","format":"image","meta":{"ngg_post_thumbnail":0,"footnotes":""},"categories":[25490,3981,526],"tags":[],"aioseo_notices":[],"_links":{"self":[{"href":"https:\/\/blogsaverroes.juntadeandalucia.es\/ceiporomana\/wp-json\/wp\/v2\/posts\/3619"}],"collection":[{"href":"https:\/\/blogsaverroes.juntadeandalucia.es\/ceiporomana\/wp-json\/wp\/v2\/posts"}],"about":[{"href":"https:\/\/blogsaverroes.juntadeandalucia.es\/ceiporomana\/wp-json\/wp\/v2\/types\/post"}],"author":[{"embeddable":true,"href":"https:\/\/blogsaverroes.juntadeandalucia.es\/ceiporomana\/wp-json\/wp\/v2\/users\/2151"}],"replies":[{"embeddable":true,"href":"https:\/\/blogsaverroes.juntadeandalucia.es\/ceiporomana\/wp-json\/wp\/v2\/comments?post=3619"}],"version-history":[{"count":1,"href":"https:\/\/blogsaverroes.juntadeandalucia.es\/ceiporomana\/wp-json\/wp\/v2\/posts\/3619\/revisions"}],"predecessor-version":[{"id":3620,"href":"https:\/\/blogsaverroes.juntadeandalucia.es\/ceiporomana\/wp-json\/wp\/v2\/posts\/3619\/revisions\/3620"}],"wp:featuredmedia":[{"embeddable":true,"href":"https:\/\/blogsaverroes.juntadeandalucia.es\/ceiporomana\/wp-json\/wp\/v2\/media\/3615"}],"wp:attachment":[{"href":"https:\/\/blogsaverroes.juntadeandalucia.es\/ceiporomana\/wp-json\/wp\/v2\/media?parent=3619"}],"wp:term":[{"taxonomy":"category","embeddable":true,"href":"https:\/\/blogsaverroes.juntadeandalucia.es\/ceiporomana\/wp-json\/wp\/v2\/categories?post=3619"},{"taxonomy":"post_tag","embeddable":true,"href":"https:\/\/blogsaverroes.juntadeandalucia.es\/ceiporomana\/wp-json\/wp\/v2\/tags?post=3619"}],"curies":[{"name":"wp","href":"https:\/\/api.w.org\/{rel}","templated":true}]}}