{"id":3786,"date":"2021-09-14T09:38:26","date_gmt":"2021-09-14T08:38:26","guid":{"rendered":"https:\/\/blogsaverroes.juntadeandalucia.es\/ceiporomana\/?p=3786"},"modified":"2021-09-14T09:38:26","modified_gmt":"2021-09-14T08:38:26","slug":"becas-y-ayudas-para-alumnos-as-con-necesidad-especifica-de-apoyo-educativo","status":"publish","type":"post","link":"https:\/\/blogsaverroes.juntadeandalucia.es\/ceiporomana\/2021\/09\/14\/becas-y-ayudas-para-alumnos-as-con-necesidad-especifica-de-apoyo-educativo\/","title":{"rendered":"Becas y ayudas para alumnos\/as con necesidad espec\u00edfica de apoyo educativo"},"content":{"rendered":"<p>Desde el 3 de agosto y hasta el 30 de septiembre de 2021 se encuentra abierto el plazo para solicitar las becas y ayudas para alumnos y alumnas con necesidad espec\u00edfica de apoyo educativo.<\/p>\n<p>Las solicitudes deber\u00e1n cumplimentarse mediante el formulario accesible por <a href=\"https:\/\/www.educacionyfp.gob.es\/servicios-al-ciudadano\/catalogo\/estudiantes\/becas-ayudas\/para-estudiar\/bachillerato\/necesidad-especifica-apoyo-educativo.html#dg8\">internet en el siguiente enlace.<\/a><\/p>\n<p>Una vez cumplimentada la solicitud telem\u00e1tica el solicitante podr\u00e1 completar el proceso electr\u00f3nico de presentaci\u00f3n acompa\u00f1ando la documentaci\u00f3n requerida o si lo desea imprimir el modelo de solicitud en fichero PDF y presentarlo con su firma y la de los dem\u00e1s miembros en la secretar\u00eda del centro en horario de 11 a 12 (cita previa)<\/p>\n","protected":false},"excerpt":{"rendered":"<p>Desde el 3 de agosto y hasta el 30 de septiembre de 2021 se encuentra abierto el plazo para solicitar las becas y ayudas para&hellip;<\/p>\n","protected":false},"author":2151,"featured_media":0,"comment_status":"open","ping_status":"open","sticky":false,"template":"","format":"standard","meta":{"ngg_post_thumbnail":0,"footnotes":""},"categories":[11909],"tags":[],"aioseo_notices":[],"_links":{"self":[{"href":"https:\/\/blogsaverroes.juntadeandalucia.es\/ceiporomana\/wp-json\/wp\/v2\/posts\/3786"}],"collection":[{"href":"https:\/\/blogsaverroes.juntadeandalucia.es\/ceiporomana\/wp-json\/wp\/v2\/posts"}],"about":[{"href":"https:\/\/blogsaverroes.juntadeandalucia.es\/ceiporomana\/wp-json\/wp\/v2\/types\/post"}],"author":[{"embeddable":true,"href":"https:\/\/blogsaverroes.juntadeandalucia.es\/ceiporomana\/wp-json\/wp\/v2\/users\/2151"}],"replies":[{"embeddable":true,"href":"https:\/\/blogsaverroes.juntadeandalucia.es\/ceiporomana\/wp-json\/wp\/v2\/comments?post=3786"}],"version-history":[{"count":1,"href":"https:\/\/blogsaverroes.juntadeandalucia.es\/ceiporomana\/wp-json\/wp\/v2\/posts\/3786\/revisions"}],"predecessor-version":[{"id":3787,"href":"https:\/\/blogsaverroes.juntadeandalucia.es\/ceiporomana\/wp-json\/wp\/v2\/posts\/3786\/revisions\/3787"}],"wp:attachment":[{"href":"https:\/\/blogsaverroes.juntadeandalucia.es\/ceiporomana\/wp-json\/wp\/v2\/media?parent=3786"}],"wp:term":[{"taxonomy":"category","embeddable":true,"href":"https:\/\/blogsaverroes.juntadeandalucia.es\/ceiporomana\/wp-json\/wp\/v2\/categories?post=3786"},{"taxonomy":"post_tag","embeddable":true,"href":"https:\/\/blogsaverroes.juntadeandalucia.es\/ceiporomana\/wp-json\/wp\/v2\/tags?post=3786"}],"curies":[{"name":"wp","href":"https:\/\/api.w.org\/{rel}","templated":true}]}}