{"id":4133,"date":"2022-11-09T10:31:49","date_gmt":"2022-11-09T09:31:49","guid":{"rendered":"https:\/\/blogsaverroes.juntadeandalucia.es\/ceiporomana\/?p=4133"},"modified":"2022-11-09T10:32:13","modified_gmt":"2022-11-09T09:32:13","slug":"dia-de-las-lenguas-europeas-%d0%bc%d0%b8%d1%80","status":"publish","type":"post","link":"https:\/\/blogsaverroes.juntadeandalucia.es\/ceiporomana\/2022\/11\/09\/dia-de-las-lenguas-europeas-%d0%bc%d0%b8%d1%80\/","title":{"rendered":"D\u00eda europeo de las lenguas &#8211; \u043c\u0438\u0440"},"content":{"rendered":"<p>El D\u00eda Europeo de las Lenguas, que se celebra el\u00a0<strong>d\u00eda 26 de septiembre<\/strong>, es una iniciativa nacida en 2001 de la mano de la\u00a0<a href=\"https:\/\/ec.europa.eu\/index_es.htm\" target=\"_blank\" rel=\"noopener noreferrer\">Comisi\u00f3n Europea<\/a>\u00a0 y del\u00a0<a href=\"https:\/\/www.coe.int\/en\/web\/portal\/home\" target=\"_blank\" rel=\"noopener noreferrer\">Consejo de Europa<\/a>, que representa a 800 millones de ciudadanos de 47 pa\u00edses. Tiene lugar cada a\u00f1o como homenaje a la diversidad ling\u00fc\u00edstica de un continente, Europa, con m\u00e1s de 200 lenguas propias, en el que la UE posee 24 lenguas oficiales y donde hay unas 60 lenguas regionales o minoritarias y en el que se hablan muchos idiomas m\u00e1s procedentes de otras partes del mundo.<\/p>\n<p style=\"text-align: center\"><a href=\"https:\/\/blogsaverroes.juntadeandalucia.es\/ceiporomana\/files\/2022\/11\/dia_europeo_de_las_lenguas.png\"><img loading=\"lazy\" decoding=\"async\" class=\"alignnone wp-image-4143\" src=\"https:\/\/blogsaverroes.juntadeandalucia.es\/ceiporomana\/files\/2022\/11\/dia_europeo_de_las_lenguas-300x200.png\" alt=\"\" width=\"361\" height=\"245\" \/><\/a><\/p>\n<p>En el<em> CEIP Oromana<\/em> este a\u00f1o hemos querido hacer un gui\u00f1o a Ucrania y mostrarle nuestro apoyo ante el conflicto armado a trav\u00e9s de mensajes en las distintas lenguas europeas, incluyendo, adem\u00e1s, la suya propia.<\/p>\n<p style=\"text-align: left\"><a href=\"https:\/\/blogsaverroes.juntadeandalucia.es\/ceiporomana\/files\/2022\/11\/image-09-11-22-09-57-2-scaled.jpeg\"><img loading=\"lazy\" decoding=\"async\" class=\"wp-image-4136 aligncenter\" src=\"https:\/\/blogsaverroes.juntadeandalucia.es\/ceiporomana\/files\/2022\/11\/image-09-11-22-09-57-2-1024x768.jpeg\" alt=\"\" width=\"488\" height=\"368\" \/><\/a><a href=\"https:\/\/blogsaverroes.juntadeandalucia.es\/ceiporomana\/files\/2022\/11\/image-09-11-22-09-57-1-scaled.jpeg\"><img loading=\"lazy\" decoding=\"async\" class=\" wp-image-4135 alignnone\" src=\"https:\/\/blogsaverroes.juntadeandalucia.es\/ceiporomana\/files\/2022\/11\/image-09-11-22-09-57-1-300x225.jpeg\" alt=\"\" width=\"185\" height=\"141\" \/><\/a><a href=\"https:\/\/blogsaverroes.juntadeandalucia.es\/ceiporomana\/files\/2022\/11\/image-09-11-22-09-57-8-scaled.jpeg\"><img loading=\"lazy\" decoding=\"async\" class=\"alignnone wp-image-4140\" src=\"https:\/\/blogsaverroes.juntadeandalucia.es\/ceiporomana\/files\/2022\/11\/image-09-11-22-09-57-8-300x225.jpeg\" alt=\"\" width=\"188\" height=\"143\" \/><\/a>\u00a0<a href=\"https:\/\/blogsaverroes.juntadeandalucia.es\/ceiporomana\/files\/2022\/11\/image-09-11-22-09-57-10-scaled.jpeg\"><img loading=\"lazy\" decoding=\"async\" class=\"wp-image-4142 alignnone\" src=\"https:\/\/blogsaverroes.juntadeandalucia.es\/ceiporomana\/files\/2022\/11\/image-09-11-22-09-57-10-300x225.jpeg\" alt=\"\" width=\"183\" height=\"140\" \/><\/a><\/p>\n<p>&nbsp;<\/p>\n<p>A trav\u00e9s de esta actividad, todos han podido conocer la diversidad ling\u00fc\u00edstica de nuestra comunidad y sorprenderse con las distintas graf\u00edas y formas de pronunciaci\u00f3n de las lenguas europeas. Los alumnos del Aula Coraz\u00f3n han colaborado aportando mensajes escritos en sistemas alternativos de comunicaci\u00f3n; los m\u00e1s peque\u00f1os, adem\u00e1s, han colaborado coloreando banderas y realizando dibujos alusivos a nuestro apoyo al pueblo ucraniano y a un mundo libre de guerras.<\/p>\n<h1 id=\"firstHeading\" class=\"firstHeading mw-first-heading\"><span class=\"mw-page-title-main\"><a href=\"https:\/\/blogsaverroes.juntadeandalucia.es\/ceiporomana\/files\/2022\/11\/image-09-11-22-09-57-scaled.jpeg\"><img loading=\"lazy\" decoding=\"async\" class=\"alignnone size-medium wp-image-4134\" src=\"https:\/\/blogsaverroes.juntadeandalucia.es\/ceiporomana\/files\/2022\/11\/image-09-11-22-09-57-300x225.jpeg\" alt=\"\" width=\"300\" height=\"225\" srcset=\"https:\/\/blogsaverroes.juntadeandalucia.es\/ceiporomana\/files\/2022\/11\/image-09-11-22-09-57-300x225.jpeg 300w, https:\/\/blogsaverroes.juntadeandalucia.es\/ceiporomana\/files\/2022\/11\/image-09-11-22-09-57-1024x768.jpeg 1024w, https:\/\/blogsaverroes.juntadeandalucia.es\/ceiporomana\/files\/2022\/11\/image-09-11-22-09-57-768x576.jpeg 768w, https:\/\/blogsaverroes.juntadeandalucia.es\/ceiporomana\/files\/2022\/11\/image-09-11-22-09-57-1536x1152.jpeg 1536w, https:\/\/blogsaverroes.juntadeandalucia.es\/ceiporomana\/files\/2022\/11\/image-09-11-22-09-57-2048x1536.jpeg 2048w, https:\/\/blogsaverroes.juntadeandalucia.es\/ceiporomana\/files\/2022\/11\/image-09-11-22-09-57-700x525.jpeg 700w, https:\/\/blogsaverroes.juntadeandalucia.es\/ceiporomana\/files\/2022\/11\/image-09-11-22-09-57-scaled.jpeg 1600w\" sizes=\"(max-width: 300px) 100vw, 300px\" \/><\/a><a href=\"https:\/\/blogsaverroes.juntadeandalucia.es\/ceiporomana\/files\/2022\/11\/image-09-11-22-09-57-5-scaled.jpeg\"><img loading=\"lazy\" decoding=\"async\" class=\"alignnone wp-image-4138\" src=\"https:\/\/blogsaverroes.juntadeandalucia.es\/ceiporomana\/files\/2022\/11\/image-09-11-22-09-57-5-300x225.jpeg\" alt=\"\" width=\"207\" height=\"157\" \/><\/a><\/span><\/h1>\n<h1 id=\"firstHeading\" class=\"firstHeading mw-first-heading\"><span class=\"mw-page-title-main\">\u043c\u0438\u0440<\/span><\/h1>\n","protected":false},"excerpt":{"rendered":"<p>El D\u00eda Europeo de las Lenguas, que se celebra el\u00a0d\u00eda 26 de septiembre, es una iniciativa nacida en 2001 de la mano de la\u00a0Comisi\u00f3n Europea\u00a0&hellip;<\/p>\n","protected":false},"author":13983,"featured_media":0,"comment_status":"open","ping_status":"open","sticky":false,"template":"","format":"standard","meta":{"ngg_post_thumbnail":0,"footnotes":""},"categories":[140,3981],"tags":[1203811,1203808,1203806,1203813,2182],"aioseo_notices":[],"_links":{"self":[{"href":"https:\/\/blogsaverroes.juntadeandalucia.es\/ceiporomana\/wp-json\/wp\/v2\/posts\/4133"}],"collection":[{"href":"https:\/\/blogsaverroes.juntadeandalucia.es\/ceiporomana\/wp-json\/wp\/v2\/posts"}],"about":[{"href":"https:\/\/blogsaverroes.juntadeandalucia.es\/ceiporomana\/wp-json\/wp\/v2\/types\/post"}],"author":[{"embeddable":true,"href":"https:\/\/blogsaverroes.juntadeandalucia.es\/ceiporomana\/wp-json\/wp\/v2\/users\/13983"}],"replies":[{"embeddable":true,"href":"https:\/\/blogsaverroes.juntadeandalucia.es\/ceiporomana\/wp-json\/wp\/v2\/comments?post=4133"}],"version-history":[{"count":2,"href":"https:\/\/blogsaverroes.juntadeandalucia.es\/ceiporomana\/wp-json\/wp\/v2\/posts\/4133\/revisions"}],"predecessor-version":[{"id":4145,"href":"https:\/\/blogsaverroes.juntadeandalucia.es\/ceiporomana\/wp-json\/wp\/v2\/posts\/4133\/revisions\/4145"}],"wp:attachment":[{"href":"https:\/\/blogsaverroes.juntadeandalucia.es\/ceiporomana\/wp-json\/wp\/v2\/media?parent=4133"}],"wp:term":[{"taxonomy":"category","embeddable":true,"href":"https:\/\/blogsaverroes.juntadeandalucia.es\/ceiporomana\/wp-json\/wp\/v2\/categories?post=4133"},{"taxonomy":"post_tag","embeddable":true,"href":"https:\/\/blogsaverroes.juntadeandalucia.es\/ceiporomana\/wp-json\/wp\/v2\/tags?post=4133"}],"curies":[{"name":"wp","href":"https:\/\/api.w.org\/{rel}","templated":true}]}}