{"id":4167,"date":"2023-02-03T13:57:57","date_gmt":"2023-02-03T12:57:57","guid":{"rendered":"https:\/\/blogsaverroes.juntadeandalucia.es\/ceiporomana\/?p=4167"},"modified":"2023-02-03T13:58:35","modified_gmt":"2023-02-03T12:58:35","slug":"dia-de-la-paz-2023-que-bonito","status":"publish","type":"post","link":"https:\/\/blogsaverroes.juntadeandalucia.es\/ceiporomana\/2023\/02\/03\/dia-de-la-paz-2023-que-bonito\/","title":{"rendered":"D\u00eda de la Paz 2023, \u00abQu\u00e9 bonito\u00bb"},"content":{"rendered":"<p style=\"text-align: justify\">El pasado lunes 30 de enero celebramos en el cole como viene siendo costumbre el <strong>D\u00eda de la Paz y No Violencia.<\/strong><\/p>\n<p style=\"text-align: justify\">Para ello se dise\u00f1aron una serie de actividades entre nuestro alumnado para para seguir trabajando la cultura de paz y convivencia positiva en nuestro centro.<\/p>\n<p style=\"text-align: justify\">El alumnado de 6\u00ba curso pudo disfrutar de dos d\u00edas de convivencia con alumnos y alumnas del CEIP Jos\u00e9 Ram\u00f3n. Cabe apuntar que este curso, por vez primera, ambos centros colaboramos en el Programa Escuela Espacio de Paz de forma conjunta. En dicho encuentro el alumnado de cada centro ense\u00f1o al otro como se divierten y gestionan su tiempo libre en los recreos.<\/p>\n<p><a href=\"https:\/\/blogsaverroes.juntadeandalucia.es\/ceiporomana\/files\/2023\/02\/WhatsApp-Image-2023-01-27-at-21.18.23.jpeg\"><img loading=\"lazy\" decoding=\"async\" class=\"alignnone size-medium wp-image-4169\" src=\"https:\/\/blogsaverroes.juntadeandalucia.es\/ceiporomana\/files\/2023\/02\/WhatsApp-Image-2023-01-27-at-21.18.23-300x135.jpeg\" alt=\"\" width=\"300\" height=\"135\" srcset=\"https:\/\/blogsaverroes.juntadeandalucia.es\/ceiporomana\/files\/2023\/02\/WhatsApp-Image-2023-01-27-at-21.18.23-300x135.jpeg 300w, https:\/\/blogsaverroes.juntadeandalucia.es\/ceiporomana\/files\/2023\/02\/WhatsApp-Image-2023-01-27-at-21.18.23-1024x460.jpeg 1024w, https:\/\/blogsaverroes.juntadeandalucia.es\/ceiporomana\/files\/2023\/02\/WhatsApp-Image-2023-01-27-at-21.18.23-768x345.jpeg 768w, https:\/\/blogsaverroes.juntadeandalucia.es\/ceiporomana\/files\/2023\/02\/WhatsApp-Image-2023-01-27-at-21.18.23-1536x690.jpeg 1536w, https:\/\/blogsaverroes.juntadeandalucia.es\/ceiporomana\/files\/2023\/02\/WhatsApp-Image-2023-01-27-at-21.18.23-700x315.jpeg 700w, https:\/\/blogsaverroes.juntadeandalucia.es\/ceiporomana\/files\/2023\/02\/WhatsApp-Image-2023-01-27-at-21.18.23.jpeg 1600w\" sizes=\"(max-width: 300px) 100vw, 300px\" \/><\/a> <a href=\"https:\/\/blogsaverroes.juntadeandalucia.es\/ceiporomana\/files\/2023\/02\/WhatsApp-Image-2023-01-27-at-21.18.38.jpeg\"><img loading=\"lazy\" decoding=\"async\" class=\"alignnone size-medium wp-image-4170\" src=\"https:\/\/blogsaverroes.juntadeandalucia.es\/ceiporomana\/files\/2023\/02\/WhatsApp-Image-2023-01-27-at-21.18.38-300x135.jpeg\" alt=\"\" width=\"300\" height=\"135\" srcset=\"https:\/\/blogsaverroes.juntadeandalucia.es\/ceiporomana\/files\/2023\/02\/WhatsApp-Image-2023-01-27-at-21.18.38-300x135.jpeg 300w, https:\/\/blogsaverroes.juntadeandalucia.es\/ceiporomana\/files\/2023\/02\/WhatsApp-Image-2023-01-27-at-21.18.38-1024x460.jpeg 1024w, https:\/\/blogsaverroes.juntadeandalucia.es\/ceiporomana\/files\/2023\/02\/WhatsApp-Image-2023-01-27-at-21.18.38-768x345.jpeg 768w, https:\/\/blogsaverroes.juntadeandalucia.es\/ceiporomana\/files\/2023\/02\/WhatsApp-Image-2023-01-27-at-21.18.38-1536x690.jpeg 1536w, https:\/\/blogsaverroes.juntadeandalucia.es\/ceiporomana\/files\/2023\/02\/WhatsApp-Image-2023-01-27-at-21.18.38-700x315.jpeg 700w, https:\/\/blogsaverroes.juntadeandalucia.es\/ceiporomana\/files\/2023\/02\/WhatsApp-Image-2023-01-27-at-21.18.38.jpeg 1600w\" sizes=\"(max-width: 300px) 100vw, 300px\" \/><\/a> <a href=\"https:\/\/blogsaverroes.juntadeandalucia.es\/ceiporomana\/files\/2023\/02\/WhatsApp-Image-2023-01-27-at-21.03.44.jpeg\"><img loading=\"lazy\" decoding=\"async\" class=\"alignnone size-medium wp-image-4171\" src=\"https:\/\/blogsaverroes.juntadeandalucia.es\/ceiporomana\/files\/2023\/02\/WhatsApp-Image-2023-01-27-at-21.03.44-225x300.jpeg\" alt=\"\" width=\"225\" height=\"300\" srcset=\"https:\/\/blogsaverroes.juntadeandalucia.es\/ceiporomana\/files\/2023\/02\/WhatsApp-Image-2023-01-27-at-21.03.44-225x300.jpeg 225w, https:\/\/blogsaverroes.juntadeandalucia.es\/ceiporomana\/files\/2023\/02\/WhatsApp-Image-2023-01-27-at-21.03.44-768x1024.jpeg 768w, https:\/\/blogsaverroes.juntadeandalucia.es\/ceiporomana\/files\/2023\/02\/WhatsApp-Image-2023-01-27-at-21.03.44-1152x1536.jpeg 1152w, https:\/\/blogsaverroes.juntadeandalucia.es\/ceiporomana\/files\/2023\/02\/WhatsApp-Image-2023-01-27-at-21.03.44-700x933.jpeg 700w, https:\/\/blogsaverroes.juntadeandalucia.es\/ceiporomana\/files\/2023\/02\/WhatsApp-Image-2023-01-27-at-21.03.44.jpeg 1200w\" sizes=\"(max-width: 225px) 100vw, 225px\" \/><\/a> <a href=\"https:\/\/blogsaverroes.juntadeandalucia.es\/ceiporomana\/files\/2023\/02\/WhatsApp-Image-2023-01-27-at-21.03.42-copia.jpeg\"><img loading=\"lazy\" decoding=\"async\" class=\"alignnone size-medium wp-image-4172\" src=\"https:\/\/blogsaverroes.juntadeandalucia.es\/ceiporomana\/files\/2023\/02\/WhatsApp-Image-2023-01-27-at-21.03.42-copia-225x300.jpeg\" alt=\"\" width=\"225\" height=\"300\" srcset=\"https:\/\/blogsaverroes.juntadeandalucia.es\/ceiporomana\/files\/2023\/02\/WhatsApp-Image-2023-01-27-at-21.03.42-copia-225x300.jpeg 225w, https:\/\/blogsaverroes.juntadeandalucia.es\/ceiporomana\/files\/2023\/02\/WhatsApp-Image-2023-01-27-at-21.03.42-copia-768x1024.jpeg 768w, https:\/\/blogsaverroes.juntadeandalucia.es\/ceiporomana\/files\/2023\/02\/WhatsApp-Image-2023-01-27-at-21.03.42-copia-1152x1536.jpeg 1152w, https:\/\/blogsaverroes.juntadeandalucia.es\/ceiporomana\/files\/2023\/02\/WhatsApp-Image-2023-01-27-at-21.03.42-copia-700x933.jpeg 700w, https:\/\/blogsaverroes.juntadeandalucia.es\/ceiporomana\/files\/2023\/02\/WhatsApp-Image-2023-01-27-at-21.03.42-copia.jpeg 1200w\" sizes=\"(max-width: 225px) 100vw, 225px\" \/><\/a><\/p>\n<p style=\"text-align: justify\">Una de las actividades que m\u00e1s gust\u00f3 fue la sesi\u00f3n de cuentacuentos organizada por nuestra coordinadora de biblioteca. Desde aqu\u00ed agradecemos enormemente la participaci\u00f3n y colaboraci\u00f3n de nuestras familias que nos hicieron disfrutar mucho de cada historia con su entusiasmo y creatividad.<\/p>\n<p style=\"text-align: justify\"><a href=\"https:\/\/blogsaverroes.juntadeandalucia.es\/ceiporomana\/files\/2023\/02\/cuentacuentos.jpeg\"><img loading=\"lazy\" decoding=\"async\" class=\"size-medium wp-image-4168 aligncenter\" src=\"https:\/\/blogsaverroes.juntadeandalucia.es\/ceiporomana\/files\/2023\/02\/cuentacuentos-169x300.jpeg\" alt=\"\" width=\"169\" height=\"300\" srcset=\"https:\/\/blogsaverroes.juntadeandalucia.es\/ceiporomana\/files\/2023\/02\/cuentacuentos-169x300.jpeg 169w, https:\/\/blogsaverroes.juntadeandalucia.es\/ceiporomana\/files\/2023\/02\/cuentacuentos-576x1024.jpeg 576w, https:\/\/blogsaverroes.juntadeandalucia.es\/ceiporomana\/files\/2023\/02\/cuentacuentos-768x1366.jpeg 768w, https:\/\/blogsaverroes.juntadeandalucia.es\/ceiporomana\/files\/2023\/02\/cuentacuentos-864x1536.jpeg 864w, https:\/\/blogsaverroes.juntadeandalucia.es\/ceiporomana\/files\/2023\/02\/cuentacuentos-700x1245.jpeg 700w, https:\/\/blogsaverroes.juntadeandalucia.es\/ceiporomana\/files\/2023\/02\/cuentacuentos.jpeg 900w\" sizes=\"(max-width: 169px) 100vw, 169px\" \/><\/a>Por \u00faltimo os queremos dejar el v\u00eddeo de la coreograf\u00eda dise\u00f1ada por nuestra coordinadora de Escuela Espacio de Paz y que estuvimos ensayando durante los d\u00edas previos. Se trata de la canci\u00f3n \u00abQu\u00e9 bonito\u00bb de Soraya Arnelas que&nbsp; junto con el resto de actividades han conformado una semana complet\u00edsima.<\/p>\n<p><iframe loading=\"lazy\" src=\"\/\/www.youtube.com\/embed\/-yqb4iMd-b8\" width=\"800\" height=\"449\"><\/iframe><\/p>\n","protected":false},"excerpt":{"rendered":"<p>El pasado lunes 30 de enero celebramos en el cole como viene siendo costumbre el D\u00eda de la Paz y No Violencia. Para ello se&hellip;<\/p>\n","protected":false},"author":13923,"featured_media":0,"comment_status":"open","ping_status":"open","sticky":false,"template":"","format":"standard","meta":{"ngg_post_thumbnail":0,"footnotes":""},"categories":[11909],"tags":[],"aioseo_notices":[],"_links":{"self":[{"href":"https:\/\/blogsaverroes.juntadeandalucia.es\/ceiporomana\/wp-json\/wp\/v2\/posts\/4167"}],"collection":[{"href":"https:\/\/blogsaverroes.juntadeandalucia.es\/ceiporomana\/wp-json\/wp\/v2\/posts"}],"about":[{"href":"https:\/\/blogsaverroes.juntadeandalucia.es\/ceiporomana\/wp-json\/wp\/v2\/types\/post"}],"author":[{"embeddable":true,"href":"https:\/\/blogsaverroes.juntadeandalucia.es\/ceiporomana\/wp-json\/wp\/v2\/users\/13923"}],"replies":[{"embeddable":true,"href":"https:\/\/blogsaverroes.juntadeandalucia.es\/ceiporomana\/wp-json\/wp\/v2\/comments?post=4167"}],"version-history":[{"count":2,"href":"https:\/\/blogsaverroes.juntadeandalucia.es\/ceiporomana\/wp-json\/wp\/v2\/posts\/4167\/revisions"}],"predecessor-version":[{"id":4174,"href":"https:\/\/blogsaverroes.juntadeandalucia.es\/ceiporomana\/wp-json\/wp\/v2\/posts\/4167\/revisions\/4174"}],"wp:attachment":[{"href":"https:\/\/blogsaverroes.juntadeandalucia.es\/ceiporomana\/wp-json\/wp\/v2\/media?parent=4167"}],"wp:term":[{"taxonomy":"category","embeddable":true,"href":"https:\/\/blogsaverroes.juntadeandalucia.es\/ceiporomana\/wp-json\/wp\/v2\/categories?post=4167"},{"taxonomy":"post_tag","embeddable":true,"href":"https:\/\/blogsaverroes.juntadeandalucia.es\/ceiporomana\/wp-json\/wp\/v2\/tags?post=4167"}],"curies":[{"name":"wp","href":"https:\/\/api.w.org\/{rel}","templated":true}]}}