{"id":4175,"date":"2023-02-03T14:29:16","date_gmt":"2023-02-03T13:29:16","guid":{"rendered":"https:\/\/blogsaverroes.juntadeandalucia.es\/ceiporomana\/?p=4175"},"modified":"2023-02-03T14:29:56","modified_gmt":"2023-02-03T13:29:56","slug":"4175","status":"publish","type":"post","link":"https:\/\/blogsaverroes.juntadeandalucia.es\/ceiporomana\/2023\/02\/03\/4175\/","title":{"rendered":"Jornadas de Puertas Abiertas (escolarizaci\u00f3n 23-24)"},"content":{"rendered":"<p style=\"text-align: justify\">El pr\u00f3ximo d\u00eda 21de febrero a las 17:00 horas y de forma presencial en grupos reducidos tendr\u00e1 lugar la jornada de puertas abiertas para informar a las familias, conocer las instalaciones y el proyecto educativo del CEIP Oromana.<\/p>\n<p>Tambi\u00e9n abordaremos los aspectos m\u00e1s importantes del procedimiento de escolarizaci\u00f3n y la presentaci\u00f3n de solicitudes de plaza.<\/p>\n<p><a href=\"https:\/\/blogsaverroes.juntadeandalucia.es\/ceiporomana\/files\/2023\/02\/Puertas-abiertas-23-24.jpg\"><img loading=\"lazy\" decoding=\"async\" class=\"alignnone wp-image-4176\" src=\"https:\/\/blogsaverroes.juntadeandalucia.es\/ceiporomana\/files\/2023\/02\/Puertas-abiertas-23-24-300x169.jpg\" alt=\"\" width=\"407\" height=\"232\"><\/a><\/p>\n<p style=\"text-align: justify\">Esta convocatoria est\u00e1 especialmente indicada para aquellas familias cuyo hijo\/a accede por vez primera al CEIP Oromana.<\/p>\n<p>Saludos.<\/p>\n","protected":false},"excerpt":{"rendered":"<p>El pr\u00f3ximo d\u00eda 21de febrero a las 17:00 horas y de forma presencial en grupos reducidos tendr\u00e1 lugar la jornada de puertas abiertas para informar&hellip;<\/p>\n","protected":false},"author":13923,"featured_media":0,"comment_status":"open","ping_status":"open","sticky":false,"template":"","format":"image","meta":{"ngg_post_thumbnail":0,"footnotes":""},"categories":[11909],"tags":[],"aioseo_notices":[],"_links":{"self":[{"href":"https:\/\/blogsaverroes.juntadeandalucia.es\/ceiporomana\/wp-json\/wp\/v2\/posts\/4175"}],"collection":[{"href":"https:\/\/blogsaverroes.juntadeandalucia.es\/ceiporomana\/wp-json\/wp\/v2\/posts"}],"about":[{"href":"https:\/\/blogsaverroes.juntadeandalucia.es\/ceiporomana\/wp-json\/wp\/v2\/types\/post"}],"author":[{"embeddable":true,"href":"https:\/\/blogsaverroes.juntadeandalucia.es\/ceiporomana\/wp-json\/wp\/v2\/users\/13923"}],"replies":[{"embeddable":true,"href":"https:\/\/blogsaverroes.juntadeandalucia.es\/ceiporomana\/wp-json\/wp\/v2\/comments?post=4175"}],"version-history":[{"count":2,"href":"https:\/\/blogsaverroes.juntadeandalucia.es\/ceiporomana\/wp-json\/wp\/v2\/posts\/4175\/revisions"}],"predecessor-version":[{"id":4178,"href":"https:\/\/blogsaverroes.juntadeandalucia.es\/ceiporomana\/wp-json\/wp\/v2\/posts\/4175\/revisions\/4178"}],"wp:attachment":[{"href":"https:\/\/blogsaverroes.juntadeandalucia.es\/ceiporomana\/wp-json\/wp\/v2\/media?parent=4175"}],"wp:term":[{"taxonomy":"category","embeddable":true,"href":"https:\/\/blogsaverroes.juntadeandalucia.es\/ceiporomana\/wp-json\/wp\/v2\/categories?post=4175"},{"taxonomy":"post_tag","embeddable":true,"href":"https:\/\/blogsaverroes.juntadeandalucia.es\/ceiporomana\/wp-json\/wp\/v2\/tags?post=4175"}],"curies":[{"name":"wp","href":"https:\/\/api.w.org\/{rel}","templated":true}]}}