{"id":4180,"date":"2023-02-09T19:30:14","date_gmt":"2023-02-09T18:30:14","guid":{"rendered":"https:\/\/blogsaverroes.juntadeandalucia.es\/ceiporomana\/?p=4180"},"modified":"2023-02-09T20:54:45","modified_gmt":"2023-02-09T19:54:45","slug":"4180","status":"publish","type":"post","link":"https:\/\/blogsaverroes.juntadeandalucia.es\/ceiporomana\/2023\/02\/09\/4180\/","title":{"rendered":"Conocemos a \u00abLola y el jard\u00edn de la infanta\u00bb"},"content":{"rendered":"<p style=\"text-align: justify\">Para celebrar el d\u00eda de Andaluc\u00eda en nuestro centro, durante este mes de febrero vamos a trabajar algunos de los lugares m\u00e1s emblem\u00e1ticos de la ciudad de Sevilla como son el <strong>Parque de Mar\u00eda Luisa<\/strong> o la majestuosa <strong>Plaza de Espa\u00f1a<\/strong>.<\/p>\n<p style=\"text-align: justify\">Para ello, lo vamos a hacer a trav\u00e9s del cuento <strong>\u00abLola y el jard\u00edn de la infanta\u00bb<\/strong>, una tierna historia de una abuela que visita junto a su nieta dichos lugares y le explica cada detalle , an\u00e9cdotas e historia de cada rinc\u00f3n.<\/p>\n<p style=\"text-align: justify\">A nuestro cole llegaron la semana pasada el alcalde de Sevilla en 1927-1930 <strong>D. Nicol\u00e1s D\u00edaz Molero<\/strong> y el arquitecto <strong>D. An\u00edbal Gonz\u00e1lez<\/strong> para explicarnos c\u00f3mo iban a ser construidos y dise\u00f1ados estos dos emblemas de la ciudad de Sevilla.<\/p>\n<p><a href=\"https:\/\/blogsaverroes.juntadeandalucia.es\/ceiporomana\/files\/2023\/02\/WhatsApp-Image-2023-02-02-at-16.16.45.jpeg\"><img loading=\"lazy\" decoding=\"async\" class=\"wp-image-4181 aligncenter\" src=\"https:\/\/blogsaverroes.juntadeandalucia.es\/ceiporomana\/files\/2023\/02\/WhatsApp-Image-2023-02-02-at-16.16.45-300x300.jpeg\" alt=\"\" width=\"386\" height=\"386\" srcset=\"https:\/\/blogsaverroes.juntadeandalucia.es\/ceiporomana\/files\/2023\/02\/WhatsApp-Image-2023-02-02-at-16.16.45-300x300.jpeg 300w, https:\/\/blogsaverroes.juntadeandalucia.es\/ceiporomana\/files\/2023\/02\/WhatsApp-Image-2023-02-02-at-16.16.45-1024x1024.jpeg 1024w, https:\/\/blogsaverroes.juntadeandalucia.es\/ceiporomana\/files\/2023\/02\/WhatsApp-Image-2023-02-02-at-16.16.45-150x150.jpeg 150w, https:\/\/blogsaverroes.juntadeandalucia.es\/ceiporomana\/files\/2023\/02\/WhatsApp-Image-2023-02-02-at-16.16.45-768x768.jpeg 768w, https:\/\/blogsaverroes.juntadeandalucia.es\/ceiporomana\/files\/2023\/02\/WhatsApp-Image-2023-02-02-at-16.16.45-1536x1536.jpeg 1536w, https:\/\/blogsaverroes.juntadeandalucia.es\/ceiporomana\/files\/2023\/02\/WhatsApp-Image-2023-02-02-at-16.16.45-432x432.jpeg 432w, https:\/\/blogsaverroes.juntadeandalucia.es\/ceiporomana\/files\/2023\/02\/WhatsApp-Image-2023-02-02-at-16.16.45-268x268.jpeg 268w, https:\/\/blogsaverroes.juntadeandalucia.es\/ceiporomana\/files\/2023\/02\/WhatsApp-Image-2023-02-02-at-16.16.45-700x700.jpeg 700w, https:\/\/blogsaverroes.juntadeandalucia.es\/ceiporomana\/files\/2023\/02\/WhatsApp-Image-2023-02-02-at-16.16.45.jpeg 1600w\" sizes=\"(max-width: 386px) 100vw, 386px\" \/><\/a>Los chicos y chicas disfrutaron de lo lindo con esta peque\u00f1a actuaci\u00f3n que nos sirve de pistoletazo de salida para comenzar este nuevo proyecto.<\/p>\n<p style=\"text-align: justify\">A finales de este mes todos los cursos de primaria ir\u00e1n a visitar estos lugares y a comprobar todos los conocimientos aprendidos sobre ello.<\/p>\n<p style=\"text-align: justify\">Tambi\u00e9n tendremos el placer de conocer personalmente a la escritora de este cuento, <strong>Roc\u00edo Cansino<\/strong>, para que nos explique m\u00e1s detalles de c\u00f3mo se escribi\u00f3 este precioso cuento que nos va a guiar a lo largo de este mes.<\/p>\n","protected":false},"excerpt":{"rendered":"<p>Para celebrar el d\u00eda de Andaluc\u00eda en nuestro centro, durante este mes de febrero vamos a trabajar algunos de los lugares m\u00e1s emblem\u00e1ticos de la&hellip;<\/p>\n","protected":false},"author":13923,"featured_media":0,"comment_status":"open","ping_status":"open","sticky":false,"template":"","format":"standard","meta":{"ngg_post_thumbnail":0,"footnotes":""},"categories":[213],"tags":[],"aioseo_notices":[],"_links":{"self":[{"href":"https:\/\/blogsaverroes.juntadeandalucia.es\/ceiporomana\/wp-json\/wp\/v2\/posts\/4180"}],"collection":[{"href":"https:\/\/blogsaverroes.juntadeandalucia.es\/ceiporomana\/wp-json\/wp\/v2\/posts"}],"about":[{"href":"https:\/\/blogsaverroes.juntadeandalucia.es\/ceiporomana\/wp-json\/wp\/v2\/types\/post"}],"author":[{"embeddable":true,"href":"https:\/\/blogsaverroes.juntadeandalucia.es\/ceiporomana\/wp-json\/wp\/v2\/users\/13923"}],"replies":[{"embeddable":true,"href":"https:\/\/blogsaverroes.juntadeandalucia.es\/ceiporomana\/wp-json\/wp\/v2\/comments?post=4180"}],"version-history":[{"count":2,"href":"https:\/\/blogsaverroes.juntadeandalucia.es\/ceiporomana\/wp-json\/wp\/v2\/posts\/4180\/revisions"}],"predecessor-version":[{"id":4183,"href":"https:\/\/blogsaverroes.juntadeandalucia.es\/ceiporomana\/wp-json\/wp\/v2\/posts\/4180\/revisions\/4183"}],"wp:attachment":[{"href":"https:\/\/blogsaverroes.juntadeandalucia.es\/ceiporomana\/wp-json\/wp\/v2\/media?parent=4180"}],"wp:term":[{"taxonomy":"category","embeddable":true,"href":"https:\/\/blogsaverroes.juntadeandalucia.es\/ceiporomana\/wp-json\/wp\/v2\/categories?post=4180"},{"taxonomy":"post_tag","embeddable":true,"href":"https:\/\/blogsaverroes.juntadeandalucia.es\/ceiporomana\/wp-json\/wp\/v2\/tags?post=4180"}],"curies":[{"name":"wp","href":"https:\/\/api.w.org\/{rel}","templated":true}]}}