{"id":4370,"date":"2024-02-21T12:38:48","date_gmt":"2024-02-21T11:38:48","guid":{"rendered":"https:\/\/blogsaverroes.juntadeandalucia.es\/ceiporomana\/?p=4370"},"modified":"2024-02-21T12:38:48","modified_gmt":"2024-02-21T11:38:48","slug":"somos-la-leche","status":"publish","type":"post","link":"https:\/\/blogsaverroes.juntadeandalucia.es\/ceiporomana\/2024\/02\/21\/somos-la-leche\/","title":{"rendered":"\u00a1SOMOS LA LECHE!"},"content":{"rendered":"\r\n<p style=\"text-align: justify\">Desde este curso estamos adheridos al <em><strong>\u00abprograma escolar de consumo de leche y\/o otros productos l\u00e1cteos\u00bb<\/strong><\/em><br><br>Uno de los objetivos principales de este programa es promover la ingesta de leche por el alumnado en el centro con la intenci\u00f3n de que normalicen y se habit\u00faen a su consumo.<br><br>Durante los pr\u00f3ximos d\u00edas los lunes, mi\u00e9rcoles y viernes, se repartir\u00e1 entre el alumnado que as\u00ed lo quiera, 5 minutos antes del recreo, leche entera y\/o leche sin lactosa.<br><br>Los alumnos deben traer un <strong>vaso o taza reutilizable con su nombre<\/strong> (evitar cristal y cer\u00e1mica). Si lo desean podr\u00e1n a\u00f1adir a su raci\u00f3n de leche de az\u00facar y\/o cacao que deber\u00e1n traer de casa, as\u00ed como una cucharilla.<br><br>El alumnado intolerante a la lactosa podr\u00e1 tomar leche sin lactosa. El alumnado al\u00e9rgico a la prote\u00edna de leche de vaca (PLV) no podr\u00e1 participar de esta iniciativa y deber\u00e1 evitar el contacto con la leche.<br><br>El reparto de leche se realizar\u00e1 <strong>los lunes, mi\u00e9rcoles y viernes<\/strong> hasta que se agoten las existencias. <strong>Se comenzar\u00e1 la semana posterior al puente de Andaluc\u00eda <\/strong>(29 febrero y 1 de marzo) <strong>que como excepci\u00f3n y al tener dos d\u00edas se repartir\u00e1 la leche jueves y viernes.<\/strong><\/p>\r\n<p>Saludos.<\/p>\r\n<p style=\"text-align: center\"><a href=\"https:\/\/blogsaverroes.juntadeandalucia.es\/ceiporomana\/files\/2024\/02\/Cartel_programa_Ecolar_lacteos-.jpg\"><img loading=\"lazy\" decoding=\"async\" class=\"alignnone size-medium wp-image-4374\" src=\"https:\/\/blogsaverroes.juntadeandalucia.es\/ceiporomana\/files\/2024\/02\/Cartel_programa_Ecolar_lacteos--212x300.jpg\" alt=\"\" width=\"212\" height=\"300\" srcset=\"https:\/\/blogsaverroes.juntadeandalucia.es\/ceiporomana\/files\/2024\/02\/Cartel_programa_Ecolar_lacteos--212x300.jpg 212w, https:\/\/blogsaverroes.juntadeandalucia.es\/ceiporomana\/files\/2024\/02\/Cartel_programa_Ecolar_lacteos--700x990.jpg 700w, https:\/\/blogsaverroes.juntadeandalucia.es\/ceiporomana\/files\/2024\/02\/Cartel_programa_Ecolar_lacteos-.jpg 724w\" sizes=\"(max-width: 212px) 100vw, 212px\" \/><\/a><br><br><\/p>\r\n","protected":false},"excerpt":{"rendered":"<p>Desde este curso estamos adheridos al \u00abprograma escolar de consumo de leche y\/o otros productos l\u00e1cteos\u00bb Uno de los objetivos principales de este programa es&hellip;<\/p>\n","protected":false},"author":13923,"featured_media":0,"comment_status":"open","ping_status":"open","sticky":false,"template":"","format":"image","meta":{"ngg_post_thumbnail":0,"footnotes":""},"categories":[435181,526,11909],"tags":[],"aioseo_notices":[],"_links":{"self":[{"href":"https:\/\/blogsaverroes.juntadeandalucia.es\/ceiporomana\/wp-json\/wp\/v2\/posts\/4370"}],"collection":[{"href":"https:\/\/blogsaverroes.juntadeandalucia.es\/ceiporomana\/wp-json\/wp\/v2\/posts"}],"about":[{"href":"https:\/\/blogsaverroes.juntadeandalucia.es\/ceiporomana\/wp-json\/wp\/v2\/types\/post"}],"author":[{"embeddable":true,"href":"https:\/\/blogsaverroes.juntadeandalucia.es\/ceiporomana\/wp-json\/wp\/v2\/users\/13923"}],"replies":[{"embeddable":true,"href":"https:\/\/blogsaverroes.juntadeandalucia.es\/ceiporomana\/wp-json\/wp\/v2\/comments?post=4370"}],"version-history":[{"count":2,"href":"https:\/\/blogsaverroes.juntadeandalucia.es\/ceiporomana\/wp-json\/wp\/v2\/posts\/4370\/revisions"}],"predecessor-version":[{"id":4375,"href":"https:\/\/blogsaverroes.juntadeandalucia.es\/ceiporomana\/wp-json\/wp\/v2\/posts\/4370\/revisions\/4375"}],"wp:attachment":[{"href":"https:\/\/blogsaverroes.juntadeandalucia.es\/ceiporomana\/wp-json\/wp\/v2\/media?parent=4370"}],"wp:term":[{"taxonomy":"category","embeddable":true,"href":"https:\/\/blogsaverroes.juntadeandalucia.es\/ceiporomana\/wp-json\/wp\/v2\/categories?post=4370"},{"taxonomy":"post_tag","embeddable":true,"href":"https:\/\/blogsaverroes.juntadeandalucia.es\/ceiporomana\/wp-json\/wp\/v2\/tags?post=4370"}],"curies":[{"name":"wp","href":"https:\/\/api.w.org\/{rel}","templated":true}]}}