{"id":4376,"date":"2024-02-21T22:20:37","date_gmt":"2024-02-21T21:20:37","guid":{"rendered":"https:\/\/blogsaverroes.juntadeandalucia.es\/ceiporomana\/?p=4376"},"modified":"2024-02-23T17:37:01","modified_gmt":"2024-02-23T16:37:01","slug":"carnaval-2024","status":"publish","type":"post","link":"https:\/\/blogsaverroes.juntadeandalucia.es\/ceiporomana\/2024\/02\/21\/carnaval-2024\/","title":{"rendered":"Carnaval 2024"},"content":{"rendered":"<p>El pasado viernes 16 se celebramos en nuestro cole el carnaval, que tuvo como colof\u00f3n un gran desfile en el parque cercano.<\/p>\n<p>El alumnado de Educaci\u00f3n Infantil y Aula Coraz\u00f3n se disfraz\u00f3 de tem\u00e1tica medieval mientras que el alumnado de Educaci\u00f3n Primaria lo hizo en alusi\u00f3n a la obra \u00abCharlie y la f\u00e1brica de chocolate\u00bb de Roald Dahl.<\/p>\n<p>Tuvimos el placer de volver a contar con alumnos, alumnas y docentes de la E.I. Los Olivos como espectadores.&nbsp;<\/p>\n<p>Queremos agradecer la colaboraci\u00f3n y dedicaci\u00f3n de las familias que ayudaron tanto a tematizar y decorar&nbsp; el cole como a dinamizar el pasacalles para que fuera todo un \u00e9xito.&nbsp; No queremos tampoco dejar de mencionar a nuestra AMPA, Ampasur, que se implica en todas y cada una de las acciones del cole.<\/p>\n<p>Os dejamos un v\u00eddeo resumen de la jornada:<\/p>\n<p><iframe loading=\"lazy\" title=\"Carnaval Oromana 2024 II\" width=\"843\" height=\"474\" src=\"https:\/\/www.youtube.com\/embed\/vvc3-SmvIZc?feature=oembed\" frameborder=\"0\" allow=\"accelerometer; autoplay; clipboard-write; encrypted-media; gyroscope; picture-in-picture; web-share\" referrerpolicy=\"strict-origin-when-cross-origin\" allowfullscreen><\/iframe><\/p>\n","protected":false},"excerpt":{"rendered":"<p>El pasado viernes 16 se celebramos en nuestro cole el carnaval, que tuvo como colof\u00f3n un gran desfile en el parque cercano. El alumnado de&hellip;<\/p>\n","protected":false},"author":13923,"featured_media":0,"comment_status":"open","ping_status":"open","sticky":false,"template":"","format":"video","meta":{"ngg_post_thumbnail":0,"footnotes":""},"categories":[526,11909],"tags":[],"aioseo_notices":[],"_links":{"self":[{"href":"https:\/\/blogsaverroes.juntadeandalucia.es\/ceiporomana\/wp-json\/wp\/v2\/posts\/4376"}],"collection":[{"href":"https:\/\/blogsaverroes.juntadeandalucia.es\/ceiporomana\/wp-json\/wp\/v2\/posts"}],"about":[{"href":"https:\/\/blogsaverroes.juntadeandalucia.es\/ceiporomana\/wp-json\/wp\/v2\/types\/post"}],"author":[{"embeddable":true,"href":"https:\/\/blogsaverroes.juntadeandalucia.es\/ceiporomana\/wp-json\/wp\/v2\/users\/13923"}],"replies":[{"embeddable":true,"href":"https:\/\/blogsaverroes.juntadeandalucia.es\/ceiporomana\/wp-json\/wp\/v2\/comments?post=4376"}],"version-history":[{"count":3,"href":"https:\/\/blogsaverroes.juntadeandalucia.es\/ceiporomana\/wp-json\/wp\/v2\/posts\/4376\/revisions"}],"predecessor-version":[{"id":4379,"href":"https:\/\/blogsaverroes.juntadeandalucia.es\/ceiporomana\/wp-json\/wp\/v2\/posts\/4376\/revisions\/4379"}],"wp:attachment":[{"href":"https:\/\/blogsaverroes.juntadeandalucia.es\/ceiporomana\/wp-json\/wp\/v2\/media?parent=4376"}],"wp:term":[{"taxonomy":"category","embeddable":true,"href":"https:\/\/blogsaverroes.juntadeandalucia.es\/ceiporomana\/wp-json\/wp\/v2\/categories?post=4376"},{"taxonomy":"post_tag","embeddable":true,"href":"https:\/\/blogsaverroes.juntadeandalucia.es\/ceiporomana\/wp-json\/wp\/v2\/tags?post=4376"}],"curies":[{"name":"wp","href":"https:\/\/api.w.org\/{rel}","templated":true}]}}