{"id":4468,"date":"2024-12-16T23:03:08","date_gmt":"2024-12-16T22:03:08","guid":{"rendered":"https:\/\/blogsaverroes.juntadeandalucia.es\/ceiporomana\/?p=4468"},"modified":"2024-12-16T23:03:08","modified_gmt":"2024-12-16T22:03:08","slug":"25-n-caminando-juntos-somos-invencibles","status":"publish","type":"post","link":"https:\/\/blogsaverroes.juntadeandalucia.es\/ceiporomana\/2024\/12\/16\/25-n-caminando-juntos-somos-invencibles\/","title":{"rendered":"25-N: Caminando juntos somos invencibles"},"content":{"rendered":"<p style=\"text-align: justify\">El pasado lunes <strong>25 de Noviembre<\/strong>, como cada a\u00f1o, ten\u00edamos prevista una marcha y un acto conjunto con los centros educativos de la zona para la celebraci\u00f3n del d\u00eda contra la violencia de g\u00e9nero. Desafortunadamente, las condiciones meteorol\u00f3gicas impidieron el desarrollo de la actividad prevista pero eso no supuso un impedimento para celebrar este d\u00eda en nuestro cole.<\/p>\n<p style=\"text-align: justify\">Nuestros ni\u00f1os y ni\u00f1as se convirtieron en superh\u00e9roes que luchan contra esta injusta realidad a\u00fan imperante en nuestra sociedad. El acto abri\u00f3 con la lectura de un manifiesto por parte de dos alumnos de quinto. Tras esto, cada curso eligi\u00f3 de forma consensuada un poder para luchar contra la violencia de g\u00e9nero. Entre las ingeniosas ideas de nuestro alumnado encontr\u00e1bamos valores en sus escudos de clase como la empat\u00eda, la justicia, el di\u00e1logo, la asertividad\u2026 Tras esto, nuestra jornada concluy\u00f3 con la canci\u00f3n de <strong>\u201cSuperh\u00e9roes\u201d<\/strong> de Beret, que todos cantaron al un\u00edsono con antifaces morados para que nunca nadie m\u00e1s aparte la mirada.<\/p>\n<p style=\"text-align: justify\">Porque no hay mayor superpoder que la palabra, ni mayor superh\u00e9roe que aquel que sabe respetar y escuchar.<\/p>\n<p style=\"text-align: justify\"><strong>\u201c\u00a1Caminando juntos somos invencibles!\u201d<\/strong><\/p>\n<p><iframe loading=\"lazy\" src=\"\/\/player.vimeo.com\/video\/1039814035?title=0&amp;amp;byline=0\" width=\"700\" height=\"576\"><\/iframe><\/p>\n","protected":false},"excerpt":{"rendered":"<p>El pasado lunes 25 de Noviembre, como cada a\u00f1o, ten\u00edamos prevista una marcha y un acto conjunto con los centros educativos de la zona para&hellip;<\/p>\n","protected":false},"author":13923,"featured_media":4469,"comment_status":"open","ping_status":"open","sticky":false,"template":"","format":"standard","meta":{"ngg_post_thumbnail":0,"footnotes":""},"categories":[5991,25490,25494,25495,25496,25498],"tags":[287],"aioseo_notices":[],"_links":{"self":[{"href":"https:\/\/blogsaverroes.juntadeandalucia.es\/ceiporomana\/wp-json\/wp\/v2\/posts\/4468"}],"collection":[{"href":"https:\/\/blogsaverroes.juntadeandalucia.es\/ceiporomana\/wp-json\/wp\/v2\/posts"}],"about":[{"href":"https:\/\/blogsaverroes.juntadeandalucia.es\/ceiporomana\/wp-json\/wp\/v2\/types\/post"}],"author":[{"embeddable":true,"href":"https:\/\/blogsaverroes.juntadeandalucia.es\/ceiporomana\/wp-json\/wp\/v2\/users\/13923"}],"replies":[{"embeddable":true,"href":"https:\/\/blogsaverroes.juntadeandalucia.es\/ceiporomana\/wp-json\/wp\/v2\/comments?post=4468"}],"version-history":[{"count":1,"href":"https:\/\/blogsaverroes.juntadeandalucia.es\/ceiporomana\/wp-json\/wp\/v2\/posts\/4468\/revisions"}],"predecessor-version":[{"id":4470,"href":"https:\/\/blogsaverroes.juntadeandalucia.es\/ceiporomana\/wp-json\/wp\/v2\/posts\/4468\/revisions\/4470"}],"wp:featuredmedia":[{"embeddable":true,"href":"https:\/\/blogsaverroes.juntadeandalucia.es\/ceiporomana\/wp-json\/wp\/v2\/media\/4469"}],"wp:attachment":[{"href":"https:\/\/blogsaverroes.juntadeandalucia.es\/ceiporomana\/wp-json\/wp\/v2\/media?parent=4468"}],"wp:term":[{"taxonomy":"category","embeddable":true,"href":"https:\/\/blogsaverroes.juntadeandalucia.es\/ceiporomana\/wp-json\/wp\/v2\/categories?post=4468"},{"taxonomy":"post_tag","embeddable":true,"href":"https:\/\/blogsaverroes.juntadeandalucia.es\/ceiporomana\/wp-json\/wp\/v2\/tags?post=4468"}],"curies":[{"name":"wp","href":"https:\/\/api.w.org\/{rel}","templated":true}]}}