{"id":4038,"date":"2022-06-02T15:30:57","date_gmt":"2022-06-02T13:30:57","guid":{"rendered":"http:\/\/blogsaverroes.juntadeandalucia.es\/ceippablopicasso\/?p=4038"},"modified":"2022-06-11T11:27:38","modified_gmt":"2022-06-11T09:27:38","slug":"dia-mundial-sin-tabaco","status":"publish","type":"post","link":"https:\/\/blogsaverroes.juntadeandalucia.es\/ceippablopicasso\/dia-mundial-sin-tabaco\/","title":{"rendered":"D\u00eda mundial sin tabaco- 31 de mayo"},"content":{"rendered":"<p>El pasado martes 31 de mayo celebramos el d\u00eda mundial sin tabaco en nuestro colegio.<\/p>\n<p>Tras recomendaci\u00f3n y sugerencias de actividades de nuestra enfermera de referencia, Malula, le expusimos al alumnado de 3\u00ba y 4\u00ba de Primaria un powerpoint sobre las perjuicios del tabaco no s\u00f3lo para las personas que fuman, sino tambi\u00e9n para los que les rodean y medio ambiente.<\/p>\n<p>Es un contenido adaptado a esas edades y que termin\u00f3 con la realizaci\u00f3n de cada ni\u00f1o y ni\u00f1a de dichas clases de un dibujo .<\/p>\n<p>Aqu\u00ed os mostramos los dibujos.<\/p>\n<p><a href=\"https:\/\/blogsaverroes.juntadeandalucia.es\/ceippablopicasso\/files\/2022\/06\/WhatsApp-Image-2022-06-02-at-1.36.01-PM.jpeg\"><img fetchpriority=\"high\" decoding=\"async\" class=\"size-medium wp-image-4039 alignleft\" src=\"https:\/\/blogsaverroes.juntadeandalucia.es\/ceippablopicasso\/files\/2022\/06\/WhatsApp-Image-2022-06-02-at-1.36.01-PM-225x300.jpeg\" alt=\"\" width=\"225\" height=\"300\" srcset=\"https:\/\/blogsaverroes.juntadeandalucia.es\/ceippablopicasso\/files\/2022\/06\/WhatsApp-Image-2022-06-02-at-1.36.01-PM-225x300.jpeg 225w, https:\/\/blogsaverroes.juntadeandalucia.es\/ceippablopicasso\/files\/2022\/06\/WhatsApp-Image-2022-06-02-at-1.36.01-PM-768x1024.jpeg 768w, https:\/\/blogsaverroes.juntadeandalucia.es\/ceippablopicasso\/files\/2022\/06\/WhatsApp-Image-2022-06-02-at-1.36.01-PM-1152x1536.jpeg 1152w, https:\/\/blogsaverroes.juntadeandalucia.es\/ceippablopicasso\/files\/2022\/06\/WhatsApp-Image-2022-06-02-at-1.36.01-PM-700x933.jpeg 700w, https:\/\/blogsaverroes.juntadeandalucia.es\/ceippablopicasso\/files\/2022\/06\/WhatsApp-Image-2022-06-02-at-1.36.01-PM-332x443.jpeg 332w, https:\/\/blogsaverroes.juntadeandalucia.es\/ceippablopicasso\/files\/2022\/06\/WhatsApp-Image-2022-06-02-at-1.36.01-PM.jpeg 1200w\" sizes=\"(max-width: 225px) 100vw, 225px\" \/><\/a> <a href=\"https:\/\/blogsaverroes.juntadeandalucia.es\/ceippablopicasso\/files\/2022\/06\/WhatsApp-Image-2022-06-04-at-8.33.41-AM.jpeg\"><img decoding=\"async\" class=\"size-medium wp-image-4040 alignleft\" src=\"https:\/\/blogsaverroes.juntadeandalucia.es\/ceippablopicasso\/files\/2022\/06\/WhatsApp-Image-2022-06-04-at-8.33.41-AM-300x225.jpeg\" alt=\"\" width=\"300\" height=\"225\" srcset=\"https:\/\/blogsaverroes.juntadeandalucia.es\/ceippablopicasso\/files\/2022\/06\/WhatsApp-Image-2022-06-04-at-8.33.41-AM-300x225.jpeg 300w, https:\/\/blogsaverroes.juntadeandalucia.es\/ceippablopicasso\/files\/2022\/06\/WhatsApp-Image-2022-06-04-at-8.33.41-AM-1024x768.jpeg 1024w, https:\/\/blogsaverroes.juntadeandalucia.es\/ceippablopicasso\/files\/2022\/06\/WhatsApp-Image-2022-06-04-at-8.33.41-AM-768x576.jpeg 768w, https:\/\/blogsaverroes.juntadeandalucia.es\/ceippablopicasso\/files\/2022\/06\/WhatsApp-Image-2022-06-04-at-8.33.41-AM-1536x1152.jpeg 1536w, https:\/\/blogsaverroes.juntadeandalucia.es\/ceippablopicasso\/files\/2022\/06\/WhatsApp-Image-2022-06-04-at-8.33.41-AM-700x525.jpeg 700w, https:\/\/blogsaverroes.juntadeandalucia.es\/ceippablopicasso\/files\/2022\/06\/WhatsApp-Image-2022-06-04-at-8.33.41-AM-332x249.jpeg 332w, https:\/\/blogsaverroes.juntadeandalucia.es\/ceippablopicasso\/files\/2022\/06\/WhatsApp-Image-2022-06-04-at-8.33.41-AM.jpeg 1600w\" sizes=\"(max-width: 300px) 100vw, 300px\" \/><\/a><\/p>\n","protected":false},"excerpt":{"rendered":"<p>El pasado martes 31 de mayo celebramos el d\u00eda mundial sin tabaco en nuestro colegio. Tras recomendaci\u00f3n y sugerencias de actividades de nuestra enfermera de referencia, Malula, le expusimos al alumnado de 3\u00ba y&#46;&#46;&#46;<\/p>\n","protected":false},"author":3441,"featured_media":4040,"comment_status":"open","ping_status":"open","sticky":false,"template":"","format":"standard","meta":{"ngg_post_thumbnail":0,"footnotes":""},"categories":[5991,25495,307420],"tags":[307418],"aioseo_notices":[],"_links":{"self":[{"href":"https:\/\/blogsaverroes.juntadeandalucia.es\/ceippablopicasso\/wp-json\/wp\/v2\/posts\/4038"}],"collection":[{"href":"https:\/\/blogsaverroes.juntadeandalucia.es\/ceippablopicasso\/wp-json\/wp\/v2\/posts"}],"about":[{"href":"https:\/\/blogsaverroes.juntadeandalucia.es\/ceippablopicasso\/wp-json\/wp\/v2\/types\/post"}],"author":[{"embeddable":true,"href":"https:\/\/blogsaverroes.juntadeandalucia.es\/ceippablopicasso\/wp-json\/wp\/v2\/users\/3441"}],"replies":[{"embeddable":true,"href":"https:\/\/blogsaverroes.juntadeandalucia.es\/ceippablopicasso\/wp-json\/wp\/v2\/comments?post=4038"}],"version-history":[{"count":2,"href":"https:\/\/blogsaverroes.juntadeandalucia.es\/ceippablopicasso\/wp-json\/wp\/v2\/posts\/4038\/revisions"}],"predecessor-version":[{"id":4044,"href":"https:\/\/blogsaverroes.juntadeandalucia.es\/ceippablopicasso\/wp-json\/wp\/v2\/posts\/4038\/revisions\/4044"}],"wp:featuredmedia":[{"embeddable":true,"href":"https:\/\/blogsaverroes.juntadeandalucia.es\/ceippablopicasso\/wp-json\/wp\/v2\/media\/4040"}],"wp:attachment":[{"href":"https:\/\/blogsaverroes.juntadeandalucia.es\/ceippablopicasso\/wp-json\/wp\/v2\/media?parent=4038"}],"wp:term":[{"taxonomy":"category","embeddable":true,"href":"https:\/\/blogsaverroes.juntadeandalucia.es\/ceippablopicasso\/wp-json\/wp\/v2\/categories?post=4038"},{"taxonomy":"post_tag","embeddable":true,"href":"https:\/\/blogsaverroes.juntadeandalucia.es\/ceippablopicasso\/wp-json\/wp\/v2\/tags?post=4038"}],"curies":[{"name":"wp","href":"https:\/\/api.w.org\/{rel}","templated":true}]}}