{"id":4107,"date":"2022-06-16T15:30:45","date_gmt":"2022-06-16T13:30:45","guid":{"rendered":"http:\/\/blogsaverroes.juntadeandalucia.es\/ceippablopicasso\/?p=4107"},"modified":"2022-06-17T18:45:11","modified_gmt":"2022-06-17T16:45:11","slug":"picasso-2-0-el-programa-profundiza-llega-a-su-fin","status":"publish","type":"post","link":"https:\/\/blogsaverroes.juntadeandalucia.es\/ceippablopicasso\/picasso-2-0-el-programa-profundiza-llega-a-su-fin\/","title":{"rendered":"Picasso 2.0: El programa profundiza llega a su f\u00edn."},"content":{"rendered":"<p>Durante este curso en nuestro colegio hemos vuelto a desarrollar el proyecto Profundiza.<\/p>\n<p><span style=\"font-weight: 400\">Por segundo curso consecutivo el alumnado de nuestro centro participa en dicho programa. El curso anterior trabajamos y profundizamos sobre nutrici\u00f3n, y este curso se ha querido realizar sobre la figura de Pablo Picasso, autor que da nombre al colegio.<\/span><\/p>\n<p><span style=\"font-weight: 400\">Comenzamos el proyecto all\u00e1 por el mes de marzo con la intenci\u00f3n de conocer la biograf\u00eda de este autor malague\u00f1o, sus obras, sus etapas y por qu\u00e9 no su d\u00eda a d\u00eda. En dicha profundizaci\u00f3n tambi\u00e9n buscamos informaci\u00f3n de la raz\u00f3n por la cual el colegio tiene dicho nombre, y antiguas maestras, directoras y familia en general, junto con este alumnado se pusieron manos a la obra para recopilar todos esos detalles que formar\u00e1n parte de un apartado de la web del centro (Historia). Adem\u00e1s aprendimos a usar diferentes herramientas tecnol\u00f3gicas como Canva o Genially.<\/span><\/p>\n<p><span style=\"font-weight: 400\">Dicho proyecto termin\u00f3 con un trabajo que evidenci\u00f3 todo lo aprendido durante las clases que cada mi\u00e9rcoles por la tarde recib\u00edan e impart\u00edan el alumnado elegido para este curso, junto con los docentes Mar\u00eda Morales Holgado y Carlos Cabral Herrera.&nbsp;<\/span><\/p>\n<p><span style=\"font-weight: 400\">Terminamos recibiendo varias sesiones de pintura de Indra Ru\u00edz Moreno , artista jerezana de reconocido prestigio y due\u00f1a de Moar\u00e9 Taller de arte. En esas clases de pintura aprendimos diferentes t\u00e9cnicas, y realizamos r\u00e9plicas de los cuadros m\u00e1s representativos de este autor universal.&nbsp;<\/span><\/p>\n<p><span style=\"font-weight: 400\">Los cuadros que hemos realizado son:<\/span><\/p>\n<p><span style=\"font-weight: 400\">Acr\u00f3bata azul (1929), Cabeza de mujer (1939), La cabeza de una mujer (1924), Cabeza de mujer (1967), Los dos saltimbanquis (1901), Cabeza de mujer durmiendo (1907), Arlequ\u00edn pensativo (1901), Paul vestido de arlequ\u00edn (1924), Cuenco de frutas y guitarra (1929), Ni\u00f1a con flor, Joven dormida (1935), Retrato de Dora Maar (1937) y Cr\u00e1neo, libro y l\u00e1mpara de aceite (1946).<\/span><\/p>\n<p><span style=\"font-weight: 400\">Estos cuadros formar\u00e1n parte de una peque\u00f1a pinacoteca que se podr\u00e1 disfrutar en las instalaciones del centro.<\/span><\/p>\n<p><span style=\"font-weight: 400\">El reto no terminaba ah\u00ed y como buen pastel hab\u00eda que ponerle la guinda, desde el centro quer\u00edamos dejar una evidencia m\u00e1s contundente, m\u00e1s grande, quer\u00edamos pintar el Guernica (1937) en una de las paredes del recreo. No encontr\u00e1bamos ninguna reproducci\u00f3n de este cuadro en internet con la suficiente calidad como para ser copiada, y nos pusimos en contacto con el Museo Reina Sof\u00eda donde est\u00e1 este majestuoso cuadro, y desde el primer momento fueron facilidades y nos hicieron llegar al centro la imagen de dicho cuadro con mucha calidad, asunto que propici\u00f3 que el alumnado pudiera realizar en pared la r\u00e9plica de este trabajo de Picasso.<\/span><\/p>\n<p><span style=\"font-weight: 400\">Con el asesoramiento y la tutorizaci\u00f3n de Indra Ru\u00edz Moreno se realiz\u00f3 un reajuste crom\u00e1tico del cuadro, y llenamos de color el Guernica, un trabajo atrevido y valiente con un resultado espectacular que quedar\u00e1 en el patio del recreo de nuestro colegio presidiendo y dando valor al autor de dicha obra: Pablo Picasso. Agradecemos a su vez la aportaci\u00f3n del maestro Jos\u00e9 Lu\u00eds, de la maestra Pilar, de Paco el portero, y la generosidad de Gertrudis, nuestra directora, en pos del funcionamiento del programa.<\/span><\/p>\n<p><span style=\"font-weight: 400\">Las obras podr\u00e1n ser visualizadas por el alumnado y por toda la comunidad educativa en los pr\u00f3ximos d\u00edas, siguiendo el protocolo COVID.<\/span><\/p>\n<p><span style=\"font-weight: 400\"><a href=\"https:\/\/blogsaverroes.juntadeandalucia.es\/ceippablopicasso\/files\/2022\/06\/guernika.jpg\"><img fetchpriority=\"high\" decoding=\"async\" class=\"aligncenter size-medium wp-image-4108\" src=\"https:\/\/blogsaverroes.juntadeandalucia.es\/ceippablopicasso\/files\/2022\/06\/guernika-300x225.jpg\" alt=\"\" width=\"300\" height=\"225\" srcset=\"https:\/\/blogsaverroes.juntadeandalucia.es\/ceippablopicasso\/files\/2022\/06\/guernika-300x225.jpg 300w, https:\/\/blogsaverroes.juntadeandalucia.es\/ceippablopicasso\/files\/2022\/06\/guernika-1024x768.jpg 1024w, https:\/\/blogsaverroes.juntadeandalucia.es\/ceippablopicasso\/files\/2022\/06\/guernika-768x576.jpg 768w, https:\/\/blogsaverroes.juntadeandalucia.es\/ceippablopicasso\/files\/2022\/06\/guernika-700x525.jpg 700w, https:\/\/blogsaverroes.juntadeandalucia.es\/ceippablopicasso\/files\/2022\/06\/guernika-332x249.jpg 332w, https:\/\/blogsaverroes.juntadeandalucia.es\/ceippablopicasso\/files\/2022\/06\/guernika.jpg 1280w\" sizes=\"(max-width: 300px) 100vw, 300px\" \/><\/a> <a href=\"https:\/\/blogsaverroes.juntadeandalucia.es\/ceippablopicasso\/files\/2022\/06\/pinacoteca-1.jpg\"><img decoding=\"async\" class=\"aligncenter size-medium wp-image-4109\" src=\"https:\/\/blogsaverroes.juntadeandalucia.es\/ceippablopicasso\/files\/2022\/06\/pinacoteca-1-300x225.jpg\" alt=\"\" width=\"300\" height=\"225\" srcset=\"https:\/\/blogsaverroes.juntadeandalucia.es\/ceippablopicasso\/files\/2022\/06\/pinacoteca-1-300x225.jpg 300w, https:\/\/blogsaverroes.juntadeandalucia.es\/ceippablopicasso\/files\/2022\/06\/pinacoteca-1-1024x768.jpg 1024w, https:\/\/blogsaverroes.juntadeandalucia.es\/ceippablopicasso\/files\/2022\/06\/pinacoteca-1-768x576.jpg 768w, https:\/\/blogsaverroes.juntadeandalucia.es\/ceippablopicasso\/files\/2022\/06\/pinacoteca-1-700x525.jpg 700w, https:\/\/blogsaverroes.juntadeandalucia.es\/ceippablopicasso\/files\/2022\/06\/pinacoteca-1-332x249.jpg 332w, https:\/\/blogsaverroes.juntadeandalucia.es\/ceippablopicasso\/files\/2022\/06\/pinacoteca-1.jpg 1280w\" sizes=\"(max-width: 300px) 100vw, 300px\" \/><\/a> <a href=\"https:\/\/blogsaverroes.juntadeandalucia.es\/ceippablopicasso\/files\/2022\/06\/pinacoteca-2.jpg\"><img decoding=\"async\" class=\"aligncenter size-medium wp-image-4110\" src=\"https:\/\/blogsaverroes.juntadeandalucia.es\/ceippablopicasso\/files\/2022\/06\/pinacoteca-2-300x225.jpg\" alt=\"\" width=\"300\" height=\"225\" srcset=\"https:\/\/blogsaverroes.juntadeandalucia.es\/ceippablopicasso\/files\/2022\/06\/pinacoteca-2-300x225.jpg 300w, https:\/\/blogsaverroes.juntadeandalucia.es\/ceippablopicasso\/files\/2022\/06\/pinacoteca-2-1024x768.jpg 1024w, https:\/\/blogsaverroes.juntadeandalucia.es\/ceippablopicasso\/files\/2022\/06\/pinacoteca-2-768x576.jpg 768w, https:\/\/blogsaverroes.juntadeandalucia.es\/ceippablopicasso\/files\/2022\/06\/pinacoteca-2-700x525.jpg 700w, https:\/\/blogsaverroes.juntadeandalucia.es\/ceippablopicasso\/files\/2022\/06\/pinacoteca-2-332x249.jpg 332w, https:\/\/blogsaverroes.juntadeandalucia.es\/ceippablopicasso\/files\/2022\/06\/pinacoteca-2.jpg 1280w\" sizes=\"(max-width: 300px) 100vw, 300px\" \/><\/a><br \/>\n<\/span><\/p>\n","protected":false},"excerpt":{"rendered":"<p>Durante este curso en nuestro colegio hemos vuelto a desarrollar el proyecto Profundiza. Por segundo curso consecutivo el alumnado de nuestro centro participa en dicho programa. El curso anterior trabajamos y profundizamos sobre nutrici\u00f3n,&#46;&#46;&#46;<\/p>\n","protected":false},"author":3441,"featured_media":4108,"comment_status":"open","ping_status":"open","sticky":false,"template":"","format":"standard","meta":{"ngg_post_thumbnail":0,"footnotes":""},"categories":[307419],"tags":[307431],"aioseo_notices":[],"_links":{"self":[{"href":"https:\/\/blogsaverroes.juntadeandalucia.es\/ceippablopicasso\/wp-json\/wp\/v2\/posts\/4107"}],"collection":[{"href":"https:\/\/blogsaverroes.juntadeandalucia.es\/ceippablopicasso\/wp-json\/wp\/v2\/posts"}],"about":[{"href":"https:\/\/blogsaverroes.juntadeandalucia.es\/ceippablopicasso\/wp-json\/wp\/v2\/types\/post"}],"author":[{"embeddable":true,"href":"https:\/\/blogsaverroes.juntadeandalucia.es\/ceippablopicasso\/wp-json\/wp\/v2\/users\/3441"}],"replies":[{"embeddable":true,"href":"https:\/\/blogsaverroes.juntadeandalucia.es\/ceippablopicasso\/wp-json\/wp\/v2\/comments?post=4107"}],"version-history":[{"count":4,"href":"https:\/\/blogsaverroes.juntadeandalucia.es\/ceippablopicasso\/wp-json\/wp\/v2\/posts\/4107\/revisions"}],"predecessor-version":[{"id":4129,"href":"https:\/\/blogsaverroes.juntadeandalucia.es\/ceippablopicasso\/wp-json\/wp\/v2\/posts\/4107\/revisions\/4129"}],"wp:featuredmedia":[{"embeddable":true,"href":"https:\/\/blogsaverroes.juntadeandalucia.es\/ceippablopicasso\/wp-json\/wp\/v2\/media\/4108"}],"wp:attachment":[{"href":"https:\/\/blogsaverroes.juntadeandalucia.es\/ceippablopicasso\/wp-json\/wp\/v2\/media?parent=4107"}],"wp:term":[{"taxonomy":"category","embeddable":true,"href":"https:\/\/blogsaverroes.juntadeandalucia.es\/ceippablopicasso\/wp-json\/wp\/v2\/categories?post=4107"},{"taxonomy":"post_tag","embeddable":true,"href":"https:\/\/blogsaverroes.juntadeandalucia.es\/ceippablopicasso\/wp-json\/wp\/v2\/tags?post=4107"}],"curies":[{"name":"wp","href":"https:\/\/api.w.org\/{rel}","templated":true}]}}