{"id":4540,"date":"2022-11-30T15:30:31","date_gmt":"2022-11-30T13:30:31","guid":{"rendered":"http:\/\/blogsaverroes.juntadeandalucia.es\/ceippablopicasso\/?p=4540"},"modified":"2022-11-30T17:56:42","modified_gmt":"2022-11-30T15:56:42","slug":"video-montaje-de-depende-de-los-dos","status":"publish","type":"post","link":"https:\/\/blogsaverroes.juntadeandalucia.es\/ceippablopicasso\/video-montaje-de-depende-de-los-dos\/","title":{"rendered":"Video montaje de Depende de los dos"},"content":{"rendered":"<p>Alrededor de la efem\u00e9ride del 25 de noviembre, d\u00eda contra la violencia de g\u00e9nero, en nuestro colegio estuvimos trabajando diferentes asuntos, aunque el tema central fue el proyecto \u00abDepende de los dos\u00bb.<\/p>\n<p>Y el d\u00eda en cuesti\u00f3n realizamos un baile al respecto, y los d\u00edas previos cada curso grab\u00f3 en video una parte del video clips de dicha canci\u00f3n.<\/p>\n<p>Y he aqu\u00ed el resultado.<\/p>\n<p><iframe title=\"Depende de los dos (25N 2022)\" width=\"500\" height=\"281\" src=\"https:\/\/www.youtube.com\/embed\/zyvy_jZHWqs?feature=oembed&#038;wmode=opaque\" frameborder=\"0\" allow=\"accelerometer; autoplay; clipboard-write; encrypted-media; gyroscope; picture-in-picture; web-share\" referrerpolicy=\"strict-origin-when-cross-origin\" allowfullscreen><\/iframe><\/p>\n","protected":false},"excerpt":{"rendered":"<p>Alrededor de la efem\u00e9ride del 25 de noviembre, d\u00eda contra la violencia de g\u00e9nero, en nuestro colegio estuvimos trabajando diferentes asuntos, aunque el tema central fue el proyecto \u00abDepende de los dos\u00bb. Y el&#46;&#46;&#46;<\/p>\n","protected":false},"author":3441,"featured_media":4528,"comment_status":"open","ping_status":"open","sticky":false,"template":"","format":"standard","meta":{"ngg_post_thumbnail":0,"footnotes":""},"categories":[307420,307424],"tags":[307418,307414],"aioseo_notices":[],"_links":{"self":[{"href":"https:\/\/blogsaverroes.juntadeandalucia.es\/ceippablopicasso\/wp-json\/wp\/v2\/posts\/4540"}],"collection":[{"href":"https:\/\/blogsaverroes.juntadeandalucia.es\/ceippablopicasso\/wp-json\/wp\/v2\/posts"}],"about":[{"href":"https:\/\/blogsaverroes.juntadeandalucia.es\/ceippablopicasso\/wp-json\/wp\/v2\/types\/post"}],"author":[{"embeddable":true,"href":"https:\/\/blogsaverroes.juntadeandalucia.es\/ceippablopicasso\/wp-json\/wp\/v2\/users\/3441"}],"replies":[{"embeddable":true,"href":"https:\/\/blogsaverroes.juntadeandalucia.es\/ceippablopicasso\/wp-json\/wp\/v2\/comments?post=4540"}],"version-history":[{"count":2,"href":"https:\/\/blogsaverroes.juntadeandalucia.es\/ceippablopicasso\/wp-json\/wp\/v2\/posts\/4540\/revisions"}],"predecessor-version":[{"id":4542,"href":"https:\/\/blogsaverroes.juntadeandalucia.es\/ceippablopicasso\/wp-json\/wp\/v2\/posts\/4540\/revisions\/4542"}],"wp:featuredmedia":[{"embeddable":true,"href":"https:\/\/blogsaverroes.juntadeandalucia.es\/ceippablopicasso\/wp-json\/wp\/v2\/media\/4528"}],"wp:attachment":[{"href":"https:\/\/blogsaverroes.juntadeandalucia.es\/ceippablopicasso\/wp-json\/wp\/v2\/media?parent=4540"}],"wp:term":[{"taxonomy":"category","embeddable":true,"href":"https:\/\/blogsaverroes.juntadeandalucia.es\/ceippablopicasso\/wp-json\/wp\/v2\/categories?post=4540"},{"taxonomy":"post_tag","embeddable":true,"href":"https:\/\/blogsaverroes.juntadeandalucia.es\/ceippablopicasso\/wp-json\/wp\/v2\/tags?post=4540"}],"curies":[{"name":"wp","href":"https:\/\/api.w.org\/{rel}","templated":true}]}}