{"id":4639,"date":"2022-12-24T09:30:41","date_gmt":"2022-12-24T07:30:41","guid":{"rendered":"http:\/\/blogsaverroes.juntadeandalucia.es\/ceippablopicasso\/?p=4639"},"modified":"2022-12-24T14:05:59","modified_gmt":"2022-12-24T12:05:59","slug":"jornada-de-villancicos","status":"publish","type":"post","link":"https:\/\/blogsaverroes.juntadeandalucia.es\/ceippablopicasso\/jornada-de-villancicos\/","title":{"rendered":"Jornada de villancicos"},"content":{"rendered":"<p>El viernes tuvimos en nuestro centro el fin de trimestre, y quer\u00edamos realizarlo con los villancicos y el teatro que se hab\u00edan preparado desde el \u00e1rea de m\u00fasica.<\/p>\n<p>Antes del recreo repetimos lo mismo que realizamos el d\u00eda antes para las familias: Villancicos de infantil, 1er ciclo, y teatro de 2\u00ba ciclo.<\/p>\n<p><a href=\"https:\/\/blogsaverroes.juntadeandalucia.es\/ceippablopicasso\/files\/2022\/12\/villancico-18.jpg\"><img fetchpriority=\"high\" decoding=\"async\" class=\"size-medium wp-image-4641 alignleft\" src=\"https:\/\/blogsaverroes.juntadeandalucia.es\/ceippablopicasso\/files\/2022\/12\/villancico-18-300x169.jpg\" alt=\"\" width=\"300\" height=\"169\" srcset=\"https:\/\/blogsaverroes.juntadeandalucia.es\/ceippablopicasso\/files\/2022\/12\/villancico-18-300x169.jpg 300w, https:\/\/blogsaverroes.juntadeandalucia.es\/ceippablopicasso\/files\/2022\/12\/villancico-18-1024x576.jpg 1024w, https:\/\/blogsaverroes.juntadeandalucia.es\/ceippablopicasso\/files\/2022\/12\/villancico-18-768x432.jpg 768w, https:\/\/blogsaverroes.juntadeandalucia.es\/ceippablopicasso\/files\/2022\/12\/villancico-18-700x393.jpg 700w, https:\/\/blogsaverroes.juntadeandalucia.es\/ceippablopicasso\/files\/2022\/12\/villancico-18.jpg 1280w\" sizes=\"(max-width: 300px) 100vw, 300px\" \/><\/a><a href=\"https:\/\/blogsaverroes.juntadeandalucia.es\/ceippablopicasso\/files\/2022\/12\/villancico-20.jpg\"><img decoding=\"async\" class=\"size-medium wp-image-4642 alignleft\" src=\"https:\/\/blogsaverroes.juntadeandalucia.es\/ceippablopicasso\/files\/2022\/12\/villancico-19-300x225.jpg\" alt=\"\" width=\"300\" height=\"225\" srcset=\"https:\/\/blogsaverroes.juntadeandalucia.es\/ceippablopicasso\/files\/2022\/12\/villancico-19-300x225.jpg 300w, https:\/\/blogsaverroes.juntadeandalucia.es\/ceippablopicasso\/files\/2022\/12\/villancico-19-1024x768.jpg 1024w, https:\/\/blogsaverroes.juntadeandalucia.es\/ceippablopicasso\/files\/2022\/12\/villancico-19-768x576.jpg 768w, https:\/\/blogsaverroes.juntadeandalucia.es\/ceippablopicasso\/files\/2022\/12\/villancico-19-700x525.jpg 700w, https:\/\/blogsaverroes.juntadeandalucia.es\/ceippablopicasso\/files\/2022\/12\/villancico-19.jpg 1280w\" sizes=\"(max-width: 300px) 100vw, 300px\" \/><img decoding=\"async\" class=\"aligncenter size-medium wp-image-4645\" src=\"https:\/\/blogsaverroes.juntadeandalucia.es\/ceippablopicasso\/files\/2022\/12\/villancico-14-225x300.jpg\" alt=\"\" width=\"225\" height=\"300\" srcset=\"https:\/\/blogsaverroes.juntadeandalucia.es\/ceippablopicasso\/files\/2022\/12\/villancico-14-225x300.jpg 225w, https:\/\/blogsaverroes.juntadeandalucia.es\/ceippablopicasso\/files\/2022\/12\/villancico-14-700x933.jpg 700w, https:\/\/blogsaverroes.juntadeandalucia.es\/ceippablopicasso\/files\/2022\/12\/villancico-14.jpg 768w\" sizes=\"(max-width: 225px) 100vw, 225px\" \/><img loading=\"lazy\" decoding=\"async\" class=\"aligncenter size-medium wp-image-4640\" src=\"https:\/\/blogsaverroes.juntadeandalucia.es\/ceippablopicasso\/files\/2022\/12\/villancico-20-300x225.jpg\" alt=\"\" width=\"300\" height=\"225\" srcset=\"https:\/\/blogsaverroes.juntadeandalucia.es\/ceippablopicasso\/files\/2022\/12\/villancico-20-300x225.jpg 300w, https:\/\/blogsaverroes.juntadeandalucia.es\/ceippablopicasso\/files\/2022\/12\/villancico-20-1024x766.jpg 1024w, https:\/\/blogsaverroes.juntadeandalucia.es\/ceippablopicasso\/files\/2022\/12\/villancico-20-768x575.jpg 768w, https:\/\/blogsaverroes.juntadeandalucia.es\/ceippablopicasso\/files\/2022\/12\/villancico-20-700x524.jpg 700w, https:\/\/blogsaverroes.juntadeandalucia.es\/ceippablopicasso\/files\/2022\/12\/villancico-20.jpg 1280w\" sizes=\"(max-width: 300px) 100vw, 300px\" \/><\/a><a href=\"https:\/\/blogsaverroes.juntadeandalucia.es\/ceippablopicasso\/files\/2022\/12\/villancico-16.jpg\"><img loading=\"lazy\" decoding=\"async\" class=\" wp-image-4643 alignleft\" src=\"https:\/\/blogsaverroes.juntadeandalucia.es\/ceippablopicasso\/files\/2022\/12\/villancico-16-300x225.jpg\" alt=\"\" width=\"275\" height=\"209\"\/><\/a> <img loading=\"lazy\" decoding=\"async\" class=\"aligncenter size-medium wp-image-4648\" src=\"https:\/\/blogsaverroes.juntadeandalucia.es\/ceippablopicasso\/files\/2022\/12\/villancico-11-300x225.jpg\" alt=\"\" width=\"300\" height=\"225\" srcset=\"https:\/\/blogsaverroes.juntadeandalucia.es\/ceippablopicasso\/files\/2022\/12\/villancico-11-300x225.jpg 300w, https:\/\/blogsaverroes.juntadeandalucia.es\/ceippablopicasso\/files\/2022\/12\/villancico-11-768x576.jpg 768w, https:\/\/blogsaverroes.juntadeandalucia.es\/ceippablopicasso\/files\/2022\/12\/villancico-11-700x525.jpg 700w, https:\/\/blogsaverroes.juntadeandalucia.es\/ceippablopicasso\/files\/2022\/12\/villancico-11.jpg 1024w\" sizes=\"(max-width: 300px) 100vw, 300px\" \/><img loading=\"lazy\" decoding=\"async\" class=\"size-medium wp-image-4649 alignleft\" src=\"https:\/\/blogsaverroes.juntadeandalucia.es\/ceippablopicasso\/files\/2022\/12\/villancico-10-300x225.jpg\" alt=\"\" width=\"300\" height=\"225\" srcset=\"https:\/\/blogsaverroes.juntadeandalucia.es\/ceippablopicasso\/files\/2022\/12\/villancico-10-300x225.jpg 300w, https:\/\/blogsaverroes.juntadeandalucia.es\/ceippablopicasso\/files\/2022\/12\/villancico-10-768x576.jpg 768w, https:\/\/blogsaverroes.juntadeandalucia.es\/ceippablopicasso\/files\/2022\/12\/villancico-10-700x525.jpg 700w, https:\/\/blogsaverroes.juntadeandalucia.es\/ceippablopicasso\/files\/2022\/12\/villancico-10.jpg 1024w\" sizes=\"(max-width: 300px) 100vw, 300px\" \/><img loading=\"lazy\" decoding=\"async\" class=\" wp-image-4650 alignleft\" src=\"https:\/\/blogsaverroes.juntadeandalucia.es\/ceippablopicasso\/files\/2022\/12\/villancico-9-225x300.jpg\" alt=\"\" width=\"169\" height=\"225\" srcset=\"https:\/\/blogsaverroes.juntadeandalucia.es\/ceippablopicasso\/files\/2022\/12\/villancico-9-225x300.jpg 225w, https:\/\/blogsaverroes.juntadeandalucia.es\/ceippablopicasso\/files\/2022\/12\/villancico-9-700x933.jpg 700w, https:\/\/blogsaverroes.juntadeandalucia.es\/ceippablopicasso\/files\/2022\/12\/villancico-9.jpg 768w\" sizes=\"(max-width: 169px) 100vw, 169px\" \/><img loading=\"lazy\" decoding=\"async\" class=\"size-medium wp-image-4646 alignleft\" src=\"https:\/\/blogsaverroes.juntadeandalucia.es\/ceippablopicasso\/files\/2022\/12\/villancico-13-225x300.jpg\" alt=\"\" width=\"225\" height=\"300\" srcset=\"https:\/\/blogsaverroes.juntadeandalucia.es\/ceippablopicasso\/files\/2022\/12\/villancico-13-225x300.jpg 225w, https:\/\/blogsaverroes.juntadeandalucia.es\/ceippablopicasso\/files\/2022\/12\/villancico-13-700x933.jpg 700w, https:\/\/blogsaverroes.juntadeandalucia.es\/ceippablopicasso\/files\/2022\/12\/villancico-13.jpg 768w\" sizes=\"(max-width: 225px) 100vw, 225px\" \/><img loading=\"lazy\" decoding=\"async\" class=\"size-medium wp-image-4653 alignleft\" src=\"https:\/\/blogsaverroes.juntadeandalucia.es\/ceippablopicasso\/files\/2022\/12\/villancico-5-225x300.jpg\" alt=\"\" width=\"225\" height=\"300\" srcset=\"https:\/\/blogsaverroes.juntadeandalucia.es\/ceippablopicasso\/files\/2022\/12\/villancico-5-225x300.jpg 225w, https:\/\/blogsaverroes.juntadeandalucia.es\/ceippablopicasso\/files\/2022\/12\/villancico-5-700x933.jpg 700w, https:\/\/blogsaverroes.juntadeandalucia.es\/ceippablopicasso\/files\/2022\/12\/villancico-5.jpg 768w\" sizes=\"(max-width: 225px) 100vw, 225px\" \/><img loading=\"lazy\" decoding=\"async\" class=\" wp-image-4651 alignleft\" src=\"https:\/\/blogsaverroes.juntadeandalucia.es\/ceippablopicasso\/files\/2022\/12\/villancico-6-300x225.jpg\" alt=\"\" width=\"204\" height=\"153\" srcset=\"https:\/\/blogsaverroes.juntadeandalucia.es\/ceippablopicasso\/files\/2022\/12\/villancico-6-300x225.jpg 300w, https:\/\/blogsaverroes.juntadeandalucia.es\/ceippablopicasso\/files\/2022\/12\/villancico-6-768x576.jpg 768w, https:\/\/blogsaverroes.juntadeandalucia.es\/ceippablopicasso\/files\/2022\/12\/villancico-6-700x525.jpg 700w, https:\/\/blogsaverroes.juntadeandalucia.es\/ceippablopicasso\/files\/2022\/12\/villancico-6.jpg 1024w\" sizes=\"(max-width: 204px) 100vw, 204px\" \/><img loading=\"lazy\" decoding=\"async\" class=\"aligncenter size-medium wp-image-4657\" src=\"https:\/\/blogsaverroes.juntadeandalucia.es\/ceippablopicasso\/files\/2022\/12\/villancico-4-300x169.jpg\" alt=\"\" width=\"300\" height=\"169\" srcset=\"https:\/\/blogsaverroes.juntadeandalucia.es\/ceippablopicasso\/files\/2022\/12\/villancico-4-300x169.jpg 300w, https:\/\/blogsaverroes.juntadeandalucia.es\/ceippablopicasso\/files\/2022\/12\/villancico-4-1024x576.jpg 1024w, https:\/\/blogsaverroes.juntadeandalucia.es\/ceippablopicasso\/files\/2022\/12\/villancico-4-768x432.jpg 768w, https:\/\/blogsaverroes.juntadeandalucia.es\/ceippablopicasso\/files\/2022\/12\/villancico-4-700x393.jpg 700w, https:\/\/blogsaverroes.juntadeandalucia.es\/ceippablopicasso\/files\/2022\/12\/villancico-4.jpg 1280w\" sizes=\"(max-width: 300px) 100vw, 300px\" \/><img loading=\"lazy\" decoding=\"async\" class=\"size-medium wp-image-4658 alignleft\" src=\"https:\/\/blogsaverroes.juntadeandalucia.es\/ceippablopicasso\/files\/2022\/12\/villancico-2-225x300.jpg\" alt=\"\" width=\"225\" height=\"300\" srcset=\"https:\/\/blogsaverroes.juntadeandalucia.es\/ceippablopicasso\/files\/2022\/12\/villancico-2-225x300.jpg 225w, https:\/\/blogsaverroes.juntadeandalucia.es\/ceippablopicasso\/files\/2022\/12\/villancico-2-768x1024.jpg 768w, https:\/\/blogsaverroes.juntadeandalucia.es\/ceippablopicasso\/files\/2022\/12\/villancico-2-700x933.jpg 700w, https:\/\/blogsaverroes.juntadeandalucia.es\/ceippablopicasso\/files\/2022\/12\/villancico-2.jpg 960w\" sizes=\"(max-width: 225px) 100vw, 225px\" \/><img loading=\"lazy\" decoding=\"async\" class=\"aligncenter size-medium wp-image-4654\" src=\"https:\/\/blogsaverroes.juntadeandalucia.es\/ceippablopicasso\/files\/2022\/12\/villancico-8-225x300.jpg\" alt=\"\" width=\"225\" height=\"300\" srcset=\"https:\/\/blogsaverroes.juntadeandalucia.es\/ceippablopicasso\/files\/2022\/12\/villancico-8-225x300.jpg 225w, https:\/\/blogsaverroes.juntadeandalucia.es\/ceippablopicasso\/files\/2022\/12\/villancico-8-700x933.jpg 700w, https:\/\/blogsaverroes.juntadeandalucia.es\/ceippablopicasso\/files\/2022\/12\/villancico-8.jpg 768w\" sizes=\"(max-width: 225px) 100vw, 225px\" \/><\/p>\n<p>Subimos a nuestras clases a realizar la convivencia con las tutor\u00edas, y desde el claustro del profesorado quisimos homenajear a nuestra compa\u00f1era Cristina S\u00e1nchez tutora de 2\u00ba que por motivos personales se nos va. Vamos a notar tu ausencia compa\u00f1era, que te vaya bonito.<\/p>\n<p><a href=\"https:\/\/blogsaverroes.juntadeandalucia.es\/ceippablopicasso\/files\/2022\/12\/2022-12-24-13.04.04.jpg\"><img loading=\"lazy\" decoding=\"async\" class=\"aligncenter size-medium wp-image-4667\" src=\"https:\/\/blogsaverroes.juntadeandalucia.es\/ceippablopicasso\/files\/2022\/12\/2022-12-24-13.04.04-300x166.jpg\" alt=\"\" width=\"300\" height=\"166\" srcset=\"https:\/\/blogsaverroes.juntadeandalucia.es\/ceippablopicasso\/files\/2022\/12\/2022-12-24-13.04.04-300x166.jpg 300w, https:\/\/blogsaverroes.juntadeandalucia.es\/ceippablopicasso\/files\/2022\/12\/2022-12-24-13.04.04-768x424.jpg 768w, https:\/\/blogsaverroes.juntadeandalucia.es\/ceippablopicasso\/files\/2022\/12\/2022-12-24-13.04.04-700x386.jpg 700w, https:\/\/blogsaverroes.juntadeandalucia.es\/ceippablopicasso\/files\/2022\/12\/2022-12-24-13.04.04.jpg 828w\" sizes=\"(max-width: 300px) 100vw, 300px\" \/><\/a><\/p>\n<p>Volvimos sobre las 12 al sal\u00f3n de actos del colegio para realizar los villancicos de 3\u00ba, 4\u00ba, 5\u00ba, 6\u00ba, 1\u00ba y 2\u00ba de secundaria.<\/p>\n<p><a href=\"https:\/\/blogsaverroes.juntadeandalucia.es\/ceippablopicasso\/files\/2022\/12\/villancico-1-1.jpg\"><img loading=\"lazy\" decoding=\"async\" class=\"size-medium wp-image-4662 alignleft\" src=\"https:\/\/blogsaverroes.juntadeandalucia.es\/ceippablopicasso\/files\/2022\/12\/villancico-1-1-300x169.jpg\" alt=\"\" width=\"300\" height=\"169\" srcset=\"https:\/\/blogsaverroes.juntadeandalucia.es\/ceippablopicasso\/files\/2022\/12\/villancico-1-1-300x169.jpg 300w, https:\/\/blogsaverroes.juntadeandalucia.es\/ceippablopicasso\/files\/2022\/12\/villancico-1-1-1024x576.jpg 1024w, https:\/\/blogsaverroes.juntadeandalucia.es\/ceippablopicasso\/files\/2022\/12\/villancico-1-1-768x432.jpg 768w, https:\/\/blogsaverroes.juntadeandalucia.es\/ceippablopicasso\/files\/2022\/12\/villancico-1-1-700x393.jpg 700w, https:\/\/blogsaverroes.juntadeandalucia.es\/ceippablopicasso\/files\/2022\/12\/villancico-1-1.jpg 1280w\" sizes=\"(max-width: 300px) 100vw, 300px\" \/><\/a> <a href=\"https:\/\/blogsaverroes.juntadeandalucia.es\/ceippablopicasso\/files\/2022\/12\/6\u00ba-1.jpg\"><img loading=\"lazy\" decoding=\"async\" class=\"aligncenter size-medium wp-image-4663\" src=\"https:\/\/blogsaverroes.juntadeandalucia.es\/ceippablopicasso\/files\/2022\/12\/6\u00ba-1-300x225.jpg\" alt=\"\" width=\"300\" height=\"225\" srcset=\"https:\/\/blogsaverroes.juntadeandalucia.es\/ceippablopicasso\/files\/2022\/12\/6\u00ba-1-300x225.jpg 300w, https:\/\/blogsaverroes.juntadeandalucia.es\/ceippablopicasso\/files\/2022\/12\/6\u00ba-1-1024x768.jpg 1024w, https:\/\/blogsaverroes.juntadeandalucia.es\/ceippablopicasso\/files\/2022\/12\/6\u00ba-1-768x576.jpg 768w, https:\/\/blogsaverroes.juntadeandalucia.es\/ceippablopicasso\/files\/2022\/12\/6\u00ba-1-700x525.jpg 700w, https:\/\/blogsaverroes.juntadeandalucia.es\/ceippablopicasso\/files\/2022\/12\/6\u00ba-1.jpg 1280w\" sizes=\"(max-width: 300px) 100vw, 300px\" \/><\/a> <a href=\"https:\/\/blogsaverroes.juntadeandalucia.es\/ceippablopicasso\/files\/2022\/12\/6\u00ba-2.jpg\"><img loading=\"lazy\" decoding=\"async\" class=\"aligncenter size-medium wp-image-4664\" src=\"https:\/\/blogsaverroes.juntadeandalucia.es\/ceippablopicasso\/files\/2022\/12\/6\u00ba-2-300x225.jpg\" alt=\"\" width=\"300\" height=\"225\" srcset=\"https:\/\/blogsaverroes.juntadeandalucia.es\/ceippablopicasso\/files\/2022\/12\/6\u00ba-2-300x225.jpg 300w, https:\/\/blogsaverroes.juntadeandalucia.es\/ceippablopicasso\/files\/2022\/12\/6\u00ba-2-1024x768.jpg 1024w, https:\/\/blogsaverroes.juntadeandalucia.es\/ceippablopicasso\/files\/2022\/12\/6\u00ba-2-768x576.jpg 768w, https:\/\/blogsaverroes.juntadeandalucia.es\/ceippablopicasso\/files\/2022\/12\/6\u00ba-2-700x525.jpg 700w, https:\/\/blogsaverroes.juntadeandalucia.es\/ceippablopicasso\/files\/2022\/12\/6\u00ba-2.jpg 1280w\" sizes=\"(max-width: 300px) 100vw, 300px\" \/><\/a><\/p>\n<p>Cuando todos pensaban que nos march\u00e1bamos el profesorado se arranc\u00f3 de manera improvisada con el villancico \u00abMi carbonero\u00bb. Un aut\u00e9ntico fin de fiesta que pon\u00eda colof\u00f3n a un trimestre lleno de cambios y de mejoras en nuestro centro.<\/p>\n<p><a href=\"https:\/\/blogsaverroes.juntadeandalucia.es\/ceippablopicasso\/files\/2022\/12\/villancico-15-1.jpg\"><img loading=\"lazy\" decoding=\"async\" class=\"aligncenter size-medium wp-image-4665\" src=\"https:\/\/blogsaverroes.juntadeandalucia.es\/ceippablopicasso\/files\/2022\/12\/villancico-15-1-300x225.jpg\" alt=\"\" width=\"300\" height=\"225\" srcset=\"https:\/\/blogsaverroes.juntadeandalucia.es\/ceippablopicasso\/files\/2022\/12\/villancico-15-1-300x225.jpg 300w, https:\/\/blogsaverroes.juntadeandalucia.es\/ceippablopicasso\/files\/2022\/12\/villancico-15-1-768x576.jpg 768w, https:\/\/blogsaverroes.juntadeandalucia.es\/ceippablopicasso\/files\/2022\/12\/villancico-15-1-700x525.jpg 700w, https:\/\/blogsaverroes.juntadeandalucia.es\/ceippablopicasso\/files\/2022\/12\/villancico-15-1.jpg 1024w\" sizes=\"(max-width: 300px) 100vw, 300px\" \/><\/a><\/p>\n<p>Desde el claustro del profesorado os deseamos unas felices fiestas y un pr\u00f3spero a\u00f1o 2023, que esperemos est\u00e9 lleno de ilusi\u00f3n y esperanza.<\/p>\n<p><a href=\"https:\/\/blogsaverroes.juntadeandalucia.es\/ceippablopicasso\/files\/2022\/12\/2022-12-24-13.04.01.jpg\"><img loading=\"lazy\" decoding=\"async\" class=\"aligncenter size-medium wp-image-4666\" src=\"https:\/\/blogsaverroes.juntadeandalucia.es\/ceippablopicasso\/files\/2022\/12\/2022-12-24-13.04.01-240x300.jpg\" alt=\"\" width=\"240\" height=\"300\" srcset=\"https:\/\/blogsaverroes.juntadeandalucia.es\/ceippablopicasso\/files\/2022\/12\/2022-12-24-13.04.01-240x300.jpg 240w, https:\/\/blogsaverroes.juntadeandalucia.es\/ceippablopicasso\/files\/2022\/12\/2022-12-24-13.04.01-819x1024.jpg 819w, https:\/\/blogsaverroes.juntadeandalucia.es\/ceippablopicasso\/files\/2022\/12\/2022-12-24-13.04.01-768x960.jpg 768w, https:\/\/blogsaverroes.juntadeandalucia.es\/ceippablopicasso\/files\/2022\/12\/2022-12-24-13.04.01-700x875.jpg 700w, https:\/\/blogsaverroes.juntadeandalucia.es\/ceippablopicasso\/files\/2022\/12\/2022-12-24-13.04.01.jpg 1024w\" sizes=\"(max-width: 240px) 100vw, 240px\" \/><\/a><\/p>\n","protected":false},"excerpt":{"rendered":"<p>El viernes tuvimos en nuestro centro el fin de trimestre, y quer\u00edamos realizarlo con los villancicos y el teatro que se hab\u00edan preparado desde el \u00e1rea de m\u00fasica. Antes del recreo repetimos lo mismo&#46;&#46;&#46;<\/p>\n","protected":false},"author":3441,"featured_media":4666,"comment_status":"open","ping_status":"open","sticky":false,"template":"","format":"standard","meta":{"ngg_post_thumbnail":0,"footnotes":""},"categories":[307420],"tags":[307418,307414],"aioseo_notices":[],"_links":{"self":[{"href":"https:\/\/blogsaverroes.juntadeandalucia.es\/ceippablopicasso\/wp-json\/wp\/v2\/posts\/4639"}],"collection":[{"href":"https:\/\/blogsaverroes.juntadeandalucia.es\/ceippablopicasso\/wp-json\/wp\/v2\/posts"}],"about":[{"href":"https:\/\/blogsaverroes.juntadeandalucia.es\/ceippablopicasso\/wp-json\/wp\/v2\/types\/post"}],"author":[{"embeddable":true,"href":"https:\/\/blogsaverroes.juntadeandalucia.es\/ceippablopicasso\/wp-json\/wp\/v2\/users\/3441"}],"replies":[{"embeddable":true,"href":"https:\/\/blogsaverroes.juntadeandalucia.es\/ceippablopicasso\/wp-json\/wp\/v2\/comments?post=4639"}],"version-history":[{"count":1,"href":"https:\/\/blogsaverroes.juntadeandalucia.es\/ceippablopicasso\/wp-json\/wp\/v2\/posts\/4639\/revisions"}],"predecessor-version":[{"id":4668,"href":"https:\/\/blogsaverroes.juntadeandalucia.es\/ceippablopicasso\/wp-json\/wp\/v2\/posts\/4639\/revisions\/4668"}],"wp:featuredmedia":[{"embeddable":true,"href":"https:\/\/blogsaverroes.juntadeandalucia.es\/ceippablopicasso\/wp-json\/wp\/v2\/media\/4666"}],"wp:attachment":[{"href":"https:\/\/blogsaverroes.juntadeandalucia.es\/ceippablopicasso\/wp-json\/wp\/v2\/media?parent=4639"}],"wp:term":[{"taxonomy":"category","embeddable":true,"href":"https:\/\/blogsaverroes.juntadeandalucia.es\/ceippablopicasso\/wp-json\/wp\/v2\/categories?post=4639"},{"taxonomy":"post_tag","embeddable":true,"href":"https:\/\/blogsaverroes.juntadeandalucia.es\/ceippablopicasso\/wp-json\/wp\/v2\/tags?post=4639"}],"curies":[{"name":"wp","href":"https:\/\/api.w.org\/{rel}","templated":true}]}}