{"id":5242,"date":"2023-04-25T15:30:01","date_gmt":"2023-04-25T13:30:01","guid":{"rendered":"http:\/\/blogsaverroes.juntadeandalucia.es\/ceippablopicasso\/?p=5242"},"modified":"2023-04-29T12:25:33","modified_gmt":"2023-04-29T10:25:33","slug":"deporte-rural-3er-ciclo","status":"publish","type":"post","link":"https:\/\/blogsaverroes.juntadeandalucia.es\/ceippablopicasso\/deporte-rural-3er-ciclo\/","title":{"rendered":"Deporte rural 3er Ciclo"},"content":{"rendered":"<p>Hoy ha estado el alumnado de 3er ciclo en la pradera de Chap\u00edn, Laura Delgado Due\u00f1as \u00abBimba\u00bb, compartiendo con alumnado de otros centros educativos la Concentraci\u00f3n de Deporte Rural. Hab\u00eda varias postas adaptadas al alumnado participante y preparadas minuciosamente por el profesorado de Educaci\u00f3n F\u00edsica de cada centro. Todo empez\u00f3 con un baile de inauguraci\u00f3n de las actividades para luego comenzar por cada una de las postas.&nbsp;<\/p>\n<p>ngg_shortcode_0_placeholderSe lo pasaron muy bien, fue una bonita jornada en la que respet\u00f3 el tiempo&nbsp; y se desarroll\u00f3 sin incidentes.<\/p>\n<p>Desde estas l\u00edneas agradecemos a la organizaci\u00f3n, al profesorado de Educaci\u00f3n F\u00edsica de todos los colegios y a las familias colaboradoras, sobre todo de nuestro colegio.<\/p>\n<p>SOMOS UN EQUIPO. NUESTRO COLE MOLA. #MAREAROJA<\/p>\n","protected":false},"excerpt":{"rendered":"<p>Hoy ha estado el alumnado de 3er ciclo en la pradera de Chap\u00edn, Laura Delgado Due\u00f1as \u00abBimba\u00bb, compartiendo con alumnado de otros centros educativos la Concentraci\u00f3n de Deporte Rural. Hab\u00eda varias postas adaptadas al&#46;&#46;&#46;<\/p>\n","protected":false},"author":3441,"featured_media":5291,"comment_status":"open","ping_status":"open","sticky":false,"template":"","format":"standard","meta":{"ngg_post_thumbnail":0,"footnotes":""},"categories":[307437,25496],"tags":[307438,307442],"aioseo_notices":[],"_links":{"self":[{"href":"https:\/\/blogsaverroes.juntadeandalucia.es\/ceippablopicasso\/wp-json\/wp\/v2\/posts\/5242"}],"collection":[{"href":"https:\/\/blogsaverroes.juntadeandalucia.es\/ceippablopicasso\/wp-json\/wp\/v2\/posts"}],"about":[{"href":"https:\/\/blogsaverroes.juntadeandalucia.es\/ceippablopicasso\/wp-json\/wp\/v2\/types\/post"}],"author":[{"embeddable":true,"href":"https:\/\/blogsaverroes.juntadeandalucia.es\/ceippablopicasso\/wp-json\/wp\/v2\/users\/3441"}],"replies":[{"embeddable":true,"href":"https:\/\/blogsaverroes.juntadeandalucia.es\/ceippablopicasso\/wp-json\/wp\/v2\/comments?post=5242"}],"version-history":[{"count":1,"href":"https:\/\/blogsaverroes.juntadeandalucia.es\/ceippablopicasso\/wp-json\/wp\/v2\/posts\/5242\/revisions"}],"predecessor-version":[{"id":5292,"href":"https:\/\/blogsaverroes.juntadeandalucia.es\/ceippablopicasso\/wp-json\/wp\/v2\/posts\/5242\/revisions\/5292"}],"wp:featuredmedia":[{"embeddable":true,"href":"https:\/\/blogsaverroes.juntadeandalucia.es\/ceippablopicasso\/wp-json\/wp\/v2\/media\/5291"}],"wp:attachment":[{"href":"https:\/\/blogsaverroes.juntadeandalucia.es\/ceippablopicasso\/wp-json\/wp\/v2\/media?parent=5242"}],"wp:term":[{"taxonomy":"category","embeddable":true,"href":"https:\/\/blogsaverroes.juntadeandalucia.es\/ceippablopicasso\/wp-json\/wp\/v2\/categories?post=5242"},{"taxonomy":"post_tag","embeddable":true,"href":"https:\/\/blogsaverroes.juntadeandalucia.es\/ceippablopicasso\/wp-json\/wp\/v2\/tags?post=5242"}],"curies":[{"name":"wp","href":"https:\/\/api.w.org\/{rel}","templated":true}]}}