{"id":6477,"date":"2024-02-23T08:30:41","date_gmt":"2024-02-23T06:30:41","guid":{"rendered":"http:\/\/blogsaverroes.juntadeandalucia.es\/ceippablopicasso\/?p=6477"},"modified":"2024-03-06T13:57:15","modified_gmt":"2024-03-06T11:57:15","slug":"dia-de-andalucia-2024","status":"publish","type":"post","link":"https:\/\/blogsaverroes.juntadeandalucia.es\/ceippablopicasso\/dia-de-andalucia-2024\/","title":{"rendered":"D\u00eda de Andaluc\u00eda- 2024"},"content":{"rendered":"<p>Hoy viernes hemos celebrado en el centro el D\u00eda de Andaluc\u00eda que se ha dividido en varios momentos.<\/p>\n<p>Las madres delegadas y la AMPA han preparado los molletes de aceite y jam\u00f3n, y el cola cao, del que ha disfrutado todo el alumnado del centro.<\/p>\n<p>Adem\u00e1s Jaime, el profe de Educaci\u00f3n F\u00edsica de Primaria, prepar\u00f3 para todo el alumnado una carrera de orientaci\u00f3n en la que ten\u00edan que buscar los varios palos del flamenco. Esta actividad se ha adaptado al nivel del alumnado.<\/p>\n<p>Acabamos el d\u00eda cantando en la pista de baloncesto el Himno de Andaluc\u00eda.<\/p>\n<p>Una emotiva jornada para celebrar el d\u00eda de nuestra comunidad aut\u00f3noma.<\/p>\nngg_shortcode_0_placeholder\n","protected":false},"excerpt":{"rendered":"<p>Hoy viernes hemos celebrado en el centro el D\u00eda de Andaluc\u00eda que se ha dividido en varios momentos. Las madres delegadas y la AMPA han preparado los molletes de aceite y jam\u00f3n, y el&#46;&#46;&#46;<\/p>\n","protected":false},"author":3441,"featured_media":6518,"comment_status":"open","ping_status":"open","sticky":false,"template":"","format":"standard","meta":{"ngg_post_thumbnail":0,"footnotes":""},"categories":[5991],"tags":[307423,307418],"aioseo_notices":[],"_links":{"self":[{"href":"https:\/\/blogsaverroes.juntadeandalucia.es\/ceippablopicasso\/wp-json\/wp\/v2\/posts\/6477"}],"collection":[{"href":"https:\/\/blogsaverroes.juntadeandalucia.es\/ceippablopicasso\/wp-json\/wp\/v2\/posts"}],"about":[{"href":"https:\/\/blogsaverroes.juntadeandalucia.es\/ceippablopicasso\/wp-json\/wp\/v2\/types\/post"}],"author":[{"embeddable":true,"href":"https:\/\/blogsaverroes.juntadeandalucia.es\/ceippablopicasso\/wp-json\/wp\/v2\/users\/3441"}],"replies":[{"embeddable":true,"href":"https:\/\/blogsaverroes.juntadeandalucia.es\/ceippablopicasso\/wp-json\/wp\/v2\/comments?post=6477"}],"version-history":[{"count":1,"href":"https:\/\/blogsaverroes.juntadeandalucia.es\/ceippablopicasso\/wp-json\/wp\/v2\/posts\/6477\/revisions"}],"predecessor-version":[{"id":6565,"href":"https:\/\/blogsaverroes.juntadeandalucia.es\/ceippablopicasso\/wp-json\/wp\/v2\/posts\/6477\/revisions\/6565"}],"wp:featuredmedia":[{"embeddable":true,"href":"https:\/\/blogsaverroes.juntadeandalucia.es\/ceippablopicasso\/wp-json\/wp\/v2\/media\/6518"}],"wp:attachment":[{"href":"https:\/\/blogsaverroes.juntadeandalucia.es\/ceippablopicasso\/wp-json\/wp\/v2\/media?parent=6477"}],"wp:term":[{"taxonomy":"category","embeddable":true,"href":"https:\/\/blogsaverroes.juntadeandalucia.es\/ceippablopicasso\/wp-json\/wp\/v2\/categories?post=6477"},{"taxonomy":"post_tag","embeddable":true,"href":"https:\/\/blogsaverroes.juntadeandalucia.es\/ceippablopicasso\/wp-json\/wp\/v2\/tags?post=6477"}],"curies":[{"name":"wp","href":"https:\/\/api.w.org\/{rel}","templated":true}]}}