{"id":4293,"date":"2021-12-16T11:23:46","date_gmt":"2021-12-16T10:23:46","guid":{"rendered":"https:\/\/blogsaverroes.juntadeandalucia.es\/ceippablovi\/?p=4293"},"modified":"2021-12-17T12:31:25","modified_gmt":"2021-12-17T11:31:25","slug":"4293","status":"publish","type":"post","link":"https:\/\/blogsaverroes.juntadeandalucia.es\/ceippablovi\/2021\/12\/16\/4293\/","title":{"rendered":"16D. D\u00cdA DE LA LECTURA EN ANDALUC\u00cdA (BIBLIOTECA)"},"content":{"rendered":"<p>Con motivo del D\u00eda de la Lectura, el alumnado de nuestro centro ha realizado unos videos promocionales del fomento de la lectura con las nuevas adquisiciones de cuentos y libros de nuestra biblioteca.<\/p>\n<p>Colecciones por tem\u00e1ticas en Infantil y colecciones colectivas en Primaria.<\/p>\n<p>Os dejamos el enlace para ver dichos v\u00eddeos.<\/p>\n<p><a href=\"https:\/\/drive.google.com\/drive\/folders\/13Fb59q6O0PHK3q5fF0WloGL7EAgPkgUx?usp=sharing\">V\u00cdDEOS PROMOCI\u00d3N D\u00cdA DE LA LECTURA<\/a><\/p>\n<p>Un fuerte abrazo y que la magia de la lectura y la Navidad os acompa\u00f1en.<\/p>\n","protected":false},"excerpt":{"rendered":"<p>Con motivo del D\u00eda de la Lectura, el alumnado de nuestro centro ha realizado unos videos promocionales del fomento de la lectura con las nuevas&hellip;<\/p>\n","protected":false},"author":1487,"featured_media":0,"comment_status":"closed","ping_status":"closed","sticky":false,"template":"","format":"standard","meta":{"ngg_post_thumbnail":0,"footnotes":""},"categories":[213,526],"tags":[],"aioseo_notices":[],"_links":{"self":[{"href":"https:\/\/blogsaverroes.juntadeandalucia.es\/ceippablovi\/wp-json\/wp\/v2\/posts\/4293"}],"collection":[{"href":"https:\/\/blogsaverroes.juntadeandalucia.es\/ceippablovi\/wp-json\/wp\/v2\/posts"}],"about":[{"href":"https:\/\/blogsaverroes.juntadeandalucia.es\/ceippablovi\/wp-json\/wp\/v2\/types\/post"}],"author":[{"embeddable":true,"href":"https:\/\/blogsaverroes.juntadeandalucia.es\/ceippablovi\/wp-json\/wp\/v2\/users\/1487"}],"replies":[{"embeddable":true,"href":"https:\/\/blogsaverroes.juntadeandalucia.es\/ceippablovi\/wp-json\/wp\/v2\/comments?post=4293"}],"version-history":[{"count":4,"href":"https:\/\/blogsaverroes.juntadeandalucia.es\/ceippablovi\/wp-json\/wp\/v2\/posts\/4293\/revisions"}],"predecessor-version":[{"id":4297,"href":"https:\/\/blogsaverroes.juntadeandalucia.es\/ceippablovi\/wp-json\/wp\/v2\/posts\/4293\/revisions\/4297"}],"wp:attachment":[{"href":"https:\/\/blogsaverroes.juntadeandalucia.es\/ceippablovi\/wp-json\/wp\/v2\/media?parent=4293"}],"wp:term":[{"taxonomy":"category","embeddable":true,"href":"https:\/\/blogsaverroes.juntadeandalucia.es\/ceippablovi\/wp-json\/wp\/v2\/categories?post=4293"},{"taxonomy":"post_tag","embeddable":true,"href":"https:\/\/blogsaverroes.juntadeandalucia.es\/ceippablovi\/wp-json\/wp\/v2\/tags?post=4293"}],"curies":[{"name":"wp","href":"https:\/\/api.w.org\/{rel}","templated":true}]}}