{"id":4389,"date":"2022-06-30T18:55:49","date_gmt":"2022-06-30T16:55:49","guid":{"rendered":"https:\/\/blogsaverroes.juntadeandalucia.es\/ceippablovi\/?p=4389"},"modified":"2022-06-30T18:55:49","modified_gmt":"2022-06-30T16:55:49","slug":"resolucion-definitiva-servicios-complementarios","status":"publish","type":"post","link":"https:\/\/blogsaverroes.juntadeandalucia.es\/ceippablovi\/2022\/06\/30\/resolucion-definitiva-servicios-complementarios\/","title":{"rendered":"Resoluci\u00f3n definitiva servicios complementarios"},"content":{"rendered":"<p>Estimadas familias ya se ha publicado la resoluci\u00f3n definitiva de admitidos y suplentes de los servicios de comedor, aula matinal y actividades extraescolares.<\/p>\n<p>Podr\u00e1n verlo en el tabl\u00f3n de anuncios de nuestro centro educativo. Tambi\u00e9n pueden consultarlo, digitalmente en <a href=\"https:\/\/www.juntadeandalucia.es\/educacion\/secretariavirtual\/consultas\/\">https:\/\/www.juntadeandalucia.es\/educacion\/secretariavirtual\/consultas\/<\/a><\/p>\n<p>No existe ninguna variaci\u00f3n entre los usuarios que ya fueron admitidos en la resoluci\u00f3n provisional.<\/p>\n<p>Un saludo.<\/p>\n","protected":false},"excerpt":{"rendered":"<p>Estimadas familias ya se ha publicado la resoluci\u00f3n definitiva de admitidos y suplentes de los servicios de comedor, aula matinal y actividades extraescolares. Podr\u00e1n verlo&hellip;<\/p>\n","protected":false},"author":1487,"featured_media":0,"comment_status":"closed","ping_status":"closed","sticky":false,"template":"","format":"standard","meta":{"ngg_post_thumbnail":0,"footnotes":""},"categories":[526],"tags":[],"aioseo_notices":[],"_links":{"self":[{"href":"https:\/\/blogsaverroes.juntadeandalucia.es\/ceippablovi\/wp-json\/wp\/v2\/posts\/4389"}],"collection":[{"href":"https:\/\/blogsaverroes.juntadeandalucia.es\/ceippablovi\/wp-json\/wp\/v2\/posts"}],"about":[{"href":"https:\/\/blogsaverroes.juntadeandalucia.es\/ceippablovi\/wp-json\/wp\/v2\/types\/post"}],"author":[{"embeddable":true,"href":"https:\/\/blogsaverroes.juntadeandalucia.es\/ceippablovi\/wp-json\/wp\/v2\/users\/1487"}],"replies":[{"embeddable":true,"href":"https:\/\/blogsaverroes.juntadeandalucia.es\/ceippablovi\/wp-json\/wp\/v2\/comments?post=4389"}],"version-history":[{"count":1,"href":"https:\/\/blogsaverroes.juntadeandalucia.es\/ceippablovi\/wp-json\/wp\/v2\/posts\/4389\/revisions"}],"predecessor-version":[{"id":4390,"href":"https:\/\/blogsaverroes.juntadeandalucia.es\/ceippablovi\/wp-json\/wp\/v2\/posts\/4389\/revisions\/4390"}],"wp:attachment":[{"href":"https:\/\/blogsaverroes.juntadeandalucia.es\/ceippablovi\/wp-json\/wp\/v2\/media?parent=4389"}],"wp:term":[{"taxonomy":"category","embeddable":true,"href":"https:\/\/blogsaverroes.juntadeandalucia.es\/ceippablovi\/wp-json\/wp\/v2\/categories?post=4389"},{"taxonomy":"post_tag","embeddable":true,"href":"https:\/\/blogsaverroes.juntadeandalucia.es\/ceippablovi\/wp-json\/wp\/v2\/tags?post=4389"}],"curies":[{"name":"wp","href":"https:\/\/api.w.org\/{rel}","templated":true}]}}