{"id":5103,"date":"2024-06-28T11:33:26","date_gmt":"2024-06-28T09:33:26","guid":{"rendered":"https:\/\/blogsaverroes.juntadeandalucia.es\/ceippablovi\/?p=5103"},"modified":"2024-06-28T11:33:26","modified_gmt":"2024-06-28T09:33:26","slug":"listado-definitivo-servicios-complementarios","status":"publish","type":"post","link":"https:\/\/blogsaverroes.juntadeandalucia.es\/ceippablovi\/2024\/06\/28\/listado-definitivo-servicios-complementarios\/","title":{"rendered":"Listado definitivo servicios complementarios"},"content":{"rendered":"<p>Estimadas familias,<\/p>\n<p>Ya se encuentran habilitadas las listas definitivas a los servicios complementarios de nuestro centro educativo. Pueden verlo telem\u00e1ticamente, tambi\u00e9n lo hemos dejado en nuestro tabl\u00f3n de anuncios.<\/p>\n<p>En resumen,<\/p>\n<p>El servicio de comedor acoger\u00e1 a TODOS los solicitantes.<\/p>\n<p>En el servicio de aula matinal, tras las alegaciones, hemos pasado de 27 usuarios en lista de espera a 16.<\/p>\n<p>En actividades extraescolares, que comienzan en octubre, todas las solicitudes han sido aceptadas, el taller de ludoteca (infantil y primer ciclo) si no llega a 10 solicitudes, hay cinco, se suprimir\u00e1. En septiembre pueden recepcionarse nuevas solicitudes hasta una semana antes del comienzo.&nbsp;<\/p>\n<p>En el aula de mediod\u00eda, provisionalmente, hay 10 solicitudes (existe una posible baja). Recuerden que debemos tener al menos 10 solicitudes.<\/p>\n<p>Feliz verano.<\/p>\n","protected":false},"excerpt":{"rendered":"<p>Estimadas familias, Ya se encuentran habilitadas las listas definitivas a los servicios complementarios de nuestro centro educativo. Pueden verlo telem\u00e1ticamente, tambi\u00e9n lo hemos dejado en&hellip;<\/p>\n","protected":false},"author":1487,"featured_media":0,"comment_status":"closed","ping_status":"closed","sticky":false,"template":"","format":"standard","meta":{"ngg_post_thumbnail":0,"footnotes":""},"categories":[526],"tags":[],"aioseo_notices":[],"_links":{"self":[{"href":"https:\/\/blogsaverroes.juntadeandalucia.es\/ceippablovi\/wp-json\/wp\/v2\/posts\/5103"}],"collection":[{"href":"https:\/\/blogsaverroes.juntadeandalucia.es\/ceippablovi\/wp-json\/wp\/v2\/posts"}],"about":[{"href":"https:\/\/blogsaverroes.juntadeandalucia.es\/ceippablovi\/wp-json\/wp\/v2\/types\/post"}],"author":[{"embeddable":true,"href":"https:\/\/blogsaverroes.juntadeandalucia.es\/ceippablovi\/wp-json\/wp\/v2\/users\/1487"}],"replies":[{"embeddable":true,"href":"https:\/\/blogsaverroes.juntadeandalucia.es\/ceippablovi\/wp-json\/wp\/v2\/comments?post=5103"}],"version-history":[{"count":1,"href":"https:\/\/blogsaverroes.juntadeandalucia.es\/ceippablovi\/wp-json\/wp\/v2\/posts\/5103\/revisions"}],"predecessor-version":[{"id":5104,"href":"https:\/\/blogsaverroes.juntadeandalucia.es\/ceippablovi\/wp-json\/wp\/v2\/posts\/5103\/revisions\/5104"}],"wp:attachment":[{"href":"https:\/\/blogsaverroes.juntadeandalucia.es\/ceippablovi\/wp-json\/wp\/v2\/media?parent=5103"}],"wp:term":[{"taxonomy":"category","embeddable":true,"href":"https:\/\/blogsaverroes.juntadeandalucia.es\/ceippablovi\/wp-json\/wp\/v2\/categories?post=5103"},{"taxonomy":"post_tag","embeddable":true,"href":"https:\/\/blogsaverroes.juntadeandalucia.es\/ceippablovi\/wp-json\/wp\/v2\/tags?post=5103"}],"curies":[{"name":"wp","href":"https:\/\/api.w.org\/{rel}","templated":true}]}}