{"id":1877,"date":"2023-05-24T17:07:39","date_gmt":"2023-05-24T16:07:39","guid":{"rendered":"https:\/\/blogsaverroes.juntadeandalucia.es\/ceippadregonzalezros\/?p=1877"},"modified":"2023-05-28T11:11:33","modified_gmt":"2023-05-28T10:11:33","slug":"plan-director","status":"publish","type":"post","link":"https:\/\/blogsaverroes.juntadeandalucia.es\/ceippadregonzalezros\/plan-director\/","title":{"rendered":"Plan Director"},"content":{"rendered":"<p>[et_pb_section fb_built=&#8221;1&#8243; _builder_version=&#8221;4.14.5&#8243; _module_preset=&#8221;default&#8221; global_colors_info=&#8221;{}&#8221; theme_builder_area=&#8221;post_content&#8221;][et_pb_row _builder_version=&#8221;4.14.5&#8243; _module_preset=&#8221;default&#8221; global_colors_info=&#8221;{}&#8221; theme_builder_area=&#8221;post_content&#8221;][et_pb_column type=&#8221;4_4&#8243; _builder_version=&#8221;4.14.5&#8243; _module_preset=&#8221;default&#8221; global_colors_info=&#8221;{}&#8221; theme_builder_area=&#8221;post_content&#8221;][et_pb_text _builder_version=&#8221;4.14.5&#8243; _module_preset=&#8221;default&#8221; hover_enabled=&#8221;0&#8243; global_colors_info=&#8221;{}&#8221; theme_builder_area=&#8221;post_content&#8221; sticky_enabled=&#8221;0&#8243;]<\/p>\n<div class=\"xdj266r x11i5rnm xat24cr x1mh8g0r x1vvkbs x126k92a\">\n<div dir=\"auto\">PLAN DIRECTOR en el <a class=\"x1i10hfl xjbqb8w x6umtig x1b1mbwd xaqea5y xav7gou x9f619 x1ypdohk xt0psk2 xe8uvvx xdj266r x11i5rnm xat24cr x1mh8g0r xexx8yu x4uap5 x18d9i69 xkhd6sd x16tdsg8 x1hl2dhg xggy1nq x1a2a7pz xt0b8zv x1qq9wsj xo1l8bm\" role=\"link\" href=\"https:\/\/www.facebook.com\/ceippadregonzalezros?__cft__[0]=AZWEzNElQp6kPjzi7Ot_uIVGFfhpuae4iNgMqLt5nd5K_LvAhttfJs2QAoM2DHzwEiwWiwD4XZpwgvJ4xXeL9N7s3lCF5qyjcqAOeew6jr-1GZVX62FIVleZhhVva2Ccc8ATWgUrYdJalyGFEB4pJP32ATzqnIfxK5ueLhayd2AMC3ZA_KedK7wvS2T2v2TivJY&amp;__tn__=-]K-R\"><span class=\"xt0psk2\">CEIP Padre Gonz\u00e1lez Ros<\/span><\/a><\/div>\n<div dir=\"auto\">En estos d\u00edas se ha estado llevando a cabo diversas actividades desde el Plan Director para la Convivencia y Mejora de la Seguridad en los Centros Escolares en el segundo y tercer ciclo de educaci\u00f3n primaria.<\/div>\n<\/div>\n<div class=\"x11i5rnm xat24cr x1mh8g0r x1vvkbs xtlvy1s x126k92a\">\n<div dir=\"auto\">EL Plan Director es un plan del Ministerio del Interior que supone la colaboraci\u00f3n de los cuerpos de seguridad del Estado en coordinaci\u00f3n con los Centros Educativos.<\/div>\n<div dir=\"auto\">Hemos recibido a David, este curso para darnos charlas sobre la prevenci\u00f3n del bullying y el cyberbulling ya que es un tema muy delicado y que est\u00e1 causando alarma entre los j\u00f3venes de hoy mediante las redes sociales y whatsapp. Nos informa de qu\u00e9 hacer en los casos en los que podamos estar recibiendo alguno de esos acosos y de la responsabilidad penal que pueden llevar.<\/div>\n<\/div>\n<div class=\"x11i5rnm xat24cr x1mh8g0r x1vvkbs xtlvy1s x126k92a\">\n<div dir=\"auto\">Nos encantan estas charlas porque aprendemos mucho todos\/as!!<\/div>\n<div dir=\"auto\">Graciassssss<\/div>\n<\/div>\n<p>[\/et_pb_text][et_pb_code _builder_version=&#8221;4.14.5&#8243; _module_preset=&#8221;default&#8221; module_alignment=&#8221;center&#8221; hover_enabled=&#8221;0&#8243; global_colors_info=&#8221;{}&#8221; theme_builder_area=&#8221;post_content&#8221; sticky_enabled=&#8221;0&#8243;]<pee align=\"center\"><iframe loading=\"lazy\" src=\"https:\/\/www.facebook.com\/plugins\/post.php?href=https%3A%2F%2Fwww.facebook.com%2Fceippadregonzalezros%2Fposts%2Fpfbid0uarKN2XDa5p371kvmh6SQYNEAAtZTNEVKRHyLew9aKLvENNGiywZhJCy1KQAAWoSl&amp;show_text=true&amp;width=500\" width=\"500\" height=\"786\" scrolling=\"no\" frameborder=\"0\"><\/iframe>[\/et_pb_code][\/et_pb_column][\/et_pb_row][\/et_pb_section]<\/p>\n","protected":false},"excerpt":{"rendered":"<p>PLAN DIRECTOR en el CEIP Padre Gonz\u00e1lez Ros En estos d\u00edas se ha estado llevando a cabo diversas actividades desde el Plan Director para la Convivencia y Mejora de la Seguridad en los Centros Escolares en el segundo y tercer ciclo de educaci\u00f3n primaria. EL Plan Director es un plan del Ministerio del Interior que [&hellip;]<\/p>\n","protected":false},"author":15788,"featured_media":1880,"comment_status":"closed","ping_status":"open","sticky":false,"template":"","format":"standard","meta":{"_et_pb_use_builder":"on","_et_pb_old_content":"","_et_gb_content_width":"","ngg_post_thumbnail":0,"footnotes":""},"categories":[3],"tags":[82,83,64,10,9,81,49],"aioseo_notices":[],"_links":{"self":[{"href":"https:\/\/blogsaverroes.juntadeandalucia.es\/ceippadregonzalezros\/wp-json\/wp\/v2\/posts\/1877"}],"collection":[{"href":"https:\/\/blogsaverroes.juntadeandalucia.es\/ceippadregonzalezros\/wp-json\/wp\/v2\/posts"}],"about":[{"href":"https:\/\/blogsaverroes.juntadeandalucia.es\/ceippadregonzalezros\/wp-json\/wp\/v2\/types\/post"}],"author":[{"embeddable":true,"href":"https:\/\/blogsaverroes.juntadeandalucia.es\/ceippadregonzalezros\/wp-json\/wp\/v2\/users\/15788"}],"replies":[{"embeddable":true,"href":"https:\/\/blogsaverroes.juntadeandalucia.es\/ceippadregonzalezros\/wp-json\/wp\/v2\/comments?post=1877"}],"version-history":[{"count":2,"href":"https:\/\/blogsaverroes.juntadeandalucia.es\/ceippadregonzalezros\/wp-json\/wp\/v2\/posts\/1877\/revisions"}],"predecessor-version":[{"id":1881,"href":"https:\/\/blogsaverroes.juntadeandalucia.es\/ceippadregonzalezros\/wp-json\/wp\/v2\/posts\/1877\/revisions\/1881"}],"wp:featuredmedia":[{"embeddable":true,"href":"https:\/\/blogsaverroes.juntadeandalucia.es\/ceippadregonzalezros\/wp-json\/wp\/v2\/media\/1880"}],"wp:attachment":[{"href":"https:\/\/blogsaverroes.juntadeandalucia.es\/ceippadregonzalezros\/wp-json\/wp\/v2\/media?parent=1877"}],"wp:term":[{"taxonomy":"category","embeddable":true,"href":"https:\/\/blogsaverroes.juntadeandalucia.es\/ceippadregonzalezros\/wp-json\/wp\/v2\/categories?post=1877"},{"taxonomy":"post_tag","embeddable":true,"href":"https:\/\/blogsaverroes.juntadeandalucia.es\/ceippadregonzalezros\/wp-json\/wp\/v2\/tags?post=1877"}],"curies":[{"name":"wp","href":"https:\/\/api.w.org\/{rel}","templated":true}]}}