{"id":2278,"date":"2019-11-25T19:46:35","date_gmt":"2019-11-25T19:46:35","guid":{"rendered":"https:\/\/blogsaverroes.juntadeandalucia.es\/ceippadremiguelsanchez\/?p=2278"},"modified":"2023-02-17T12:57:20","modified_gmt":"2023-02-17T12:57:20","slug":"2278","status":"publish","type":"post","link":"https:\/\/blogsaverroes.juntadeandalucia.es\/ceippadremiguelsanchez\/2019\/11\/25\/2278\/","title":{"rendered":"CHARLA FORMATIVA"},"content":{"rendered":"<p><a href=\"https:\/\/blogsaverroes.juntadeandalucia.es\/ceippadremiguelsanchez\/files\/2019\/11\/Captura-de-pantalla-2019-11-25-a-las-20.26.34.png\"><img loading=\"lazy\" decoding=\"async\" class=\"size-medium wp-image-2279 alignleft\" src=\"https:\/\/blogsaverroes.juntadeandalucia.es\/ceippadremiguelsanchez\/files\/2019\/11\/Captura-de-pantalla-2019-11-25-a-las-20.26.34-213x300.png\" alt=\"\" width=\"213\" height=\"300\" srcset=\"https:\/\/blogsaverroes.juntadeandalucia.es\/ceippadremiguelsanchez\/files\/2019\/11\/Captura-de-pantalla-2019-11-25-a-las-20.26.34-213x300.png 213w, https:\/\/blogsaverroes.juntadeandalucia.es\/ceippadremiguelsanchez\/files\/2019\/11\/Captura-de-pantalla-2019-11-25-a-las-20.26.34-17x24.png 17w, https:\/\/blogsaverroes.juntadeandalucia.es\/ceippadremiguelsanchez\/files\/2019\/11\/Captura-de-pantalla-2019-11-25-a-las-20.26.34-26x36.png 26w, https:\/\/blogsaverroes.juntadeandalucia.es\/ceippadremiguelsanchez\/files\/2019\/11\/Captura-de-pantalla-2019-11-25-a-las-20.26.34-34x48.png 34w, https:\/\/blogsaverroes.juntadeandalucia.es\/ceippadremiguelsanchez\/files\/2019\/11\/Captura-de-pantalla-2019-11-25-a-las-20.26.34.png 597w\" sizes=\"(max-width: 213px) 100vw, 213px\" \/><\/a>Hoy, d\u00eda 25 de noviembre tuvimos la visita de la<strong> Asociaci\u00f3n Malague\u00f1a de S\u00edndrome de Asperger y TEA<\/strong> (AMSA), se han desplazado hasta el centro para ofrecer a todo el profesorado una charla formativa sobre el s\u00edndrome de Asperger.<\/p>\n<p>Dicha asociaci\u00f3n lleva trabajando en el tema desde 2006 y tiene como objetivo promover el bien com\u00fan de las personas con S\u00edndrome de Asperger, as\u00ed como representar y defender sus intereses.<\/p>\n<p>Si quieres m\u00e1s informaci\u00f3n sobre AMSA puedes visitar su p\u00e1gina web: <a href=\"https:\/\/aspergermalaga.es\/AMSA\/\">https:\/\/aspergermalaga.es\/AMSA\/<\/a><\/p>\n","protected":false},"excerpt":{"rendered":"<p>Hoy, d\u00eda 25 de noviembre tuvimos la visita de la Asociaci\u00f3n Malague\u00f1a de S\u00edndrome de Asperger y TEA (AMSA), se han desplazado hasta el centro para ofrecer a todo el profesorado una charla formativa&#46;&#46;&#46;<\/p>\n","protected":false},"author":7951,"featured_media":2279,"comment_status":"open","ping_status":"open","sticky":false,"template":"","format":"standard","meta":{"ngg_post_thumbnail":0,"footnotes":""},"categories":[5991],"tags":[2142045,588229,11132,7139,2142345,29920,1964,20496],"aioseo_notices":[],"_links":{"self":[{"href":"https:\/\/blogsaverroes.juntadeandalucia.es\/ceippadremiguelsanchez\/wp-json\/wp\/v2\/posts\/2278"}],"collection":[{"href":"https:\/\/blogsaverroes.juntadeandalucia.es\/ceippadremiguelsanchez\/wp-json\/wp\/v2\/posts"}],"about":[{"href":"https:\/\/blogsaverroes.juntadeandalucia.es\/ceippadremiguelsanchez\/wp-json\/wp\/v2\/types\/post"}],"author":[{"embeddable":true,"href":"https:\/\/blogsaverroes.juntadeandalucia.es\/ceippadremiguelsanchez\/wp-json\/wp\/v2\/users\/7951"}],"replies":[{"embeddable":true,"href":"https:\/\/blogsaverroes.juntadeandalucia.es\/ceippadremiguelsanchez\/wp-json\/wp\/v2\/comments?post=2278"}],"version-history":[{"count":2,"href":"https:\/\/blogsaverroes.juntadeandalucia.es\/ceippadremiguelsanchez\/wp-json\/wp\/v2\/posts\/2278\/revisions"}],"predecessor-version":[{"id":2281,"href":"https:\/\/blogsaverroes.juntadeandalucia.es\/ceippadremiguelsanchez\/wp-json\/wp\/v2\/posts\/2278\/revisions\/2281"}],"wp:featuredmedia":[{"embeddable":true,"href":"https:\/\/blogsaverroes.juntadeandalucia.es\/ceippadremiguelsanchez\/wp-json\/wp\/v2\/media\/2279"}],"wp:attachment":[{"href":"https:\/\/blogsaverroes.juntadeandalucia.es\/ceippadremiguelsanchez\/wp-json\/wp\/v2\/media?parent=2278"}],"wp:term":[{"taxonomy":"category","embeddable":true,"href":"https:\/\/blogsaverroes.juntadeandalucia.es\/ceippadremiguelsanchez\/wp-json\/wp\/v2\/categories?post=2278"},{"taxonomy":"post_tag","embeddable":true,"href":"https:\/\/blogsaverroes.juntadeandalucia.es\/ceippadremiguelsanchez\/wp-json\/wp\/v2\/tags?post=2278"}],"curies":[{"name":"wp","href":"https:\/\/api.w.org\/{rel}","templated":true}]}}