{"id":12715,"date":"2025-05-30T11:49:18","date_gmt":"2025-05-30T11:49:18","guid":{"rendered":"https:\/\/blogsaverroes.juntadeandalucia.es\/ceippalaciosrubio\/?p=12715"},"modified":"2025-05-30T12:01:40","modified_gmt":"2025-05-30T12:01:40","slug":"taller","status":"publish","type":"post","link":"https:\/\/blogsaverroes.juntadeandalucia.es\/ceippalaciosrubio\/taller\/","title":{"rendered":"Taller"},"content":{"rendered":"<p>\ud83c\udf1f \u00a1Una ma\u00f1ana m\u00e1gica en el CEIP Palacios Rubio! \ud83c\udf1f<\/p>\n<p>En el marco del proyecto \u201cSuma tu Voz\u201d, la Federaci\u00f3n AJE, de la mano de la docente y trabajadora social Ionelia Petrea, ha desarrollado dos talleres muy especiales en el colegio CEIP Palacios Rubio, en La Carolina (Ja\u00e9n).<\/p>\n<p>\ud83e\udde9 El alumnado de 2\u00ba a 4\u00ba de primaria particip\u00f3 en un Escape Room educativo, con el objetivo de fomentar el trabajo en equipo, el pensamiento cr\u00edtico y, sobre todo, prevenir la violencia de g\u00e9nero desde edades tempranas, promoviendo relaciones igualitarias, respetuosas y libres de estereotipos.<\/p>\n<p>\ud83d\udcd6 Tambi\u00e9n disfrutaron del cuentacuentos \u201c\u00c9rase dos veces La Bella y la Bestia\u201d, una reinterpretaci\u00f3n con perspectiva de g\u00e9nero, que invita a reflexionar sobre los roles tradicionales en los cuentos y la importancia de la igualdad entre ni\u00f1as y ni\u00f1os.<\/p>\n<p>\ud83d\udcac Gracias al equipo docente por su compromiso y a todos los ni\u00f1os y ni\u00f1as por su entusiasmo. \u00a1Seguimos sumando voces por una infancia m\u00e1s libre, consciente y empoderada!<\/p>\n<p><a href=\"https:\/\/blogsaverroes.juntadeandalucia.es\/ceippalaciosrubio\/files\/2025\/05\/photo_2025-05-30_13-39-37.jpg\"><img loading=\"lazy\" decoding=\"async\" class=\"alignnone size-large wp-image-12716\" src=\"https:\/\/blogsaverroes.juntadeandalucia.es\/ceippalaciosrubio\/files\/2025\/05\/photo_2025-05-30_13-39-37-768x1024.jpg\" alt=\"\" width=\"768\" height=\"1024\" srcset=\"https:\/\/blogsaverroes.juntadeandalucia.es\/ceippalaciosrubio\/files\/2025\/05\/photo_2025-05-30_13-39-37-768x1024.jpg 768w, https:\/\/blogsaverroes.juntadeandalucia.es\/ceippalaciosrubio\/files\/2025\/05\/photo_2025-05-30_13-39-37-225x300.jpg 225w, https:\/\/blogsaverroes.juntadeandalucia.es\/ceippalaciosrubio\/files\/2025\/05\/photo_2025-05-30_13-39-37.jpg 960w\" sizes=\"(max-width: 768px) 100vw, 768px\" \/><\/a> <a href=\"https:\/\/blogsaverroes.juntadeandalucia.es\/ceippalaciosrubio\/files\/2025\/05\/photo_2025-05-30_13-39-39.jpg\"><img loading=\"lazy\" decoding=\"async\" class=\"alignnone size-large wp-image-12717\" src=\"https:\/\/blogsaverroes.juntadeandalucia.es\/ceippalaciosrubio\/files\/2025\/05\/photo_2025-05-30_13-39-39-768x1024.jpg\" alt=\"\" width=\"768\" height=\"1024\" srcset=\"https:\/\/blogsaverroes.juntadeandalucia.es\/ceippalaciosrubio\/files\/2025\/05\/photo_2025-05-30_13-39-39-768x1024.jpg 768w, https:\/\/blogsaverroes.juntadeandalucia.es\/ceippalaciosrubio\/files\/2025\/05\/photo_2025-05-30_13-39-39-225x300.jpg 225w, https:\/\/blogsaverroes.juntadeandalucia.es\/ceippalaciosrubio\/files\/2025\/05\/photo_2025-05-30_13-39-39.jpg 960w\" sizes=\"(max-width: 768px) 100vw, 768px\" \/><\/a> <a href=\"https:\/\/blogsaverroes.juntadeandalucia.es\/ceippalaciosrubio\/files\/2025\/05\/photo_2025-05-30_13-39-42.jpg\"><img loading=\"lazy\" decoding=\"async\" class=\"alignnone size-large wp-image-12718\" src=\"https:\/\/blogsaverroes.juntadeandalucia.es\/ceippalaciosrubio\/files\/2025\/05\/photo_2025-05-30_13-39-42-768x1024.jpg\" alt=\"\" width=\"768\" height=\"1024\" srcset=\"https:\/\/blogsaverroes.juntadeandalucia.es\/ceippalaciosrubio\/files\/2025\/05\/photo_2025-05-30_13-39-42-768x1024.jpg 768w, https:\/\/blogsaverroes.juntadeandalucia.es\/ceippalaciosrubio\/files\/2025\/05\/photo_2025-05-30_13-39-42-225x300.jpg 225w, https:\/\/blogsaverroes.juntadeandalucia.es\/ceippalaciosrubio\/files\/2025\/05\/photo_2025-05-30_13-39-42.jpg 960w\" sizes=\"(max-width: 768px) 100vw, 768px\" \/><\/a> <a href=\"https:\/\/blogsaverroes.juntadeandalucia.es\/ceippalaciosrubio\/files\/2025\/05\/photo_2025-05-30_13-39-45.jpg\"><img loading=\"lazy\" decoding=\"async\" class=\"alignnone size-large wp-image-12719\" src=\"https:\/\/blogsaverroes.juntadeandalucia.es\/ceippalaciosrubio\/files\/2025\/05\/photo_2025-05-30_13-39-45-768x1024.jpg\" alt=\"\" width=\"768\" height=\"1024\" srcset=\"https:\/\/blogsaverroes.juntadeandalucia.es\/ceippalaciosrubio\/files\/2025\/05\/photo_2025-05-30_13-39-45-768x1024.jpg 768w, https:\/\/blogsaverroes.juntadeandalucia.es\/ceippalaciosrubio\/files\/2025\/05\/photo_2025-05-30_13-39-45-225x300.jpg 225w, https:\/\/blogsaverroes.juntadeandalucia.es\/ceippalaciosrubio\/files\/2025\/05\/photo_2025-05-30_13-39-45.jpg 960w\" sizes=\"(max-width: 768px) 100vw, 768px\" \/><\/a><\/p>\n","protected":false},"excerpt":{"rendered":"<p>\ud83c\udf1f \u00a1Una ma\u00f1ana m\u00e1gica en el CEIP Palacios Rubio! \ud83c\udf1f En el marco del proyecto \u201cSuma tu Voz\u201d, la Federaci\u00f3n AJE, de la mano de la docente y trabajadora social Ionelia Petrea, ha desarrollado&#46;&#46;&#46;<\/p>\n","protected":false},"author":11766,"featured_media":0,"comment_status":"open","ping_status":"open","sticky":false,"template":"","format":"standard","meta":{"ngg_post_thumbnail":0,"footnotes":""},"categories":[11909],"tags":[],"aioseo_notices":[],"_links":{"self":[{"href":"https:\/\/blogsaverroes.juntadeandalucia.es\/ceippalaciosrubio\/wp-json\/wp\/v2\/posts\/12715"}],"collection":[{"href":"https:\/\/blogsaverroes.juntadeandalucia.es\/ceippalaciosrubio\/wp-json\/wp\/v2\/posts"}],"about":[{"href":"https:\/\/blogsaverroes.juntadeandalucia.es\/ceippalaciosrubio\/wp-json\/wp\/v2\/types\/post"}],"author":[{"embeddable":true,"href":"https:\/\/blogsaverroes.juntadeandalucia.es\/ceippalaciosrubio\/wp-json\/wp\/v2\/users\/11766"}],"replies":[{"embeddable":true,"href":"https:\/\/blogsaverroes.juntadeandalucia.es\/ceippalaciosrubio\/wp-json\/wp\/v2\/comments?post=12715"}],"version-history":[{"count":1,"href":"https:\/\/blogsaverroes.juntadeandalucia.es\/ceippalaciosrubio\/wp-json\/wp\/v2\/posts\/12715\/revisions"}],"predecessor-version":[{"id":12720,"href":"https:\/\/blogsaverroes.juntadeandalucia.es\/ceippalaciosrubio\/wp-json\/wp\/v2\/posts\/12715\/revisions\/12720"}],"wp:attachment":[{"href":"https:\/\/blogsaverroes.juntadeandalucia.es\/ceippalaciosrubio\/wp-json\/wp\/v2\/media?parent=12715"}],"wp:term":[{"taxonomy":"category","embeddable":true,"href":"https:\/\/blogsaverroes.juntadeandalucia.es\/ceippalaciosrubio\/wp-json\/wp\/v2\/categories?post=12715"},{"taxonomy":"post_tag","embeddable":true,"href":"https:\/\/blogsaverroes.juntadeandalucia.es\/ceippalaciosrubio\/wp-json\/wp\/v2\/tags?post=12715"}],"curies":[{"name":"wp","href":"https:\/\/api.w.org\/{rel}","templated":true}]}}