{"id":12821,"date":"2025-12-01T08:17:59","date_gmt":"2025-12-01T08:17:59","guid":{"rendered":"https:\/\/blogsaverroes.juntadeandalucia.es\/ceippalaciosrubio\/?p=12821"},"modified":"2025-12-01T08:25:05","modified_gmt":"2025-12-01T08:25:05","slug":"erasmus-32","status":"publish","type":"post","link":"https:\/\/blogsaverroes.juntadeandalucia.es\/ceippalaciosrubio\/erasmus-32\/","title":{"rendered":"Erasmus+"},"content":{"rendered":"<p>\ud83c\udf84\u2728 \u00a1Seguimos viviendo experiencias internacionales en el CEIP Palacios Rubio! \u2728\ud83c\udf84<br \/>\nDentro del proyecto Erasmus+ de nuestro centro, el alumnado contin\u00faa descubriendo el valor real de aprender idiomas y abrir la mente al mundo.<br \/>\n\ud83d\udcee\u2728 El alumnado de 2.\u00ba de Primaria est\u00e1 elaborando preciosas tarjetas navide\u00f1as para compartir con ni\u00f1os y ni\u00f1as de Viena (Austria).<br \/>\n\ud83d\udcec\ud83c\udf0d El alumnado de 6.\u00ba tambi\u00e9n participa enviando sus tarjetas navide\u00f1as al alumnado de Ruman\u00eda.<br \/>\nA trav\u00e9s de esta actividad, nuestros estudiantes comprueban c\u00f3mo el uso del ingl\u00e9s cobra vida en situaciones reales, fomentando valores como el respeto, la tolerancia y una mentalidad abierta hacia otras culturas.<br \/>\n\ud83c\udf10\ud83e\udd1d Adem\u00e1s, seguimos ampliando nuestros contactos europeos para realizar colaboraciones y futuras movilidades que enriquezcan a toda la comunidad educativa.<br \/>\n\ud83d\udc99 Nuestro centro contin\u00faa avanzando en su camino hacia la internacionalizaci\u00f3n, ofreciendo maravillosas oportunidades para aprender, compartir y crecer juntos.<br \/>\n#Internacionalizaci\u00f3n #AprenderJuntos #Navidad #EuropaNosUne<br \/>\n#ErasmusPlus #ProyectosErasmus #CEIPPalaciosRubio #Reducci\u00f3nCoordinaci\u00f3nErasmusPlusYa #Internacionalizaci\u00f3n #SEPIE #CEIPJa\u00e9n #CEPLinares #ErasmusColegios<\/p>\n<p><a href=\"https:\/\/blogsaverroes.juntadeandalucia.es\/ceippalaciosrubio\/files\/2025\/12\/photo_2025-12-01_09-13-12.jpg\"><img loading=\"lazy\" decoding=\"async\" class=\"alignnone size-large wp-image-12822\" src=\"https:\/\/blogsaverroes.juntadeandalucia.es\/ceippalaciosrubio\/files\/2025\/12\/photo_2025-12-01_09-13-12-777x1024.jpg\" alt=\"\" width=\"777\" height=\"1024\" srcset=\"https:\/\/blogsaverroes.juntadeandalucia.es\/ceippalaciosrubio\/files\/2025\/12\/photo_2025-12-01_09-13-12-777x1024.jpg 777w, https:\/\/blogsaverroes.juntadeandalucia.es\/ceippalaciosrubio\/files\/2025\/12\/photo_2025-12-01_09-13-12-228x300.jpg 228w, https:\/\/blogsaverroes.juntadeandalucia.es\/ceippalaciosrubio\/files\/2025\/12\/photo_2025-12-01_09-13-12-768x1012.jpg 768w, https:\/\/blogsaverroes.juntadeandalucia.es\/ceippalaciosrubio\/files\/2025\/12\/photo_2025-12-01_09-13-12.jpg 971w\" sizes=\"(max-width: 777px) 100vw, 777px\" \/><\/a> <a href=\"https:\/\/blogsaverroes.juntadeandalucia.es\/ceippalaciosrubio\/files\/2025\/12\/photo_2025-12-01_09-13-01.jpg\"><img loading=\"lazy\" decoding=\"async\" class=\"alignnone size-large wp-image-12823\" src=\"https:\/\/blogsaverroes.juntadeandalucia.es\/ceippalaciosrubio\/files\/2025\/12\/photo_2025-12-01_09-13-01-777x1024.jpg\" alt=\"\" width=\"777\" height=\"1024\" srcset=\"https:\/\/blogsaverroes.juntadeandalucia.es\/ceippalaciosrubio\/files\/2025\/12\/photo_2025-12-01_09-13-01-777x1024.jpg 777w, https:\/\/blogsaverroes.juntadeandalucia.es\/ceippalaciosrubio\/files\/2025\/12\/photo_2025-12-01_09-13-01-228x300.jpg 228w, https:\/\/blogsaverroes.juntadeandalucia.es\/ceippalaciosrubio\/files\/2025\/12\/photo_2025-12-01_09-13-01-768x1012.jpg 768w, https:\/\/blogsaverroes.juntadeandalucia.es\/ceippalaciosrubio\/files\/2025\/12\/photo_2025-12-01_09-13-01.jpg 971w\" sizes=\"(max-width: 777px) 100vw, 777px\" \/><\/a> <a href=\"https:\/\/blogsaverroes.juntadeandalucia.es\/ceippalaciosrubio\/files\/2025\/12\/photo_2025-12-01_09-13-04.jpg\"><img loading=\"lazy\" decoding=\"async\" class=\"alignnone size-large wp-image-12824\" src=\"https:\/\/blogsaverroes.juntadeandalucia.es\/ceippalaciosrubio\/files\/2025\/12\/photo_2025-12-01_09-13-04-777x1024.jpg\" alt=\"\" width=\"777\" height=\"1024\" srcset=\"https:\/\/blogsaverroes.juntadeandalucia.es\/ceippalaciosrubio\/files\/2025\/12\/photo_2025-12-01_09-13-04-777x1024.jpg 777w, https:\/\/blogsaverroes.juntadeandalucia.es\/ceippalaciosrubio\/files\/2025\/12\/photo_2025-12-01_09-13-04-228x300.jpg 228w, https:\/\/blogsaverroes.juntadeandalucia.es\/ceippalaciosrubio\/files\/2025\/12\/photo_2025-12-01_09-13-04-768x1012.jpg 768w, https:\/\/blogsaverroes.juntadeandalucia.es\/ceippalaciosrubio\/files\/2025\/12\/photo_2025-12-01_09-13-04.jpg 971w\" sizes=\"(max-width: 777px) 100vw, 777px\" \/><\/a> <a href=\"https:\/\/blogsaverroes.juntadeandalucia.es\/ceippalaciosrubio\/files\/2025\/12\/photo_2025-12-01_09-13-07.jpg\"><img loading=\"lazy\" decoding=\"async\" class=\"alignnone size-large wp-image-12825\" src=\"https:\/\/blogsaverroes.juntadeandalucia.es\/ceippalaciosrubio\/files\/2025\/12\/photo_2025-12-01_09-13-07-777x1024.jpg\" alt=\"\" width=\"777\" height=\"1024\" srcset=\"https:\/\/blogsaverroes.juntadeandalucia.es\/ceippalaciosrubio\/files\/2025\/12\/photo_2025-12-01_09-13-07-777x1024.jpg 777w, https:\/\/blogsaverroes.juntadeandalucia.es\/ceippalaciosrubio\/files\/2025\/12\/photo_2025-12-01_09-13-07-228x300.jpg 228w, https:\/\/blogsaverroes.juntadeandalucia.es\/ceippalaciosrubio\/files\/2025\/12\/photo_2025-12-01_09-13-07-768x1012.jpg 768w, https:\/\/blogsaverroes.juntadeandalucia.es\/ceippalaciosrubio\/files\/2025\/12\/photo_2025-12-01_09-13-07.jpg 971w\" sizes=\"(max-width: 777px) 100vw, 777px\" \/><\/a> <a href=\"https:\/\/blogsaverroes.juntadeandalucia.es\/ceippalaciosrubio\/files\/2025\/12\/photo_2025-12-01_09-13-10.jpg\"><img loading=\"lazy\" decoding=\"async\" class=\"alignnone size-large wp-image-12826\" src=\"https:\/\/blogsaverroes.juntadeandalucia.es\/ceippalaciosrubio\/files\/2025\/12\/photo_2025-12-01_09-13-10-1024x576.jpg\" alt=\"\" width=\"1024\" height=\"576\" srcset=\"https:\/\/blogsaverroes.juntadeandalucia.es\/ceippalaciosrubio\/files\/2025\/12\/photo_2025-12-01_09-13-10-1024x576.jpg 1024w, https:\/\/blogsaverroes.juntadeandalucia.es\/ceippalaciosrubio\/files\/2025\/12\/photo_2025-12-01_09-13-10-300x169.jpg 300w, https:\/\/blogsaverroes.juntadeandalucia.es\/ceippalaciosrubio\/files\/2025\/12\/photo_2025-12-01_09-13-10-768x432.jpg 768w, https:\/\/blogsaverroes.juntadeandalucia.es\/ceippalaciosrubio\/files\/2025\/12\/photo_2025-12-01_09-13-10.jpg 1280w\" sizes=\"(max-width: 1024px) 100vw, 1024px\" \/><\/a><\/p>\n","protected":false},"excerpt":{"rendered":"<p>\ud83c\udf84\u2728 \u00a1Seguimos viviendo experiencias internacionales en el CEIP Palacios Rubio! \u2728\ud83c\udf84 Dentro del proyecto Erasmus+ de nuestro centro, el alumnado contin\u00faa descubriendo el valor real de aprender idiomas y abrir la mente al mundo.&#46;&#46;&#46;<\/p>\n","protected":false},"author":11766,"featured_media":0,"comment_status":"open","ping_status":"open","sticky":false,"template":"","format":"standard","meta":{"ngg_post_thumbnail":0,"footnotes":""},"categories":[11909],"tags":[],"aioseo_notices":[],"_links":{"self":[{"href":"https:\/\/blogsaverroes.juntadeandalucia.es\/ceippalaciosrubio\/wp-json\/wp\/v2\/posts\/12821"}],"collection":[{"href":"https:\/\/blogsaverroes.juntadeandalucia.es\/ceippalaciosrubio\/wp-json\/wp\/v2\/posts"}],"about":[{"href":"https:\/\/blogsaverroes.juntadeandalucia.es\/ceippalaciosrubio\/wp-json\/wp\/v2\/types\/post"}],"author":[{"embeddable":true,"href":"https:\/\/blogsaverroes.juntadeandalucia.es\/ceippalaciosrubio\/wp-json\/wp\/v2\/users\/11766"}],"replies":[{"embeddable":true,"href":"https:\/\/blogsaverroes.juntadeandalucia.es\/ceippalaciosrubio\/wp-json\/wp\/v2\/comments?post=12821"}],"version-history":[{"count":1,"href":"https:\/\/blogsaverroes.juntadeandalucia.es\/ceippalaciosrubio\/wp-json\/wp\/v2\/posts\/12821\/revisions"}],"predecessor-version":[{"id":12827,"href":"https:\/\/blogsaverroes.juntadeandalucia.es\/ceippalaciosrubio\/wp-json\/wp\/v2\/posts\/12821\/revisions\/12827"}],"wp:attachment":[{"href":"https:\/\/blogsaverroes.juntadeandalucia.es\/ceippalaciosrubio\/wp-json\/wp\/v2\/media?parent=12821"}],"wp:term":[{"taxonomy":"category","embeddable":true,"href":"https:\/\/blogsaverroes.juntadeandalucia.es\/ceippalaciosrubio\/wp-json\/wp\/v2\/categories?post=12821"},{"taxonomy":"post_tag","embeddable":true,"href":"https:\/\/blogsaverroes.juntadeandalucia.es\/ceippalaciosrubio\/wp-json\/wp\/v2\/tags?post=12821"}],"curies":[{"name":"wp","href":"https:\/\/api.w.org\/{rel}","templated":true}]}}