{"id":12880,"date":"2026-01-26T09:15:28","date_gmt":"2026-01-26T09:15:28","guid":{"rendered":"https:\/\/blogsaverroes.juntadeandalucia.es\/ceippalaciosrubio\/?p=12880"},"modified":"2026-01-26T09:30:24","modified_gmt":"2026-01-26T09:30:24","slug":"erasmus-36","status":"publish","type":"post","link":"https:\/\/blogsaverroes.juntadeandalucia.es\/ceippalaciosrubio\/erasmus-36\/","title":{"rendered":"Erasmus"},"content":{"rendered":"<p>\ud83c\udf0d Nuestro proyecto Erasmus+ sigue sumando voces y emociones \ud83d\udc99<\/p>\n<p>Tras los v\u00eddeos publicado anteriormente ,con los testimonios de familias de<br \/>\nnuestro alumnado de Primaria que han participado en una movilidad Erasmus, hoy compartimos un nuevo v\u00eddeo de otra familia, que tambi\u00e9n ha querido contar su experiencia.<\/p>\n<p>Estas vivencias reflejan el valor de nuestro proyecto Erasmus+ de centro, que no solo enriquece al alumnado, sino que implica a toda la comunidad educativa: familias, profesorado y alumnado, creando recuerdos, aprendizajes y una mirada m\u00e1s abierta al mundo.<\/p>\n<p>Gracias a todas las familias por su implicaci\u00f3n y por compartir una experiencia tan especial \ud83c\udf0d\u2728<\/p>\n<p>Seguimos creciendo juntos a trav\u00e9s de Erasmus+.<br \/>\n#ErasmusPlus<br \/>\n#ErasmusEnFamilia<br \/>\n#MovilidadErasmus<br \/>\n#Educaci\u00f3nPrimaria<br \/>\n#ProyectoErasmus<br \/>\n#ComunidadEducativa<br \/>\n#ErasmusPlus #ProyectosErasmus #CEIPPalaciosRubio #Reducci\u00f3nCoordinaci\u00f3nErasmusPlusYa #Internacionalizaci\u00f3n #SEPIE #CEIPJa\u00e9n #CEPLinares #ErasmusColegios<\/p>\n<p>Movilidad Erasmus alumnado 2025<br \/>\n<iframe loading=\"lazy\" title=\"Movilidad Erasmus 5 alumnado 2025\" width=\"500\" height=\"281\" src=\"https:\/\/www.youtube.com\/embed\/DqMVHZOPWBE?feature=oembed&#038;wmode=opaque\" frameborder=\"0\" allow=\"accelerometer; autoplay; clipboard-write; encrypted-media; gyroscope; picture-in-picture; web-share\" referrerpolicy=\"strict-origin-when-cross-origin\" allowfullscreen><\/iframe><\/p>\n<p><iframe loading=\"lazy\" title=\"Movilidad Erasmus 5 alumnado 2025\" width=\"500\" height=\"281\" src=\"https:\/\/www.youtube.com\/embed\/DqMVHZOPWBE?feature=oembed&#038;wmode=opaque\" frameborder=\"0\" allow=\"accelerometer; autoplay; clipboard-write; encrypted-media; gyroscope; picture-in-picture; web-share\" referrerpolicy=\"strict-origin-when-cross-origin\" allowfullscreen><\/iframe><\/p>\n","protected":false},"excerpt":{"rendered":"<p>\ud83c\udf0d Nuestro proyecto Erasmus+ sigue sumando voces y emociones \ud83d\udc99 Tras los v\u00eddeos publicado anteriormente ,con los testimonios de familias de nuestro alumnado de Primaria que han participado en una movilidad Erasmus, hoy compartimos&#46;&#46;&#46;<\/p>\n","protected":false},"author":11766,"featured_media":0,"comment_status":"open","ping_status":"open","sticky":false,"template":"","format":"standard","meta":{"ngg_post_thumbnail":0,"footnotes":""},"categories":[11909],"tags":[],"aioseo_notices":[],"_links":{"self":[{"href":"https:\/\/blogsaverroes.juntadeandalucia.es\/ceippalaciosrubio\/wp-json\/wp\/v2\/posts\/12880"}],"collection":[{"href":"https:\/\/blogsaverroes.juntadeandalucia.es\/ceippalaciosrubio\/wp-json\/wp\/v2\/posts"}],"about":[{"href":"https:\/\/blogsaverroes.juntadeandalucia.es\/ceippalaciosrubio\/wp-json\/wp\/v2\/types\/post"}],"author":[{"embeddable":true,"href":"https:\/\/blogsaverroes.juntadeandalucia.es\/ceippalaciosrubio\/wp-json\/wp\/v2\/users\/11766"}],"replies":[{"embeddable":true,"href":"https:\/\/blogsaverroes.juntadeandalucia.es\/ceippalaciosrubio\/wp-json\/wp\/v2\/comments?post=12880"}],"version-history":[{"count":1,"href":"https:\/\/blogsaverroes.juntadeandalucia.es\/ceippalaciosrubio\/wp-json\/wp\/v2\/posts\/12880\/revisions"}],"predecessor-version":[{"id":12881,"href":"https:\/\/blogsaverroes.juntadeandalucia.es\/ceippalaciosrubio\/wp-json\/wp\/v2\/posts\/12880\/revisions\/12881"}],"wp:attachment":[{"href":"https:\/\/blogsaverroes.juntadeandalucia.es\/ceippalaciosrubio\/wp-json\/wp\/v2\/media?parent=12880"}],"wp:term":[{"taxonomy":"category","embeddable":true,"href":"https:\/\/blogsaverroes.juntadeandalucia.es\/ceippalaciosrubio\/wp-json\/wp\/v2\/categories?post=12880"},{"taxonomy":"post_tag","embeddable":true,"href":"https:\/\/blogsaverroes.juntadeandalucia.es\/ceippalaciosrubio\/wp-json\/wp\/v2\/tags?post=12880"}],"curies":[{"name":"wp","href":"https:\/\/api.w.org\/{rel}","templated":true}]}}