{"id":12902,"date":"2026-02-11T08:40:05","date_gmt":"2026-02-11T08:40:05","guid":{"rendered":"https:\/\/blogsaverroes.juntadeandalucia.es\/ceippalaciosrubio\/?p=12902"},"modified":"2026-02-11T08:43:54","modified_gmt":"2026-02-11T08:43:54","slug":"12902-2","status":"publish","type":"post","link":"https:\/\/blogsaverroes.juntadeandalucia.es\/ceippalaciosrubio\/12902-2\/","title":{"rendered":"Erasmus Portugal"},"content":{"rendered":"<p>\ud83c\uddea\ud83c\uddfa El CEIP Palacios Rubio en Portugal &#8211; Co\u00edmbra \ud83c\uddf5\ud83c\uddf9<br \/>\nLa dimensi\u00f3n europea de nuestro centro sigue creciendo gracias a nuestro proyecto KA121 Erasmus+.<\/p>\n<p>En esta ocasi\u00f3n, el maestro Pablo P. se encuentra en el Colegio Novo de Coimbra, participando en una estancia de jobshadowing que est\u00e1 resultando ser una experiencia muy enriquecedora conociendo nuevas metodolog\u00edas y formas de organizaci\u00f3n que ampl\u00edan la perspectiva docente.<\/p>\n<p>Durante estos d\u00edas ,nuestro maestro, ha podido observar un innovador Proyecto Col\u00e9gio 6.0. , donde la tecnolog\u00eda no es el fin, sino una herramienta invisible que potencia la creatividad. Los alumnos protagonizan su aprendizaje mediante:<\/p>\n<p>\u2713Proyectos interdisciplinares: Integraci\u00f3n de rob\u00f3tica y programaci\u00f3n con la escritura creativa y el arte.<\/p>\n<p>\u2713 Pensamiento cr\u00edtico: El uso de herramientas digitales para resolver retos complejos.<\/p>\n<p>\u2713 Aprendizaje H\u00edbrido: Uso de espacios flexibles que se adaptan a cada necesidad pedag\u00f3gica, permitiendo una colaboraci\u00f3n constante.<\/p>\n<p>Seguimos aprendiendo y creciendo en Europa para traer las mejores pr\u00e1cticas a nuestras aulas.<br \/>\n#ErasmusPlus #KA121 #CEIPPalaciosRubio #Innovaci\u00f3nEducativa #ErasmusPlus #ProyectosErasmus #CEIPPalaciosRubio #Reducci\u00f3nCoordinaci\u00f3nErasmusPlusYa #Internacionalizaci\u00f3n #SEPIE #CEIPJa\u00e9n #CEPLinares #ErasmusColegios<\/p>\n<p><a href=\"https:\/\/blogsaverroes.juntadeandalucia.es\/ceippalaciosrubio\/files\/2026\/02\/photo_2026-02-11_09-01-26.jpg\"><img loading=\"lazy\" decoding=\"async\" class=\"alignnone size-large wp-image-12903\" src=\"https:\/\/blogsaverroes.juntadeandalucia.es\/ceippalaciosrubio\/files\/2026\/02\/photo_2026-02-11_09-01-26-777x1024.jpg\" alt=\"\" width=\"777\" height=\"1024\" srcset=\"https:\/\/blogsaverroes.juntadeandalucia.es\/ceippalaciosrubio\/files\/2026\/02\/photo_2026-02-11_09-01-26-777x1024.jpg 777w, https:\/\/blogsaverroes.juntadeandalucia.es\/ceippalaciosrubio\/files\/2026\/02\/photo_2026-02-11_09-01-26-228x300.jpg 228w, https:\/\/blogsaverroes.juntadeandalucia.es\/ceippalaciosrubio\/files\/2026\/02\/photo_2026-02-11_09-01-26-768x1012.jpg 768w, https:\/\/blogsaverroes.juntadeandalucia.es\/ceippalaciosrubio\/files\/2026\/02\/photo_2026-02-11_09-01-26.jpg 971w\" sizes=\"(max-width: 777px) 100vw, 777px\" \/><\/a> <a href=\"https:\/\/blogsaverroes.juntadeandalucia.es\/ceippalaciosrubio\/files\/2026\/02\/photo_2026-02-11_09-01-41.jpg\"><img loading=\"lazy\" decoding=\"async\" class=\"alignnone size-large wp-image-12904\" src=\"https:\/\/blogsaverroes.juntadeandalucia.es\/ceippalaciosrubio\/files\/2026\/02\/photo_2026-02-11_09-01-41-777x1024.jpg\" alt=\"\" width=\"777\" height=\"1024\" srcset=\"https:\/\/blogsaverroes.juntadeandalucia.es\/ceippalaciosrubio\/files\/2026\/02\/photo_2026-02-11_09-01-41-777x1024.jpg 777w, https:\/\/blogsaverroes.juntadeandalucia.es\/ceippalaciosrubio\/files\/2026\/02\/photo_2026-02-11_09-01-41-228x300.jpg 228w, https:\/\/blogsaverroes.juntadeandalucia.es\/ceippalaciosrubio\/files\/2026\/02\/photo_2026-02-11_09-01-41-768x1012.jpg 768w, https:\/\/blogsaverroes.juntadeandalucia.es\/ceippalaciosrubio\/files\/2026\/02\/photo_2026-02-11_09-01-41.jpg 971w\" sizes=\"(max-width: 777px) 100vw, 777px\" \/><\/a> <a href=\"https:\/\/blogsaverroes.juntadeandalucia.es\/ceippalaciosrubio\/files\/2026\/02\/photo_2026-02-11_09-01-47.jpg\"><img loading=\"lazy\" decoding=\"async\" class=\"alignnone size-large wp-image-12905\" src=\"https:\/\/blogsaverroes.juntadeandalucia.es\/ceippalaciosrubio\/files\/2026\/02\/photo_2026-02-11_09-01-47-777x1024.jpg\" alt=\"\" width=\"777\" height=\"1024\" srcset=\"https:\/\/blogsaverroes.juntadeandalucia.es\/ceippalaciosrubio\/files\/2026\/02\/photo_2026-02-11_09-01-47-777x1024.jpg 777w, https:\/\/blogsaverroes.juntadeandalucia.es\/ceippalaciosrubio\/files\/2026\/02\/photo_2026-02-11_09-01-47-228x300.jpg 228w, https:\/\/blogsaverroes.juntadeandalucia.es\/ceippalaciosrubio\/files\/2026\/02\/photo_2026-02-11_09-01-47-768x1012.jpg 768w, https:\/\/blogsaverroes.juntadeandalucia.es\/ceippalaciosrubio\/files\/2026\/02\/photo_2026-02-11_09-01-47.jpg 971w\" sizes=\"(max-width: 777px) 100vw, 777px\" \/><\/a><\/p>\n","protected":false},"excerpt":{"rendered":"<p>\ud83c\uddea\ud83c\uddfa El CEIP Palacios Rubio en Portugal &#8211; Co\u00edmbra \ud83c\uddf5\ud83c\uddf9 La dimensi\u00f3n europea de nuestro centro sigue creciendo gracias a nuestro proyecto KA121 Erasmus+. En esta ocasi\u00f3n, el maestro Pablo P. se encuentra en&#46;&#46;&#46;<\/p>\n","protected":false},"author":11766,"featured_media":0,"comment_status":"open","ping_status":"open","sticky":false,"template":"","format":"standard","meta":{"ngg_post_thumbnail":0,"footnotes":""},"categories":[11909],"tags":[],"aioseo_notices":[],"_links":{"self":[{"href":"https:\/\/blogsaverroes.juntadeandalucia.es\/ceippalaciosrubio\/wp-json\/wp\/v2\/posts\/12902"}],"collection":[{"href":"https:\/\/blogsaverroes.juntadeandalucia.es\/ceippalaciosrubio\/wp-json\/wp\/v2\/posts"}],"about":[{"href":"https:\/\/blogsaverroes.juntadeandalucia.es\/ceippalaciosrubio\/wp-json\/wp\/v2\/types\/post"}],"author":[{"embeddable":true,"href":"https:\/\/blogsaverroes.juntadeandalucia.es\/ceippalaciosrubio\/wp-json\/wp\/v2\/users\/11766"}],"replies":[{"embeddable":true,"href":"https:\/\/blogsaverroes.juntadeandalucia.es\/ceippalaciosrubio\/wp-json\/wp\/v2\/comments?post=12902"}],"version-history":[{"count":3,"href":"https:\/\/blogsaverroes.juntadeandalucia.es\/ceippalaciosrubio\/wp-json\/wp\/v2\/posts\/12902\/revisions"}],"predecessor-version":[{"id":12908,"href":"https:\/\/blogsaverroes.juntadeandalucia.es\/ceippalaciosrubio\/wp-json\/wp\/v2\/posts\/12902\/revisions\/12908"}],"wp:attachment":[{"href":"https:\/\/blogsaverroes.juntadeandalucia.es\/ceippalaciosrubio\/wp-json\/wp\/v2\/media?parent=12902"}],"wp:term":[{"taxonomy":"category","embeddable":true,"href":"https:\/\/blogsaverroes.juntadeandalucia.es\/ceippalaciosrubio\/wp-json\/wp\/v2\/categories?post=12902"},{"taxonomy":"post_tag","embeddable":true,"href":"https:\/\/blogsaverroes.juntadeandalucia.es\/ceippalaciosrubio\/wp-json\/wp\/v2\/tags?post=12902"}],"curies":[{"name":"wp","href":"https:\/\/api.w.org\/{rel}","templated":true}]}}