{"id":12989,"date":"2026-03-04T09:17:04","date_gmt":"2026-03-04T09:17:04","guid":{"rendered":"https:\/\/blogsaverroes.juntadeandalucia.es\/ceippalaciosrubio\/?p=12989"},"modified":"2026-03-04T09:24:39","modified_gmt":"2026-03-04T09:24:39","slug":"12989-2","status":"publish","type":"post","link":"https:\/\/blogsaverroes.juntadeandalucia.es\/ceippalaciosrubio\/12989-2\/","title":{"rendered":"Erasmus"},"content":{"rendered":"<p>\ud83c\udf0d\u2728 \ud83c\uddea\ud83c\uddfaErasmus+: puertas abiertas para crecer juntos \u2728\ud83c\udf0d<\/p>\n<p>En el marco de nuestra acreditaci\u00f3n Erasmus+, el CEIP Palacios Rubio ha recibido esta semana a dos maestras de Budapest (Hungr\u00eda), del centro amigo con el que compartimos ya un camino de intercambio y aprendizaje mutuo. Nuestros colegios contin\u00faan fortaleciendo lazos para mejorar la educaci\u00f3n de nuestro alumnado y el desarrollo de nuestro profesorado.<\/p>\n<p>Su llegada fue muy especial: nuestro alumnado interpret\u00f3 el himno de Andaluc\u00eda con la flauta, explic\u00f3 la historia de nuestro pueblo y bail\u00f3 sevillanas junto a sus maestras. Tambi\u00e9n pudieron degustar productos t\u00edpicos de nuestra tierra, viviendo de cerca nuestra cultura y tradiciones.<\/p>\n<p>Durante la semana han observado c\u00f3mo trabajamos las distintas \u00e1reas de forma pr\u00e1ctica y competencial, llev\u00e1ndose muchas ideas para aplicar en su centro. Adem\u00e1s, hemos compartido momentos culturales visitando nuestro entorno, como \u00dabeda y Ba\u00f1os de la Encina, y conociendo el proceso de elaboraci\u00f3n del aceite de oliva.<\/p>\n<p>Nuestro alumnado y profesorado tambi\u00e9n ha podido practicar ingl\u00e9s en situaciones reales, demostrando que aprender va mucho m\u00e1s all\u00e1 del aula.<\/p>\n<p>Porque cada vez que abrimos las puertas de nuestro colegio, abrimos tambi\u00e9n nuevas oportunidades para crecer. \ud83d\udc9a\ud83c\uddea\ud83c\uddf8\ud83c\udded\ud83c\uddfa<\/p>\n<p>#ErasmusPlus #Internacionalizaci\u00f3n #CEIPPalaciosRubio #ErasmusPlus #ProyectosErasmus #CEIPPalaciosRubio #Reducci\u00f3nCoordinaci\u00f3nErasmusPlusYa #Internacionalizaci\u00f3n #SEPIE #CEIPJa\u00e9n #CEPLinares #ErasmusColegios<\/p>\n<p><a href=\"https:\/\/blogsaverroes.juntadeandalucia.es\/ceippalaciosrubio\/files\/2026\/03\/photo_2026-03-03_13-18-36.jpg\"><img loading=\"lazy\" decoding=\"async\" class=\"alignnone size-large wp-image-12990\" src=\"https:\/\/blogsaverroes.juntadeandalucia.es\/ceippalaciosrubio\/files\/2026\/03\/photo_2026-03-03_13-18-36-1024x768.jpg\" alt=\"\" width=\"1024\" height=\"768\" srcset=\"https:\/\/blogsaverroes.juntadeandalucia.es\/ceippalaciosrubio\/files\/2026\/03\/photo_2026-03-03_13-18-36-1024x768.jpg 1024w, https:\/\/blogsaverroes.juntadeandalucia.es\/ceippalaciosrubio\/files\/2026\/03\/photo_2026-03-03_13-18-36-300x225.jpg 300w, https:\/\/blogsaverroes.juntadeandalucia.es\/ceippalaciosrubio\/files\/2026\/03\/photo_2026-03-03_13-18-36-768x576.jpg 768w, https:\/\/blogsaverroes.juntadeandalucia.es\/ceippalaciosrubio\/files\/2026\/03\/photo_2026-03-03_13-18-36.jpg 1280w\" sizes=\"(max-width: 1024px) 100vw, 1024px\" \/><\/a> <a href=\"https:\/\/blogsaverroes.juntadeandalucia.es\/ceippalaciosrubio\/files\/2026\/03\/photo_2026-03-03_13-18-39.jpg\"><img loading=\"lazy\" decoding=\"async\" class=\"alignnone size-large wp-image-12991\" src=\"https:\/\/blogsaverroes.juntadeandalucia.es\/ceippalaciosrubio\/files\/2026\/03\/photo_2026-03-03_13-18-39-1024x768.jpg\" alt=\"\" width=\"1024\" height=\"768\" srcset=\"https:\/\/blogsaverroes.juntadeandalucia.es\/ceippalaciosrubio\/files\/2026\/03\/photo_2026-03-03_13-18-39-1024x768.jpg 1024w, https:\/\/blogsaverroes.juntadeandalucia.es\/ceippalaciosrubio\/files\/2026\/03\/photo_2026-03-03_13-18-39-300x225.jpg 300w, https:\/\/blogsaverroes.juntadeandalucia.es\/ceippalaciosrubio\/files\/2026\/03\/photo_2026-03-03_13-18-39-768x576.jpg 768w, https:\/\/blogsaverroes.juntadeandalucia.es\/ceippalaciosrubio\/files\/2026\/03\/photo_2026-03-03_13-18-39.jpg 1280w\" sizes=\"(max-width: 1024px) 100vw, 1024px\" \/><\/a> <a href=\"https:\/\/blogsaverroes.juntadeandalucia.es\/ceippalaciosrubio\/files\/2026\/03\/photo_2026-03-03_13-18-41.jpg\"><img loading=\"lazy\" decoding=\"async\" class=\"alignnone size-large wp-image-12992\" src=\"https:\/\/blogsaverroes.juntadeandalucia.es\/ceippalaciosrubio\/files\/2026\/03\/photo_2026-03-03_13-18-41-1024x768.jpg\" alt=\"\" width=\"1024\" height=\"768\" srcset=\"https:\/\/blogsaverroes.juntadeandalucia.es\/ceippalaciosrubio\/files\/2026\/03\/photo_2026-03-03_13-18-41-1024x768.jpg 1024w, https:\/\/blogsaverroes.juntadeandalucia.es\/ceippalaciosrubio\/files\/2026\/03\/photo_2026-03-03_13-18-41-300x225.jpg 300w, https:\/\/blogsaverroes.juntadeandalucia.es\/ceippalaciosrubio\/files\/2026\/03\/photo_2026-03-03_13-18-41-768x576.jpg 768w, https:\/\/blogsaverroes.juntadeandalucia.es\/ceippalaciosrubio\/files\/2026\/03\/photo_2026-03-03_13-18-41.jpg 1280w\" sizes=\"(max-width: 1024px) 100vw, 1024px\" \/><\/a> <a href=\"https:\/\/blogsaverroes.juntadeandalucia.es\/ceippalaciosrubio\/files\/2026\/03\/photo_2026-03-03_13-18-43.jpg\"><img loading=\"lazy\" decoding=\"async\" class=\"alignnone size-large wp-image-12993\" src=\"https:\/\/blogsaverroes.juntadeandalucia.es\/ceippalaciosrubio\/files\/2026\/03\/photo_2026-03-03_13-18-43-1024x768.jpg\" alt=\"\" width=\"1024\" height=\"768\" srcset=\"https:\/\/blogsaverroes.juntadeandalucia.es\/ceippalaciosrubio\/files\/2026\/03\/photo_2026-03-03_13-18-43-1024x768.jpg 1024w, https:\/\/blogsaverroes.juntadeandalucia.es\/ceippalaciosrubio\/files\/2026\/03\/photo_2026-03-03_13-18-43-300x225.jpg 300w, https:\/\/blogsaverroes.juntadeandalucia.es\/ceippalaciosrubio\/files\/2026\/03\/photo_2026-03-03_13-18-43-768x576.jpg 768w, https:\/\/blogsaverroes.juntadeandalucia.es\/ceippalaciosrubio\/files\/2026\/03\/photo_2026-03-03_13-18-43.jpg 1280w\" sizes=\"(max-width: 1024px) 100vw, 1024px\" \/><\/a> <a href=\"https:\/\/blogsaverroes.juntadeandalucia.es\/ceippalaciosrubio\/files\/2026\/03\/photo_2026-03-03_13-18-46.jpg\"><img loading=\"lazy\" decoding=\"async\" class=\"alignnone size-large wp-image-12994\" src=\"https:\/\/blogsaverroes.juntadeandalucia.es\/ceippalaciosrubio\/files\/2026\/03\/photo_2026-03-03_13-18-46-1024x768.jpg\" alt=\"\" width=\"1024\" height=\"768\" srcset=\"https:\/\/blogsaverroes.juntadeandalucia.es\/ceippalaciosrubio\/files\/2026\/03\/photo_2026-03-03_13-18-46-1024x768.jpg 1024w, https:\/\/blogsaverroes.juntadeandalucia.es\/ceippalaciosrubio\/files\/2026\/03\/photo_2026-03-03_13-18-46-300x225.jpg 300w, https:\/\/blogsaverroes.juntadeandalucia.es\/ceippalaciosrubio\/files\/2026\/03\/photo_2026-03-03_13-18-46-768x576.jpg 768w, https:\/\/blogsaverroes.juntadeandalucia.es\/ceippalaciosrubio\/files\/2026\/03\/photo_2026-03-03_13-18-46.jpg 1280w\" sizes=\"(max-width: 1024px) 100vw, 1024px\" \/><\/a> <a href=\"https:\/\/blogsaverroes.juntadeandalucia.es\/ceippalaciosrubio\/files\/2026\/03\/photo_2026-03-03_13-18-49.jpg\"><img loading=\"lazy\" decoding=\"async\" class=\"alignnone size-large wp-image-12995\" src=\"https:\/\/blogsaverroes.juntadeandalucia.es\/ceippalaciosrubio\/files\/2026\/03\/photo_2026-03-03_13-18-49-1024x768.jpg\" alt=\"\" width=\"1024\" height=\"768\" srcset=\"https:\/\/blogsaverroes.juntadeandalucia.es\/ceippalaciosrubio\/files\/2026\/03\/photo_2026-03-03_13-18-49-1024x768.jpg 1024w, https:\/\/blogsaverroes.juntadeandalucia.es\/ceippalaciosrubio\/files\/2026\/03\/photo_2026-03-03_13-18-49-300x225.jpg 300w, https:\/\/blogsaverroes.juntadeandalucia.es\/ceippalaciosrubio\/files\/2026\/03\/photo_2026-03-03_13-18-49-768x576.jpg 768w, https:\/\/blogsaverroes.juntadeandalucia.es\/ceippalaciosrubio\/files\/2026\/03\/photo_2026-03-03_13-18-49.jpg 1280w\" sizes=\"(max-width: 1024px) 100vw, 1024px\" \/><\/a> <a href=\"https:\/\/blogsaverroes.juntadeandalucia.es\/ceippalaciosrubio\/files\/2026\/03\/photo_2026-03-03_13-18-50.jpg\"><img loading=\"lazy\" decoding=\"async\" class=\"alignnone size-large wp-image-12996\" src=\"https:\/\/blogsaverroes.juntadeandalucia.es\/ceippalaciosrubio\/files\/2026\/03\/photo_2026-03-03_13-18-50-1024x768.jpg\" alt=\"\" width=\"1024\" height=\"768\" srcset=\"https:\/\/blogsaverroes.juntadeandalucia.es\/ceippalaciosrubio\/files\/2026\/03\/photo_2026-03-03_13-18-50-1024x768.jpg 1024w, https:\/\/blogsaverroes.juntadeandalucia.es\/ceippalaciosrubio\/files\/2026\/03\/photo_2026-03-03_13-18-50-300x225.jpg 300w, https:\/\/blogsaverroes.juntadeandalucia.es\/ceippalaciosrubio\/files\/2026\/03\/photo_2026-03-03_13-18-50-768x576.jpg 768w, https:\/\/blogsaverroes.juntadeandalucia.es\/ceippalaciosrubio\/files\/2026\/03\/photo_2026-03-03_13-18-50.jpg 1280w\" sizes=\"(max-width: 1024px) 100vw, 1024px\" \/><\/a> <a href=\"https:\/\/blogsaverroes.juntadeandalucia.es\/ceippalaciosrubio\/files\/2026\/03\/photo_2026-03-03_13-18-53.jpg\"><img loading=\"lazy\" decoding=\"async\" class=\"alignnone size-large wp-image-12997\" src=\"https:\/\/blogsaverroes.juntadeandalucia.es\/ceippalaciosrubio\/files\/2026\/03\/photo_2026-03-03_13-18-53-768x1024.jpg\" alt=\"\" width=\"768\" height=\"1024\" srcset=\"https:\/\/blogsaverroes.juntadeandalucia.es\/ceippalaciosrubio\/files\/2026\/03\/photo_2026-03-03_13-18-53-768x1024.jpg 768w, https:\/\/blogsaverroes.juntadeandalucia.es\/ceippalaciosrubio\/files\/2026\/03\/photo_2026-03-03_13-18-53-225x300.jpg 225w, https:\/\/blogsaverroes.juntadeandalucia.es\/ceippalaciosrubio\/files\/2026\/03\/photo_2026-03-03_13-18-53.jpg 960w\" sizes=\"(max-width: 768px) 100vw, 768px\" \/><\/a> <a href=\"https:\/\/blogsaverroes.juntadeandalucia.es\/ceippalaciosrubio\/files\/2026\/03\/photo_2026-03-03_13-18-57.jpg\"><img loading=\"lazy\" decoding=\"async\" class=\"alignnone size-large wp-image-12998\" src=\"https:\/\/blogsaverroes.juntadeandalucia.es\/ceippalaciosrubio\/files\/2026\/03\/photo_2026-03-03_13-18-57-768x1024.jpg\" alt=\"\" width=\"768\" height=\"1024\" srcset=\"https:\/\/blogsaverroes.juntadeandalucia.es\/ceippalaciosrubio\/files\/2026\/03\/photo_2026-03-03_13-18-57-768x1024.jpg 768w, https:\/\/blogsaverroes.juntadeandalucia.es\/ceippalaciosrubio\/files\/2026\/03\/photo_2026-03-03_13-18-57-225x300.jpg 225w, https:\/\/blogsaverroes.juntadeandalucia.es\/ceippalaciosrubio\/files\/2026\/03\/photo_2026-03-03_13-18-57.jpg 960w\" sizes=\"(max-width: 768px) 100vw, 768px\" \/><\/a> <a href=\"https:\/\/blogsaverroes.juntadeandalucia.es\/ceippalaciosrubio\/files\/2026\/03\/photo_2026-03-03_13-19-01.jpg\"><img loading=\"lazy\" decoding=\"async\" class=\"alignnone size-large wp-image-12999\" src=\"https:\/\/blogsaverroes.juntadeandalucia.es\/ceippalaciosrubio\/files\/2026\/03\/photo_2026-03-03_13-19-01-1024x768.jpg\" alt=\"\" width=\"1024\" height=\"768\" srcset=\"https:\/\/blogsaverroes.juntadeandalucia.es\/ceippalaciosrubio\/files\/2026\/03\/photo_2026-03-03_13-19-01-1024x768.jpg 1024w, https:\/\/blogsaverroes.juntadeandalucia.es\/ceippalaciosrubio\/files\/2026\/03\/photo_2026-03-03_13-19-01-300x225.jpg 300w, https:\/\/blogsaverroes.juntadeandalucia.es\/ceippalaciosrubio\/files\/2026\/03\/photo_2026-03-03_13-19-01-768x576.jpg 768w, https:\/\/blogsaverroes.juntadeandalucia.es\/ceippalaciosrubio\/files\/2026\/03\/photo_2026-03-03_13-19-01.jpg 1280w\" sizes=\"(max-width: 1024px) 100vw, 1024px\" \/><\/a> <a href=\"https:\/\/blogsaverroes.juntadeandalucia.es\/ceippalaciosrubio\/files\/2026\/03\/photo_2026-03-03_13-19-04.jpg\"><img loading=\"lazy\" decoding=\"async\" class=\"alignnone size-large wp-image-13000\" src=\"https:\/\/blogsaverroes.juntadeandalucia.es\/ceippalaciosrubio\/files\/2026\/03\/photo_2026-03-03_13-19-04-1024x768.jpg\" alt=\"\" width=\"1024\" height=\"768\" srcset=\"https:\/\/blogsaverroes.juntadeandalucia.es\/ceippalaciosrubio\/files\/2026\/03\/photo_2026-03-03_13-19-04-1024x768.jpg 1024w, https:\/\/blogsaverroes.juntadeandalucia.es\/ceippalaciosrubio\/files\/2026\/03\/photo_2026-03-03_13-19-04-300x225.jpg 300w, https:\/\/blogsaverroes.juntadeandalucia.es\/ceippalaciosrubio\/files\/2026\/03\/photo_2026-03-03_13-19-04-768x576.jpg 768w, https:\/\/blogsaverroes.juntadeandalucia.es\/ceippalaciosrubio\/files\/2026\/03\/photo_2026-03-03_13-19-04.jpg 1280w\" sizes=\"(max-width: 1024px) 100vw, 1024px\" \/><\/a> <a href=\"https:\/\/blogsaverroes.juntadeandalucia.es\/ceippalaciosrubio\/files\/2026\/03\/photo_2026-03-03_13-19-07.jpg\"><img loading=\"lazy\" decoding=\"async\" class=\"alignnone size-large wp-image-13001\" src=\"https:\/\/blogsaverroes.juntadeandalucia.es\/ceippalaciosrubio\/files\/2026\/03\/photo_2026-03-03_13-19-07-458x1024.jpg\" alt=\"\" width=\"458\" height=\"1024\" srcset=\"https:\/\/blogsaverroes.juntadeandalucia.es\/ceippalaciosrubio\/files\/2026\/03\/photo_2026-03-03_13-19-07-458x1024.jpg 458w, https:\/\/blogsaverroes.juntadeandalucia.es\/ceippalaciosrubio\/files\/2026\/03\/photo_2026-03-03_13-19-07-134x300.jpg 134w, https:\/\/blogsaverroes.juntadeandalucia.es\/ceippalaciosrubio\/files\/2026\/03\/photo_2026-03-03_13-19-07.jpg 573w\" sizes=\"(max-width: 458px) 100vw, 458px\" \/><\/a> <a href=\"https:\/\/blogsaverroes.juntadeandalucia.es\/ceippalaciosrubio\/files\/2026\/03\/photo_2026-03-03_13-19-11.jpg\"><img loading=\"lazy\" decoding=\"async\" class=\"alignnone size-large wp-image-13002\" src=\"https:\/\/blogsaverroes.juntadeandalucia.es\/ceippalaciosrubio\/files\/2026\/03\/photo_2026-03-03_13-19-11-1024x768.jpg\" alt=\"\" width=\"1024\" height=\"768\" srcset=\"https:\/\/blogsaverroes.juntadeandalucia.es\/ceippalaciosrubio\/files\/2026\/03\/photo_2026-03-03_13-19-11-1024x768.jpg 1024w, https:\/\/blogsaverroes.juntadeandalucia.es\/ceippalaciosrubio\/files\/2026\/03\/photo_2026-03-03_13-19-11-300x225.jpg 300w, https:\/\/blogsaverroes.juntadeandalucia.es\/ceippalaciosrubio\/files\/2026\/03\/photo_2026-03-03_13-19-11-768x576.jpg 768w, https:\/\/blogsaverroes.juntadeandalucia.es\/ceippalaciosrubio\/files\/2026\/03\/photo_2026-03-03_13-19-11.jpg 1280w\" sizes=\"(max-width: 1024px) 100vw, 1024px\" \/><\/a> <a href=\"https:\/\/blogsaverroes.juntadeandalucia.es\/ceippalaciosrubio\/files\/2026\/03\/photo_2026-03-03_13-19-14.jpg\"><img loading=\"lazy\" decoding=\"async\" class=\"alignnone size-large wp-image-13003\" src=\"https:\/\/blogsaverroes.juntadeandalucia.es\/ceippalaciosrubio\/files\/2026\/03\/photo_2026-03-03_13-19-14-1024x768.jpg\" alt=\"\" width=\"1024\" height=\"768\" srcset=\"https:\/\/blogsaverroes.juntadeandalucia.es\/ceippalaciosrubio\/files\/2026\/03\/photo_2026-03-03_13-19-14-1024x768.jpg 1024w, https:\/\/blogsaverroes.juntadeandalucia.es\/ceippalaciosrubio\/files\/2026\/03\/photo_2026-03-03_13-19-14-300x225.jpg 300w, https:\/\/blogsaverroes.juntadeandalucia.es\/ceippalaciosrubio\/files\/2026\/03\/photo_2026-03-03_13-19-14-768x576.jpg 768w, https:\/\/blogsaverroes.juntadeandalucia.es\/ceippalaciosrubio\/files\/2026\/03\/photo_2026-03-03_13-19-14.jpg 1280w\" sizes=\"(max-width: 1024px) 100vw, 1024px\" \/><\/a> <a href=\"https:\/\/blogsaverroes.juntadeandalucia.es\/ceippalaciosrubio\/files\/2026\/03\/photo_2026-03-03_13-19-17.jpg\"><img loading=\"lazy\" decoding=\"async\" class=\"alignnone size-large wp-image-13004\" src=\"https:\/\/blogsaverroes.juntadeandalucia.es\/ceippalaciosrubio\/files\/2026\/03\/photo_2026-03-03_13-19-17-1024x768.jpg\" alt=\"\" width=\"1024\" height=\"768\" srcset=\"https:\/\/blogsaverroes.juntadeandalucia.es\/ceippalaciosrubio\/files\/2026\/03\/photo_2026-03-03_13-19-17-1024x768.jpg 1024w, https:\/\/blogsaverroes.juntadeandalucia.es\/ceippalaciosrubio\/files\/2026\/03\/photo_2026-03-03_13-19-17-300x225.jpg 300w, https:\/\/blogsaverroes.juntadeandalucia.es\/ceippalaciosrubio\/files\/2026\/03\/photo_2026-03-03_13-19-17-768x576.jpg 768w, https:\/\/blogsaverroes.juntadeandalucia.es\/ceippalaciosrubio\/files\/2026\/03\/photo_2026-03-03_13-19-17.jpg 1280w\" sizes=\"(max-width: 1024px) 100vw, 1024px\" \/><\/a> <a href=\"https:\/\/blogsaverroes.juntadeandalucia.es\/ceippalaciosrubio\/files\/2026\/03\/photo_2026-03-03_13-19-20.jpg\"><img loading=\"lazy\" decoding=\"async\" class=\"alignnone size-large wp-image-13005\" src=\"https:\/\/blogsaverroes.juntadeandalucia.es\/ceippalaciosrubio\/files\/2026\/03\/photo_2026-03-03_13-19-20-770x1024.jpg\" alt=\"\" width=\"770\" height=\"1024\" srcset=\"https:\/\/blogsaverroes.juntadeandalucia.es\/ceippalaciosrubio\/files\/2026\/03\/photo_2026-03-03_13-19-20-770x1024.jpg 770w, https:\/\/blogsaverroes.juntadeandalucia.es\/ceippalaciosrubio\/files\/2026\/03\/photo_2026-03-03_13-19-20-226x300.jpg 226w, https:\/\/blogsaverroes.juntadeandalucia.es\/ceippalaciosrubio\/files\/2026\/03\/photo_2026-03-03_13-19-20-768x1021.jpg 768w, https:\/\/blogsaverroes.juntadeandalucia.es\/ceippalaciosrubio\/files\/2026\/03\/photo_2026-03-03_13-19-20.jpg 963w\" sizes=\"(max-width: 770px) 100vw, 770px\" \/><\/a> <a href=\"https:\/\/blogsaverroes.juntadeandalucia.es\/ceippalaciosrubio\/files\/2026\/03\/photo_2026-03-03_13-19-24.jpg\"><img loading=\"lazy\" decoding=\"async\" class=\"alignnone size-large wp-image-13006\" src=\"https:\/\/blogsaverroes.juntadeandalucia.es\/ceippalaciosrubio\/files\/2026\/03\/photo_2026-03-03_13-19-24-1024x770.jpg\" alt=\"\" width=\"1024\" height=\"770\" srcset=\"https:\/\/blogsaverroes.juntadeandalucia.es\/ceippalaciosrubio\/files\/2026\/03\/photo_2026-03-03_13-19-24-1024x770.jpg 1024w, https:\/\/blogsaverroes.juntadeandalucia.es\/ceippalaciosrubio\/files\/2026\/03\/photo_2026-03-03_13-19-24-300x226.jpg 300w, https:\/\/blogsaverroes.juntadeandalucia.es\/ceippalaciosrubio\/files\/2026\/03\/photo_2026-03-03_13-19-24-768x578.jpg 768w, https:\/\/blogsaverroes.juntadeandalucia.es\/ceippalaciosrubio\/files\/2026\/03\/photo_2026-03-03_13-19-24.jpg 1280w\" sizes=\"(max-width: 1024px) 100vw, 1024px\" \/><\/a> <a href=\"https:\/\/blogsaverroes.juntadeandalucia.es\/ceippalaciosrubio\/files\/2026\/03\/photo_2026-03-03_13-19-29.jpg\"><img loading=\"lazy\" decoding=\"async\" class=\"alignnone size-large wp-image-13007\" src=\"https:\/\/blogsaverroes.juntadeandalucia.es\/ceippalaciosrubio\/files\/2026\/03\/photo_2026-03-03_13-19-29-1024x770.jpg\" alt=\"\" width=\"1024\" height=\"770\" srcset=\"https:\/\/blogsaverroes.juntadeandalucia.es\/ceippalaciosrubio\/files\/2026\/03\/photo_2026-03-03_13-19-29-1024x770.jpg 1024w, https:\/\/blogsaverroes.juntadeandalucia.es\/ceippalaciosrubio\/files\/2026\/03\/photo_2026-03-03_13-19-29-300x226.jpg 300w, https:\/\/blogsaverroes.juntadeandalucia.es\/ceippalaciosrubio\/files\/2026\/03\/photo_2026-03-03_13-19-29-768x578.jpg 768w, https:\/\/blogsaverroes.juntadeandalucia.es\/ceippalaciosrubio\/files\/2026\/03\/photo_2026-03-03_13-19-29.jpg 1280w\" sizes=\"(max-width: 1024px) 100vw, 1024px\" \/><\/a> <a href=\"https:\/\/blogsaverroes.juntadeandalucia.es\/ceippalaciosrubio\/files\/2026\/03\/photo_2026-03-03_13-19-33.jpg\"><img loading=\"lazy\" decoding=\"async\" class=\"alignnone size-large wp-image-13008\" src=\"https:\/\/blogsaverroes.juntadeandalucia.es\/ceippalaciosrubio\/files\/2026\/03\/photo_2026-03-03_13-19-33-1024x770.jpg\" alt=\"\" width=\"1024\" height=\"770\" srcset=\"https:\/\/blogsaverroes.juntadeandalucia.es\/ceippalaciosrubio\/files\/2026\/03\/photo_2026-03-03_13-19-33-1024x770.jpg 1024w, https:\/\/blogsaverroes.juntadeandalucia.es\/ceippalaciosrubio\/files\/2026\/03\/photo_2026-03-03_13-19-33-300x226.jpg 300w, https:\/\/blogsaverroes.juntadeandalucia.es\/ceippalaciosrubio\/files\/2026\/03\/photo_2026-03-03_13-19-33-768x578.jpg 768w, https:\/\/blogsaverroes.juntadeandalucia.es\/ceippalaciosrubio\/files\/2026\/03\/photo_2026-03-03_13-19-33.jpg 1280w\" sizes=\"(max-width: 1024px) 100vw, 1024px\" \/><\/a> <a href=\"https:\/\/blogsaverroes.juntadeandalucia.es\/ceippalaciosrubio\/files\/2026\/03\/photo_2026-03-03_13-19-38.jpg\"><img loading=\"lazy\" decoding=\"async\" class=\"alignnone size-large wp-image-13009\" src=\"https:\/\/blogsaverroes.juntadeandalucia.es\/ceippalaciosrubio\/files\/2026\/03\/photo_2026-03-03_13-19-38-1024x768.jpg\" alt=\"\" width=\"1024\" height=\"768\" srcset=\"https:\/\/blogsaverroes.juntadeandalucia.es\/ceippalaciosrubio\/files\/2026\/03\/photo_2026-03-03_13-19-38-1024x768.jpg 1024w, https:\/\/blogsaverroes.juntadeandalucia.es\/ceippalaciosrubio\/files\/2026\/03\/photo_2026-03-03_13-19-38-300x225.jpg 300w, https:\/\/blogsaverroes.juntadeandalucia.es\/ceippalaciosrubio\/files\/2026\/03\/photo_2026-03-03_13-19-38-768x576.jpg 768w, https:\/\/blogsaverroes.juntadeandalucia.es\/ceippalaciosrubio\/files\/2026\/03\/photo_2026-03-03_13-19-38.jpg 1280w\" sizes=\"(max-width: 1024px) 100vw, 1024px\" \/><\/a> <a href=\"https:\/\/blogsaverroes.juntadeandalucia.es\/ceippalaciosrubio\/files\/2026\/03\/photo_2026-03-03_13-19-40.jpg\"><img loading=\"lazy\" decoding=\"async\" class=\"alignnone size-large wp-image-13010\" src=\"https:\/\/blogsaverroes.juntadeandalucia.es\/ceippalaciosrubio\/files\/2026\/03\/photo_2026-03-03_13-19-40-576x1024.jpg\" alt=\"\" width=\"576\" height=\"1024\" srcset=\"https:\/\/blogsaverroes.juntadeandalucia.es\/ceippalaciosrubio\/files\/2026\/03\/photo_2026-03-03_13-19-40-576x1024.jpg 576w, https:\/\/blogsaverroes.juntadeandalucia.es\/ceippalaciosrubio\/files\/2026\/03\/photo_2026-03-03_13-19-40-169x300.jpg 169w, https:\/\/blogsaverroes.juntadeandalucia.es\/ceippalaciosrubio\/files\/2026\/03\/photo_2026-03-03_13-19-40.jpg 720w\" sizes=\"(max-width: 576px) 100vw, 576px\" \/><\/a> <a href=\"https:\/\/blogsaverroes.juntadeandalucia.es\/ceippalaciosrubio\/files\/2026\/03\/photo_2026-03-03_13-19-42.jpg\"><img loading=\"lazy\" decoding=\"async\" class=\"alignnone size-large wp-image-13011\" src=\"https:\/\/blogsaverroes.juntadeandalucia.es\/ceippalaciosrubio\/files\/2026\/03\/photo_2026-03-03_13-19-42-768x1024.jpg\" alt=\"\" width=\"768\" height=\"1024\" srcset=\"https:\/\/blogsaverroes.juntadeandalucia.es\/ceippalaciosrubio\/files\/2026\/03\/photo_2026-03-03_13-19-42-768x1024.jpg 768w, https:\/\/blogsaverroes.juntadeandalucia.es\/ceippalaciosrubio\/files\/2026\/03\/photo_2026-03-03_13-19-42-225x300.jpg 225w, https:\/\/blogsaverroes.juntadeandalucia.es\/ceippalaciosrubio\/files\/2026\/03\/photo_2026-03-03_13-19-42.jpg 960w\" sizes=\"(max-width: 768px) 100vw, 768px\" \/><\/a> <a href=\"https:\/\/blogsaverroes.juntadeandalucia.es\/ceippalaciosrubio\/files\/2026\/03\/photo_2026-03-03_13-19-46.jpg\"><img loading=\"lazy\" decoding=\"async\" class=\"alignnone size-large wp-image-13012\" src=\"https:\/\/blogsaverroes.juntadeandalucia.es\/ceippalaciosrubio\/files\/2026\/03\/photo_2026-03-03_13-19-46-1024x768.jpg\" alt=\"\" width=\"1024\" height=\"768\" srcset=\"https:\/\/blogsaverroes.juntadeandalucia.es\/ceippalaciosrubio\/files\/2026\/03\/photo_2026-03-03_13-19-46-1024x768.jpg 1024w, https:\/\/blogsaverroes.juntadeandalucia.es\/ceippalaciosrubio\/files\/2026\/03\/photo_2026-03-03_13-19-46-300x225.jpg 300w, https:\/\/blogsaverroes.juntadeandalucia.es\/ceippalaciosrubio\/files\/2026\/03\/photo_2026-03-03_13-19-46-768x576.jpg 768w, https:\/\/blogsaverroes.juntadeandalucia.es\/ceippalaciosrubio\/files\/2026\/03\/photo_2026-03-03_13-19-46.jpg 1280w\" sizes=\"(max-width: 1024px) 100vw, 1024px\" \/><\/a> <a href=\"https:\/\/blogsaverroes.juntadeandalucia.es\/ceippalaciosrubio\/files\/2026\/03\/photo_2026-03-03_13-19-49.jpg\"><img loading=\"lazy\" decoding=\"async\" class=\"alignnone size-large wp-image-13013\" src=\"https:\/\/blogsaverroes.juntadeandalucia.es\/ceippalaciosrubio\/files\/2026\/03\/photo_2026-03-03_13-19-49-768x1024.jpg\" alt=\"\" width=\"768\" height=\"1024\" srcset=\"https:\/\/blogsaverroes.juntadeandalucia.es\/ceippalaciosrubio\/files\/2026\/03\/photo_2026-03-03_13-19-49-768x1024.jpg 768w, https:\/\/blogsaverroes.juntadeandalucia.es\/ceippalaciosrubio\/files\/2026\/03\/photo_2026-03-03_13-19-49-225x300.jpg 225w, https:\/\/blogsaverroes.juntadeandalucia.es\/ceippalaciosrubio\/files\/2026\/03\/photo_2026-03-03_13-19-49.jpg 960w\" sizes=\"(max-width: 768px) 100vw, 768px\" \/><\/a> <a href=\"https:\/\/blogsaverroes.juntadeandalucia.es\/ceippalaciosrubio\/files\/2026\/03\/photo_2026-03-03_13-19-51.jpg\"><img loading=\"lazy\" decoding=\"async\" class=\"alignnone size-large wp-image-13014\" src=\"https:\/\/blogsaverroes.juntadeandalucia.es\/ceippalaciosrubio\/files\/2026\/03\/photo_2026-03-03_13-19-51-1024x768.jpg\" alt=\"\" width=\"1024\" height=\"768\" srcset=\"https:\/\/blogsaverroes.juntadeandalucia.es\/ceippalaciosrubio\/files\/2026\/03\/photo_2026-03-03_13-19-51-1024x768.jpg 1024w, https:\/\/blogsaverroes.juntadeandalucia.es\/ceippalaciosrubio\/files\/2026\/03\/photo_2026-03-03_13-19-51-300x225.jpg 300w, https:\/\/blogsaverroes.juntadeandalucia.es\/ceippalaciosrubio\/files\/2026\/03\/photo_2026-03-03_13-19-51-768x576.jpg 768w, https:\/\/blogsaverroes.juntadeandalucia.es\/ceippalaciosrubio\/files\/2026\/03\/photo_2026-03-03_13-19-51.jpg 1280w\" sizes=\"(max-width: 1024px) 100vw, 1024px\" \/><\/a> <a href=\"https:\/\/blogsaverroes.juntadeandalucia.es\/ceippalaciosrubio\/files\/2026\/03\/photo_2026-03-03_13-19-54.jpg\"><img loading=\"lazy\" decoding=\"async\" class=\"alignnone size-large wp-image-13015\" src=\"https:\/\/blogsaverroes.juntadeandalucia.es\/ceippalaciosrubio\/files\/2026\/03\/photo_2026-03-03_13-19-54-1024x768.jpg\" alt=\"\" width=\"1024\" height=\"768\" srcset=\"https:\/\/blogsaverroes.juntadeandalucia.es\/ceippalaciosrubio\/files\/2026\/03\/photo_2026-03-03_13-19-54-1024x768.jpg 1024w, https:\/\/blogsaverroes.juntadeandalucia.es\/ceippalaciosrubio\/files\/2026\/03\/photo_2026-03-03_13-19-54-300x225.jpg 300w, https:\/\/blogsaverroes.juntadeandalucia.es\/ceippalaciosrubio\/files\/2026\/03\/photo_2026-03-03_13-19-54-768x576.jpg 768w, https:\/\/blogsaverroes.juntadeandalucia.es\/ceippalaciosrubio\/files\/2026\/03\/photo_2026-03-03_13-19-54.jpg 1280w\" sizes=\"(max-width: 1024px) 100vw, 1024px\" \/><\/a> <a href=\"https:\/\/blogsaverroes.juntadeandalucia.es\/ceippalaciosrubio\/files\/2026\/03\/photo_2026-03-03_13-19-56.jpg\"><img loading=\"lazy\" decoding=\"async\" class=\"alignnone size-large wp-image-13016\" src=\"https:\/\/blogsaverroes.juntadeandalucia.es\/ceippalaciosrubio\/files\/2026\/03\/photo_2026-03-03_13-19-56-771x1024.jpg\" alt=\"\" width=\"771\" height=\"1024\" srcset=\"https:\/\/blogsaverroes.juntadeandalucia.es\/ceippalaciosrubio\/files\/2026\/03\/photo_2026-03-03_13-19-56-771x1024.jpg 771w, https:\/\/blogsaverroes.juntadeandalucia.es\/ceippalaciosrubio\/files\/2026\/03\/photo_2026-03-03_13-19-56-226x300.jpg 226w, https:\/\/blogsaverroes.juntadeandalucia.es\/ceippalaciosrubio\/files\/2026\/03\/photo_2026-03-03_13-19-56-768x1020.jpg 768w, https:\/\/blogsaverroes.juntadeandalucia.es\/ceippalaciosrubio\/files\/2026\/03\/photo_2026-03-03_13-19-56.jpg 964w\" sizes=\"(max-width: 771px) 100vw, 771px\" \/><\/a> <a href=\"https:\/\/blogsaverroes.juntadeandalucia.es\/ceippalaciosrubio\/files\/2026\/03\/photo_2026-03-03_13-19-59.jpg\"><img loading=\"lazy\" decoding=\"async\" class=\"alignnone size-large wp-image-13017\" src=\"https:\/\/blogsaverroes.juntadeandalucia.es\/ceippalaciosrubio\/files\/2026\/03\/photo_2026-03-03_13-19-59-771x1024.jpg\" alt=\"\" width=\"771\" height=\"1024\" srcset=\"https:\/\/blogsaverroes.juntadeandalucia.es\/ceippalaciosrubio\/files\/2026\/03\/photo_2026-03-03_13-19-59-771x1024.jpg 771w, https:\/\/blogsaverroes.juntadeandalucia.es\/ceippalaciosrubio\/files\/2026\/03\/photo_2026-03-03_13-19-59-226x300.jpg 226w, https:\/\/blogsaverroes.juntadeandalucia.es\/ceippalaciosrubio\/files\/2026\/03\/photo_2026-03-03_13-19-59-768x1020.jpg 768w, https:\/\/blogsaverroes.juntadeandalucia.es\/ceippalaciosrubio\/files\/2026\/03\/photo_2026-03-03_13-19-59.jpg 964w\" sizes=\"(max-width: 771px) 100vw, 771px\" \/><\/a> <a href=\"https:\/\/blogsaverroes.juntadeandalucia.es\/ceippalaciosrubio\/files\/2026\/03\/photo_2026-03-03_13-20-01.jpg\"><img loading=\"lazy\" decoding=\"async\" class=\"alignnone size-large wp-image-13018\" src=\"https:\/\/blogsaverroes.juntadeandalucia.es\/ceippalaciosrubio\/files\/2026\/03\/photo_2026-03-03_13-20-01-1024x771.jpg\" alt=\"\" width=\"1024\" height=\"771\" srcset=\"https:\/\/blogsaverroes.juntadeandalucia.es\/ceippalaciosrubio\/files\/2026\/03\/photo_2026-03-03_13-20-01-1024x771.jpg 1024w, https:\/\/blogsaverroes.juntadeandalucia.es\/ceippalaciosrubio\/files\/2026\/03\/photo_2026-03-03_13-20-01-300x226.jpg 300w, https:\/\/blogsaverroes.juntadeandalucia.es\/ceippalaciosrubio\/files\/2026\/03\/photo_2026-03-03_13-20-01-768x578.jpg 768w, https:\/\/blogsaverroes.juntadeandalucia.es\/ceippalaciosrubio\/files\/2026\/03\/photo_2026-03-03_13-20-01.jpg 1280w\" sizes=\"(max-width: 1024px) 100vw, 1024px\" \/><\/a> <a href=\"https:\/\/blogsaverroes.juntadeandalucia.es\/ceippalaciosrubio\/files\/2026\/03\/photo_2026-03-03_13-20-04.jpg\"><img loading=\"lazy\" decoding=\"async\" class=\"alignnone size-large wp-image-13019\" src=\"https:\/\/blogsaverroes.juntadeandalucia.es\/ceippalaciosrubio\/files\/2026\/03\/photo_2026-03-03_13-20-04-771x1024.jpg\" alt=\"\" width=\"771\" height=\"1024\" srcset=\"https:\/\/blogsaverroes.juntadeandalucia.es\/ceippalaciosrubio\/files\/2026\/03\/photo_2026-03-03_13-20-04-771x1024.jpg 771w, https:\/\/blogsaverroes.juntadeandalucia.es\/ceippalaciosrubio\/files\/2026\/03\/photo_2026-03-03_13-20-04-226x300.jpg 226w, https:\/\/blogsaverroes.juntadeandalucia.es\/ceippalaciosrubio\/files\/2026\/03\/photo_2026-03-03_13-20-04-768x1020.jpg 768w, https:\/\/blogsaverroes.juntadeandalucia.es\/ceippalaciosrubio\/files\/2026\/03\/photo_2026-03-03_13-20-04.jpg 964w\" sizes=\"(max-width: 771px) 100vw, 771px\" \/><\/a> <a href=\"https:\/\/blogsaverroes.juntadeandalucia.es\/ceippalaciosrubio\/files\/2026\/03\/photo_2026-03-03_13-20-05.jpg\"><img loading=\"lazy\" decoding=\"async\" class=\"alignnone size-large wp-image-13020\" src=\"https:\/\/blogsaverroes.juntadeandalucia.es\/ceippalaciosrubio\/files\/2026\/03\/photo_2026-03-03_13-20-05-771x1024.jpg\" alt=\"\" width=\"771\" height=\"1024\" srcset=\"https:\/\/blogsaverroes.juntadeandalucia.es\/ceippalaciosrubio\/files\/2026\/03\/photo_2026-03-03_13-20-05-771x1024.jpg 771w, https:\/\/blogsaverroes.juntadeandalucia.es\/ceippalaciosrubio\/files\/2026\/03\/photo_2026-03-03_13-20-05-226x300.jpg 226w, https:\/\/blogsaverroes.juntadeandalucia.es\/ceippalaciosrubio\/files\/2026\/03\/photo_2026-03-03_13-20-05-768x1020.jpg 768w, https:\/\/blogsaverroes.juntadeandalucia.es\/ceippalaciosrubio\/files\/2026\/03\/photo_2026-03-03_13-20-05.jpg 964w\" sizes=\"(max-width: 771px) 100vw, 771px\" \/><\/a> <a href=\"https:\/\/blogsaverroes.juntadeandalucia.es\/ceippalaciosrubio\/files\/2026\/03\/photo_2026-03-03_13-20-08.jpg\"><img loading=\"lazy\" decoding=\"async\" class=\"alignnone size-large wp-image-13021\" src=\"https:\/\/blogsaverroes.juntadeandalucia.es\/ceippalaciosrubio\/files\/2026\/03\/photo_2026-03-03_13-20-08-771x1024.jpg\" alt=\"\" width=\"771\" height=\"1024\" srcset=\"https:\/\/blogsaverroes.juntadeandalucia.es\/ceippalaciosrubio\/files\/2026\/03\/photo_2026-03-03_13-20-08-771x1024.jpg 771w, https:\/\/blogsaverroes.juntadeandalucia.es\/ceippalaciosrubio\/files\/2026\/03\/photo_2026-03-03_13-20-08-226x300.jpg 226w, https:\/\/blogsaverroes.juntadeandalucia.es\/ceippalaciosrubio\/files\/2026\/03\/photo_2026-03-03_13-20-08-768x1020.jpg 768w, https:\/\/blogsaverroes.juntadeandalucia.es\/ceippalaciosrubio\/files\/2026\/03\/photo_2026-03-03_13-20-08.jpg 964w\" sizes=\"(max-width: 771px) 100vw, 771px\" \/><\/a> <a href=\"https:\/\/blogsaverroes.juntadeandalucia.es\/ceippalaciosrubio\/files\/2026\/03\/photo_2026-03-03_13-20-10.jpg\"><img loading=\"lazy\" decoding=\"async\" class=\"alignnone size-large wp-image-13022\" src=\"https:\/\/blogsaverroes.juntadeandalucia.es\/ceippalaciosrubio\/files\/2026\/03\/photo_2026-03-03_13-20-10-1024x771.jpg\" alt=\"\" width=\"1024\" height=\"771\" srcset=\"https:\/\/blogsaverroes.juntadeandalucia.es\/ceippalaciosrubio\/files\/2026\/03\/photo_2026-03-03_13-20-10-1024x771.jpg 1024w, https:\/\/blogsaverroes.juntadeandalucia.es\/ceippalaciosrubio\/files\/2026\/03\/photo_2026-03-03_13-20-10-300x226.jpg 300w, https:\/\/blogsaverroes.juntadeandalucia.es\/ceippalaciosrubio\/files\/2026\/03\/photo_2026-03-03_13-20-10-768x578.jpg 768w, https:\/\/blogsaverroes.juntadeandalucia.es\/ceippalaciosrubio\/files\/2026\/03\/photo_2026-03-03_13-20-10.jpg 1280w\" sizes=\"(max-width: 1024px) 100vw, 1024px\" \/><\/a> <a href=\"https:\/\/blogsaverroes.juntadeandalucia.es\/ceippalaciosrubio\/files\/2026\/03\/photo_2026-03-03_13-20-12.jpg\"><img loading=\"lazy\" decoding=\"async\" class=\"alignnone size-large wp-image-13023\" src=\"https:\/\/blogsaverroes.juntadeandalucia.es\/ceippalaciosrubio\/files\/2026\/03\/photo_2026-03-03_13-20-12-771x1024.jpg\" alt=\"\" width=\"771\" height=\"1024\" srcset=\"https:\/\/blogsaverroes.juntadeandalucia.es\/ceippalaciosrubio\/files\/2026\/03\/photo_2026-03-03_13-20-12-771x1024.jpg 771w, https:\/\/blogsaverroes.juntadeandalucia.es\/ceippalaciosrubio\/files\/2026\/03\/photo_2026-03-03_13-20-12-226x300.jpg 226w, https:\/\/blogsaverroes.juntadeandalucia.es\/ceippalaciosrubio\/files\/2026\/03\/photo_2026-03-03_13-20-12-768x1020.jpg 768w, https:\/\/blogsaverroes.juntadeandalucia.es\/ceippalaciosrubio\/files\/2026\/03\/photo_2026-03-03_13-20-12.jpg 964w\" sizes=\"(max-width: 771px) 100vw, 771px\" \/><\/a><\/p>\n","protected":false},"excerpt":{"rendered":"<p>\ud83c\udf0d\u2728 \ud83c\uddea\ud83c\uddfaErasmus+: puertas abiertas para crecer juntos \u2728\ud83c\udf0d En el marco de nuestra acreditaci\u00f3n Erasmus+, el CEIP Palacios Rubio ha recibido esta semana a dos maestras de Budapest (Hungr\u00eda), del centro amigo con el&#46;&#46;&#46;<\/p>\n","protected":false},"author":11766,"featured_media":0,"comment_status":"open","ping_status":"open","sticky":false,"template":"","format":"standard","meta":{"ngg_post_thumbnail":0,"footnotes":""},"categories":[11909],"tags":[],"aioseo_notices":[],"_links":{"self":[{"href":"https:\/\/blogsaverroes.juntadeandalucia.es\/ceippalaciosrubio\/wp-json\/wp\/v2\/posts\/12989"}],"collection":[{"href":"https:\/\/blogsaverroes.juntadeandalucia.es\/ceippalaciosrubio\/wp-json\/wp\/v2\/posts"}],"about":[{"href":"https:\/\/blogsaverroes.juntadeandalucia.es\/ceippalaciosrubio\/wp-json\/wp\/v2\/types\/post"}],"author":[{"embeddable":true,"href":"https:\/\/blogsaverroes.juntadeandalucia.es\/ceippalaciosrubio\/wp-json\/wp\/v2\/users\/11766"}],"replies":[{"embeddable":true,"href":"https:\/\/blogsaverroes.juntadeandalucia.es\/ceippalaciosrubio\/wp-json\/wp\/v2\/comments?post=12989"}],"version-history":[{"count":2,"href":"https:\/\/blogsaverroes.juntadeandalucia.es\/ceippalaciosrubio\/wp-json\/wp\/v2\/posts\/12989\/revisions"}],"predecessor-version":[{"id":13026,"href":"https:\/\/blogsaverroes.juntadeandalucia.es\/ceippalaciosrubio\/wp-json\/wp\/v2\/posts\/12989\/revisions\/13026"}],"wp:attachment":[{"href":"https:\/\/blogsaverroes.juntadeandalucia.es\/ceippalaciosrubio\/wp-json\/wp\/v2\/media?parent=12989"}],"wp:term":[{"taxonomy":"category","embeddable":true,"href":"https:\/\/blogsaverroes.juntadeandalucia.es\/ceippalaciosrubio\/wp-json\/wp\/v2\/categories?post=12989"},{"taxonomy":"post_tag","embeddable":true,"href":"https:\/\/blogsaverroes.juntadeandalucia.es\/ceippalaciosrubio\/wp-json\/wp\/v2\/tags?post=12989"}],"curies":[{"name":"wp","href":"https:\/\/api.w.org\/{rel}","templated":true}]}}