{"id":13058,"date":"2026-04-29T10:47:06","date_gmt":"2026-04-29T10:47:06","guid":{"rendered":"https:\/\/blogsaverroes.juntadeandalucia.es\/ceippalaciosrubio\/?p=13058"},"modified":"2026-04-29T10:47:54","modified_gmt":"2026-04-29T10:47:54","slug":"erasmus-viena","status":"publish","type":"post","link":"https:\/\/blogsaverroes.juntadeandalucia.es\/ceippalaciosrubio\/erasmus-viena\/","title":{"rendered":"Erasmus Viena 2026"},"content":{"rendered":"<p>\ud83c\udf0d\u2708\ufe0f Finalizamos nuestra movilidad Erasmus+ con el coraz\u00f3n lleno de gratitud y aprendizajes en el CEIP Palacios Rubio.<\/p>\n<p>Durante esta experiencia, nos ha llamado especialmente la atenci\u00f3n la forma en que se integra al alumnado con necesidades educativas especiales como un alumno m\u00e1s dentro del aula, gracias a una organizaci\u00f3n ejemplar y a los recursos adecuados. Hemos conocido un modelo en el que dos maestros trabajan de manera coordinada, compartiendo programaci\u00f3n, actividades y responsabilidades, con el apoyo constante de un tercer asistente contratado por el gobierno, que refuerza la atenci\u00f3n al alumnado y acompa\u00f1a el trabajo diario del profesorado. Sin duda, una experiencia inspiradora para seguir construyendo una escuela m\u00e1s inclusiva.<\/p>\n<p>Nuestro alumnado ha participado en numerosas clases llenas de actividades motivadoras y divertidas: manualidades, canciones, din\u00e1micas cooperativas e intercambios ling\u00fc\u00edsticos en ingl\u00e9s, alem\u00e1n y espa\u00f1ol, viviendo el aprendizaje de una forma pr\u00e1ctica, cercana y emocionante. La movilidad concluy\u00f3 con un entra\u00f1able intercambio de regalos y la entrega de certificados de participaci\u00f3n, poniendo un broche muy especial a esta aventura.<\/p>\n<p>Adem\u00e1s, las visitas culturales han permitido conocer de cerca la idiosincrasia del pa\u00eds, sus tradiciones, su gastronom\u00eda y su cultura, mientras que las actividades de las tardes han contribuido a enriquecer al alumnado como personas y a mejorar sus habilidades ling\u00fc\u00edsticas y sociales.<\/p>\n<p>Nuestra vuelta a casa no pudo ser m\u00e1s emocionante, con un recibimiento maravilloso por parte de las familias. Padres, alumnado y maestras regresamos con la sensaci\u00f3n de haber vivido una experiencia \u00fanica, con una maleta cargada de emociones, aprendizajes y aventuras que nunca olvidaremos.<\/p>\n<p>Seguimos creciendo gracias a Erasmus+, abriendo nuestras aulas al mundo y trayendo de vuelta ideas, ilusi\u00f3n y nuevas formas de aprender. \ud83d\udc99\ud83c\uddea\ud83c\uddfa<\/p>\n<p>#ErasmusPlus #ErasmusK121 #CEIPPalaciosRubio #AprenderEnEuropa #EscuelaInclusiva #MovilidadErasmus #Educaci\u00f3nP\u00fablica #IntercambioCultural #AprendizajeSinFronteras #SomosPalaciosRubio<br \/>\n#Aprendizaje #ErasmusPlus #ProyectosErasmus #CEIPPalaciosRubio #Reducci\u00f3nCoordinaci\u00f3nErasmusPlusYa #Internacionalizaci\u00f3n #SEPIE #CEIPJa\u00e9n #CEPLinares #ErasmusColegios<\/p>\n<p><a href=\"https:\/\/blogsaverroes.juntadeandalucia.es\/ceippalaciosrubio\/files\/2026\/04\/photo_2026-04-29_12-25-16.jpg\"><img loading=\"lazy\" decoding=\"async\" class=\"alignnone size-large wp-image-13059\" src=\"https:\/\/blogsaverroes.juntadeandalucia.es\/ceippalaciosrubio\/files\/2026\/04\/photo_2026-04-29_12-25-16-776x1024.jpg\" alt=\"\" width=\"776\" height=\"1024\" srcset=\"https:\/\/blogsaverroes.juntadeandalucia.es\/ceippalaciosrubio\/files\/2026\/04\/photo_2026-04-29_12-25-16-776x1024.jpg 776w, https:\/\/blogsaverroes.juntadeandalucia.es\/ceippalaciosrubio\/files\/2026\/04\/photo_2026-04-29_12-25-16-227x300.jpg 227w, https:\/\/blogsaverroes.juntadeandalucia.es\/ceippalaciosrubio\/files\/2026\/04\/photo_2026-04-29_12-25-16-768x1013.jpg 768w, https:\/\/blogsaverroes.juntadeandalucia.es\/ceippalaciosrubio\/files\/2026\/04\/photo_2026-04-29_12-25-16.jpg 970w\" sizes=\"(max-width: 776px) 100vw, 776px\" \/><\/a> <a href=\"https:\/\/blogsaverroes.juntadeandalucia.es\/ceippalaciosrubio\/files\/2026\/04\/photo_2026-04-29_12-25-19.jpg\"><img loading=\"lazy\" decoding=\"async\" class=\"alignnone size-large wp-image-13060\" src=\"https:\/\/blogsaverroes.juntadeandalucia.es\/ceippalaciosrubio\/files\/2026\/04\/photo_2026-04-29_12-25-19-776x1024.jpg\" alt=\"\" width=\"776\" height=\"1024\" srcset=\"https:\/\/blogsaverroes.juntadeandalucia.es\/ceippalaciosrubio\/files\/2026\/04\/photo_2026-04-29_12-25-19-776x1024.jpg 776w, https:\/\/blogsaverroes.juntadeandalucia.es\/ceippalaciosrubio\/files\/2026\/04\/photo_2026-04-29_12-25-19-227x300.jpg 227w, https:\/\/blogsaverroes.juntadeandalucia.es\/ceippalaciosrubio\/files\/2026\/04\/photo_2026-04-29_12-25-19-768x1013.jpg 768w, https:\/\/blogsaverroes.juntadeandalucia.es\/ceippalaciosrubio\/files\/2026\/04\/photo_2026-04-29_12-25-19.jpg 970w\" sizes=\"(max-width: 776px) 100vw, 776px\" \/><\/a> <a href=\"https:\/\/blogsaverroes.juntadeandalucia.es\/ceippalaciosrubio\/files\/2026\/04\/photo_2026-04-29_12-24-58.jpg\"><img loading=\"lazy\" decoding=\"async\" class=\"alignnone size-large wp-image-13061\" src=\"https:\/\/blogsaverroes.juntadeandalucia.es\/ceippalaciosrubio\/files\/2026\/04\/photo_2026-04-29_12-24-58-777x1024.jpg\" alt=\"\" width=\"777\" height=\"1024\" srcset=\"https:\/\/blogsaverroes.juntadeandalucia.es\/ceippalaciosrubio\/files\/2026\/04\/photo_2026-04-29_12-24-58-777x1024.jpg 777w, https:\/\/blogsaverroes.juntadeandalucia.es\/ceippalaciosrubio\/files\/2026\/04\/photo_2026-04-29_12-24-58-228x300.jpg 228w, https:\/\/blogsaverroes.juntadeandalucia.es\/ceippalaciosrubio\/files\/2026\/04\/photo_2026-04-29_12-24-58-768x1012.jpg 768w, https:\/\/blogsaverroes.juntadeandalucia.es\/ceippalaciosrubio\/files\/2026\/04\/photo_2026-04-29_12-24-58.jpg 971w\" sizes=\"(max-width: 777px) 100vw, 777px\" \/><\/a> <a href=\"https:\/\/blogsaverroes.juntadeandalucia.es\/ceippalaciosrubio\/files\/2026\/04\/photo_2026-04-29_12-25-01.jpg\"><img loading=\"lazy\" decoding=\"async\" class=\"alignnone size-large wp-image-13062\" src=\"https:\/\/blogsaverroes.juntadeandalucia.es\/ceippalaciosrubio\/files\/2026\/04\/photo_2026-04-29_12-25-01-776x1024.jpg\" alt=\"\" width=\"776\" height=\"1024\" srcset=\"https:\/\/blogsaverroes.juntadeandalucia.es\/ceippalaciosrubio\/files\/2026\/04\/photo_2026-04-29_12-25-01-776x1024.jpg 776w, https:\/\/blogsaverroes.juntadeandalucia.es\/ceippalaciosrubio\/files\/2026\/04\/photo_2026-04-29_12-25-01-227x300.jpg 227w, https:\/\/blogsaverroes.juntadeandalucia.es\/ceippalaciosrubio\/files\/2026\/04\/photo_2026-04-29_12-25-01-768x1013.jpg 768w, https:\/\/blogsaverroes.juntadeandalucia.es\/ceippalaciosrubio\/files\/2026\/04\/photo_2026-04-29_12-25-01.jpg 970w\" sizes=\"(max-width: 776px) 100vw, 776px\" \/><\/a> <a href=\"https:\/\/blogsaverroes.juntadeandalucia.es\/ceippalaciosrubio\/files\/2026\/04\/photo_2026-04-29_12-25-04.jpg\"><img loading=\"lazy\" decoding=\"async\" class=\"alignnone size-large wp-image-13063\" src=\"https:\/\/blogsaverroes.juntadeandalucia.es\/ceippalaciosrubio\/files\/2026\/04\/photo_2026-04-29_12-25-04-777x1024.jpg\" alt=\"\" width=\"777\" height=\"1024\" srcset=\"https:\/\/blogsaverroes.juntadeandalucia.es\/ceippalaciosrubio\/files\/2026\/04\/photo_2026-04-29_12-25-04-777x1024.jpg 777w, https:\/\/blogsaverroes.juntadeandalucia.es\/ceippalaciosrubio\/files\/2026\/04\/photo_2026-04-29_12-25-04-228x300.jpg 228w, https:\/\/blogsaverroes.juntadeandalucia.es\/ceippalaciosrubio\/files\/2026\/04\/photo_2026-04-29_12-25-04-768x1012.jpg 768w, https:\/\/blogsaverroes.juntadeandalucia.es\/ceippalaciosrubio\/files\/2026\/04\/photo_2026-04-29_12-25-04.jpg 971w\" sizes=\"(max-width: 777px) 100vw, 777px\" \/><\/a> <a href=\"https:\/\/blogsaverroes.juntadeandalucia.es\/ceippalaciosrubio\/files\/2026\/04\/photo_2026-04-29_12-25-07.jpg\"><img loading=\"lazy\" decoding=\"async\" class=\"alignnone size-large wp-image-13064\" src=\"https:\/\/blogsaverroes.juntadeandalucia.es\/ceippalaciosrubio\/files\/2026\/04\/photo_2026-04-29_12-25-07-776x1024.jpg\" alt=\"\" width=\"776\" height=\"1024\" srcset=\"https:\/\/blogsaverroes.juntadeandalucia.es\/ceippalaciosrubio\/files\/2026\/04\/photo_2026-04-29_12-25-07-776x1024.jpg 776w, https:\/\/blogsaverroes.juntadeandalucia.es\/ceippalaciosrubio\/files\/2026\/04\/photo_2026-04-29_12-25-07-227x300.jpg 227w, https:\/\/blogsaverroes.juntadeandalucia.es\/ceippalaciosrubio\/files\/2026\/04\/photo_2026-04-29_12-25-07-768x1013.jpg 768w, https:\/\/blogsaverroes.juntadeandalucia.es\/ceippalaciosrubio\/files\/2026\/04\/photo_2026-04-29_12-25-07.jpg 970w\" sizes=\"(max-width: 776px) 100vw, 776px\" \/><\/a> <a href=\"https:\/\/blogsaverroes.juntadeandalucia.es\/ceippalaciosrubio\/files\/2026\/04\/photo_2026-04-29_12-25-10.jpg\"><img loading=\"lazy\" decoding=\"async\" class=\"alignnone size-large wp-image-13065\" src=\"https:\/\/blogsaverroes.juntadeandalucia.es\/ceippalaciosrubio\/files\/2026\/04\/photo_2026-04-29_12-25-10-777x1024.jpg\" alt=\"\" width=\"777\" height=\"1024\" srcset=\"https:\/\/blogsaverroes.juntadeandalucia.es\/ceippalaciosrubio\/files\/2026\/04\/photo_2026-04-29_12-25-10-777x1024.jpg 777w, https:\/\/blogsaverroes.juntadeandalucia.es\/ceippalaciosrubio\/files\/2026\/04\/photo_2026-04-29_12-25-10-228x300.jpg 228w, https:\/\/blogsaverroes.juntadeandalucia.es\/ceippalaciosrubio\/files\/2026\/04\/photo_2026-04-29_12-25-10-768x1012.jpg 768w, https:\/\/blogsaverroes.juntadeandalucia.es\/ceippalaciosrubio\/files\/2026\/04\/photo_2026-04-29_12-25-10.jpg 971w\" sizes=\"(max-width: 777px) 100vw, 777px\" \/><\/a> <a href=\"https:\/\/blogsaverroes.juntadeandalucia.es\/ceippalaciosrubio\/files\/2026\/04\/photo_2026-04-29_12-25-14.jpg\"><img loading=\"lazy\" decoding=\"async\" class=\"alignnone size-large wp-image-13066\" src=\"https:\/\/blogsaverroes.juntadeandalucia.es\/ceippalaciosrubio\/files\/2026\/04\/photo_2026-04-29_12-25-14-777x1024.jpg\" alt=\"\" width=\"777\" height=\"1024\" srcset=\"https:\/\/blogsaverroes.juntadeandalucia.es\/ceippalaciosrubio\/files\/2026\/04\/photo_2026-04-29_12-25-14-777x1024.jpg 777w, https:\/\/blogsaverroes.juntadeandalucia.es\/ceippalaciosrubio\/files\/2026\/04\/photo_2026-04-29_12-25-14-228x300.jpg 228w, https:\/\/blogsaverroes.juntadeandalucia.es\/ceippalaciosrubio\/files\/2026\/04\/photo_2026-04-29_12-25-14-768x1012.jpg 768w, https:\/\/blogsaverroes.juntadeandalucia.es\/ceippalaciosrubio\/files\/2026\/04\/photo_2026-04-29_12-25-14.jpg 971w\" sizes=\"(max-width: 777px) 100vw, 777px\" \/><\/a><\/p>\n","protected":false},"excerpt":{"rendered":"<p>\ud83c\udf0d\u2708\ufe0f Finalizamos nuestra movilidad Erasmus+ con el coraz\u00f3n lleno de gratitud y aprendizajes en el CEIP Palacios Rubio. Durante esta experiencia, nos ha llamado especialmente la atenci\u00f3n la forma en que se integra al&#46;&#46;&#46;<\/p>\n","protected":false},"author":11766,"featured_media":0,"comment_status":"open","ping_status":"open","sticky":false,"template":"","format":"standard","meta":{"ngg_post_thumbnail":0,"footnotes":""},"categories":[11909],"tags":[],"aioseo_notices":[],"_links":{"self":[{"href":"https:\/\/blogsaverroes.juntadeandalucia.es\/ceippalaciosrubio\/wp-json\/wp\/v2\/posts\/13058"}],"collection":[{"href":"https:\/\/blogsaverroes.juntadeandalucia.es\/ceippalaciosrubio\/wp-json\/wp\/v2\/posts"}],"about":[{"href":"https:\/\/blogsaverroes.juntadeandalucia.es\/ceippalaciosrubio\/wp-json\/wp\/v2\/types\/post"}],"author":[{"embeddable":true,"href":"https:\/\/blogsaverroes.juntadeandalucia.es\/ceippalaciosrubio\/wp-json\/wp\/v2\/users\/11766"}],"replies":[{"embeddable":true,"href":"https:\/\/blogsaverroes.juntadeandalucia.es\/ceippalaciosrubio\/wp-json\/wp\/v2\/comments?post=13058"}],"version-history":[{"count":2,"href":"https:\/\/blogsaverroes.juntadeandalucia.es\/ceippalaciosrubio\/wp-json\/wp\/v2\/posts\/13058\/revisions"}],"predecessor-version":[{"id":13068,"href":"https:\/\/blogsaverroes.juntadeandalucia.es\/ceippalaciosrubio\/wp-json\/wp\/v2\/posts\/13058\/revisions\/13068"}],"wp:attachment":[{"href":"https:\/\/blogsaverroes.juntadeandalucia.es\/ceippalaciosrubio\/wp-json\/wp\/v2\/media?parent=13058"}],"wp:term":[{"taxonomy":"category","embeddable":true,"href":"https:\/\/blogsaverroes.juntadeandalucia.es\/ceippalaciosrubio\/wp-json\/wp\/v2\/categories?post=13058"},{"taxonomy":"post_tag","embeddable":true,"href":"https:\/\/blogsaverroes.juntadeandalucia.es\/ceippalaciosrubio\/wp-json\/wp\/v2\/tags?post=13058"}],"curies":[{"name":"wp","href":"https:\/\/api.w.org\/{rel}","templated":true}]}}