{"id":6338,"date":"2022-12-22T10:00:44","date_gmt":"2022-12-22T10:00:44","guid":{"rendered":"https:\/\/blogsaverroes.juntadeandalucia.es\/ceipparquenuevagranada\/?p=6338"},"modified":"2022-12-22T10:00:44","modified_gmt":"2022-12-22T10:00:44","slug":"radio-ceip-parque-nueva-granada-emision-22-12-2022-navidad","status":"publish","type":"post","link":"https:\/\/blogsaverroes.juntadeandalucia.es\/ceipparquenuevagranada\/2022\/12\/22\/radio-ceip-parque-nueva-granada-emision-22-12-2022-navidad\/","title":{"rendered":"RADIO CEIP PARQUE NUEVA GRANADA (Emisi\u00f3n 22\/12\/2022 Navidad)"},"content":{"rendered":"<p>Por fin llega la Navidad. En nuestro programa de radio os comentamos todos los preparativos e ideas que tenemos para terminar el primer trimestre como nos merecemos. Tambi\u00e9n aprovechamos para presentar en primicia la grabaci\u00f3n de nuestro \u00faltimo villancico. \u00a1Feliz Navidad!<\/p>\n<!--[if lt IE 9]><script>document.createElement('audio');<\/script><![endif]-->\n<audio class=\"wp-audio-shortcode\" id=\"audio-6338-1\" preload=\"none\" style=\"width: 100%;\" controls=\"controls\"><source type=\"audio\/mpeg\" src=\"https:\/\/blogsaverroes.juntadeandalucia.es\/ceipparquenuevagranada\/files\/2022\/12\/10-EMISI\u00d3N-NAVIDAD.mp3?_=1\" \/><a href=\"https:\/\/blogsaverroes.juntadeandalucia.es\/ceipparquenuevagranada\/files\/2022\/12\/10-EMISI\u00d3N-NAVIDAD.mp3\">https:\/\/blogsaverroes.juntadeandalucia.es\/ceipparquenuevagranada\/files\/2022\/12\/10-EMISI\u00d3N-NAVIDAD.mp3<\/a><\/audio>\n","protected":false},"excerpt":{"rendered":"<p>Por fin llega la Navidad. En nuestro programa de radio os comentamos todos los preparativos e ideas que tenemos para terminar el primer trimestre como&hellip;<\/p>\n","protected":false},"author":5265,"featured_media":6341,"comment_status":"open","ping_status":"open","sticky":false,"template":"","format":"standard","meta":{"ngg_post_thumbnail":0,"footnotes":""},"categories":[526,814774,1700456],"tags":[1700317,6693,1700342,1700436,1700474,814779,1700428,57,1700473],"aioseo_notices":[],"_links":{"self":[{"href":"https:\/\/blogsaverroes.juntadeandalucia.es\/ceipparquenuevagranada\/wp-json\/wp\/v2\/posts\/6338"}],"collection":[{"href":"https:\/\/blogsaverroes.juntadeandalucia.es\/ceipparquenuevagranada\/wp-json\/wp\/v2\/posts"}],"about":[{"href":"https:\/\/blogsaverroes.juntadeandalucia.es\/ceipparquenuevagranada\/wp-json\/wp\/v2\/types\/post"}],"author":[{"embeddable":true,"href":"https:\/\/blogsaverroes.juntadeandalucia.es\/ceipparquenuevagranada\/wp-json\/wp\/v2\/users\/5265"}],"replies":[{"embeddable":true,"href":"https:\/\/blogsaverroes.juntadeandalucia.es\/ceipparquenuevagranada\/wp-json\/wp\/v2\/comments?post=6338"}],"version-history":[{"count":1,"href":"https:\/\/blogsaverroes.juntadeandalucia.es\/ceipparquenuevagranada\/wp-json\/wp\/v2\/posts\/6338\/revisions"}],"predecessor-version":[{"id":6342,"href":"https:\/\/blogsaverroes.juntadeandalucia.es\/ceipparquenuevagranada\/wp-json\/wp\/v2\/posts\/6338\/revisions\/6342"}],"wp:featuredmedia":[{"embeddable":true,"href":"https:\/\/blogsaverroes.juntadeandalucia.es\/ceipparquenuevagranada\/wp-json\/wp\/v2\/media\/6341"}],"wp:attachment":[{"href":"https:\/\/blogsaverroes.juntadeandalucia.es\/ceipparquenuevagranada\/wp-json\/wp\/v2\/media?parent=6338"}],"wp:term":[{"taxonomy":"category","embeddable":true,"href":"https:\/\/blogsaverroes.juntadeandalucia.es\/ceipparquenuevagranada\/wp-json\/wp\/v2\/categories?post=6338"},{"taxonomy":"post_tag","embeddable":true,"href":"https:\/\/blogsaverroes.juntadeandalucia.es\/ceipparquenuevagranada\/wp-json\/wp\/v2\/tags?post=6338"}],"curies":[{"name":"wp","href":"https:\/\/api.w.org\/{rel}","templated":true}]}}