{"id":7123,"date":"2024-03-05T13:35:18","date_gmt":"2024-03-05T13:35:18","guid":{"rendered":"https:\/\/blogsaverroes.juntadeandalucia.es\/ceipparquenuevagranada\/?p=7123"},"modified":"2024-03-06T07:32:58","modified_gmt":"2024-03-06T07:32:58","slug":"sesion-04-formacion-en-centros-plan-desarrollo-lectura","status":"publish","type":"post","link":"https:\/\/blogsaverroes.juntadeandalucia.es\/ceipparquenuevagranada\/2024\/03\/05\/sesion-04-formacion-en-centros-plan-desarrollo-lectura\/","title":{"rendered":"SESI\u00d3N 04 FORMACI\u00d3N EN CENTROS: PLAN DESARROLLO LECTURA."},"content":{"rendered":"<p>En esta cuarta sesi\u00f3n, hemos seguido profundizando en procesos y estrategias relacionadas con el plan de desarrollo de lectura de nuestro centro. Se ha elaborado material para guiar y acompa\u00f1ar al profesorado en la secuencia did\u00e1ctica, de manera que la planificaci\u00f3n de las sesiones de lectura, est\u00e9n estrat\u00e9gicamente secuenciadas.<\/p>\n<p>Tras haber elaborado el plan de actuaci\u00f3n y la propuesta de organizaci\u00f3n a nivel de centro a lo largo del primer trimestre, ahora el foco est\u00e1 en ese aprendizaje competencial que el alumnado debe lograr en un tercer nivel de concreci\u00f3n curricular. Por ello, partiendo de las competencias espec\u00edficas, que directamente est\u00e1n relacionadas con el proceso lector y la comprensi\u00f3n lectora de cada \u00e1rea, hemos ido desgranando qu\u00e9 habilidades y destrezas debemos de trabajar con el alumnado. Todo ello, sin perder de vista la propuesta semanal de trabajo en nuestra secuencia did\u00e1ctica.<\/p>\n<p>Como tarea, debemos de recopilar en diferentes tablas por cursos, las competencias espec\u00edficas (CCL 2, 3, y 4) de acuerdo a cada \u00e1rea de conocimiento, para adjuntarlo al plan de desarrollo de la lectura y poder dise\u00f1ar actividades evaluables en s\u00e9neca que posibiliten la medici\u00f3n del progreso del alumnado a trav\u00e9s de nuestra nueva herramienta de trabajo.<\/p>\n<p>Dichas evidencias, quedar\u00e1n recogidas en la carpeta compartida drive \u201cplan de desarrollo de lectura \u2013 competencias espec\u00edficas\u201d, as\u00ed como el material elaborado para el claustro.<\/p>\n<p><a href=\"https:\/\/drive.google.com\/drive\/u\/0\/folders\/1XEybLsDBQiuylwMFC5FU2Ht479h_r0bp\">MATERIAL SESI\u00d3N 04 : FLUIDEZ Y COMPRENSI\u00d3N &#8211; Google Drive<\/a><\/p>\n<p><a href=\"https:\/\/drive.google.com\/drive\/u\/0\/folders\/1xLlJSuha4PXpbuVuhaERmlyukmWWO4le\">COMPETENCIAS ESPEC\u00cdFICAS\/CRITERIOS EVALUACI\u00d3N POR \u00c1REAS Y CURSOS &#8211; Google Drive<\/a><\/p>\n<p>Tal y como se indica en el plan de seguimiento de formaci\u00f3n en centros, hemos aprovechado en esta sesi\u00f3n para recapitular todo lo trabajado y establecer la relaci\u00f3n de materiales presentados y tareas pendientes.<\/p>\n<p>Pr\u00f3xima parada, dise\u00f1o de actividades evaluables, evaluaci\u00f3n del proceso y atenci\u00f3n a las necesidades individuales. &nbsp;\u00a1Buen trabajo equipo!<\/p>\n<p>Seguimos creciendo.<\/p>\n","protected":false},"excerpt":{"rendered":"<p>En esta cuarta sesi\u00f3n, hemos seguido profundizando en procesos y estrategias relacionadas con el plan de desarrollo de lectura de nuestro centro. Se ha elaborado&hellip;<\/p>\n","protected":false},"author":6504,"featured_media":7126,"comment_status":"open","ping_status":"open","sticky":false,"template":"","format":"standard","meta":{"ngg_post_thumbnail":0,"footnotes":""},"categories":[1700496],"tags":[],"aioseo_notices":[],"_links":{"self":[{"href":"https:\/\/blogsaverroes.juntadeandalucia.es\/ceipparquenuevagranada\/wp-json\/wp\/v2\/posts\/7123"}],"collection":[{"href":"https:\/\/blogsaverroes.juntadeandalucia.es\/ceipparquenuevagranada\/wp-json\/wp\/v2\/posts"}],"about":[{"href":"https:\/\/blogsaverroes.juntadeandalucia.es\/ceipparquenuevagranada\/wp-json\/wp\/v2\/types\/post"}],"author":[{"embeddable":true,"href":"https:\/\/blogsaverroes.juntadeandalucia.es\/ceipparquenuevagranada\/wp-json\/wp\/v2\/users\/6504"}],"replies":[{"embeddable":true,"href":"https:\/\/blogsaverroes.juntadeandalucia.es\/ceipparquenuevagranada\/wp-json\/wp\/v2\/comments?post=7123"}],"version-history":[{"count":4,"href":"https:\/\/blogsaverroes.juntadeandalucia.es\/ceipparquenuevagranada\/wp-json\/wp\/v2\/posts\/7123\/revisions"}],"predecessor-version":[{"id":7131,"href":"https:\/\/blogsaverroes.juntadeandalucia.es\/ceipparquenuevagranada\/wp-json\/wp\/v2\/posts\/7123\/revisions\/7131"}],"wp:featuredmedia":[{"embeddable":true,"href":"https:\/\/blogsaverroes.juntadeandalucia.es\/ceipparquenuevagranada\/wp-json\/wp\/v2\/media\/7126"}],"wp:attachment":[{"href":"https:\/\/blogsaverroes.juntadeandalucia.es\/ceipparquenuevagranada\/wp-json\/wp\/v2\/media?parent=7123"}],"wp:term":[{"taxonomy":"category","embeddable":true,"href":"https:\/\/blogsaverroes.juntadeandalucia.es\/ceipparquenuevagranada\/wp-json\/wp\/v2\/categories?post=7123"},{"taxonomy":"post_tag","embeddable":true,"href":"https:\/\/blogsaverroes.juntadeandalucia.es\/ceipparquenuevagranada\/wp-json\/wp\/v2\/tags?post=7123"}],"curies":[{"name":"wp","href":"https:\/\/api.w.org\/{rel}","templated":true}]}}