{"id":3863,"date":"2025-04-29T11:44:38","date_gmt":"2025-04-29T11:44:38","guid":{"rendered":"https:\/\/blogsaverroes.juntadeandalucia.es\/ceippedagogogarcianavarro\/?p=3863"},"modified":"2025-04-29T11:45:36","modified_gmt":"2025-04-29T11:45:36","slug":"dia-del-libro","status":"publish","type":"post","link":"https:\/\/blogsaverroes.juntadeandalucia.es\/ceippedagogogarcianavarro\/dia-del-libro\/","title":{"rendered":"Leer te da alas &#8211; D\u00eda del Libro 2025"},"content":{"rendered":"<p>&nbsp;Este curso 2024-25 en nuestro cole hemos realizado diferentes actividades para planificar y celebrar el D\u00eda del Libro. Las &nbsp;actividades tienen como objetivo fomentar la pasi\u00f3n por la lectura y promover la escritura creativa entre nuestr@s alumn@s. Se han realizado durante la semana del 21&nbsp; al 25 de abril 2025.<\/p>\n<p style=\"text-align: center\"><strong><u>Actividades y juegos para celebrar el D\u00eda del Libro<\/u><\/strong><\/p>\n<p><strong>1. Taller de Cuenta<\/strong><strong>cuentos<\/strong><\/p>\n<p>Los cuentacuentos<span style=\"text-align: center\">&nbsp;son u<\/span>na forma maravillosa de acercar a los ni\u00f1os al mundo de la lectura. En esta actividad hemos narrado historias de manera entretenida y emocionante, capturando la atenci\u00f3n de los peque\u00f1os lectores. Los cuentacuentos &nbsp;les ofrecen una experiencia \u00fanica y m\u00e1gica despertando el inter\u00e9s de los alumn@s por la lectura y la imaginaci\u00f3n.<\/p>\n<p><strong>2. Concursos de poes\u00eda<\/strong><\/p>\n<p>Los concursos de poes\u00eda promueven la escritura y la creatividad. Con esta actividad hemos estimulado a nuestro alumnado a desarrollar su propio estilo \u00fanico de escritura. El concurso de Poes\u00eda&nbsp; ha tenido lugar el viernes 25 abril a las&nbsp; 11:00, en la entrada. Todos los participantes han recibido un obsequio.<\/p>\n<p><strong>3. Crea y decora tus propios marcap\u00e1ginas\/ comecocos.<\/strong><\/p>\n<p>Una forma divertida&nbsp;y pr\u00e1ctica de expresar amor por la lectura, creando y decorando tus propios marcap\u00e1ginas\/comecocos. Se ha realizado en los grupos interactivos del&nbsp; jueves 24 de abril.<\/p>\n<p><strong>4. Mural del D\u00eda<\/strong><\/p>\n<p>El mural es una actividad que combina el arte y la literatura. Hemos creado un mural tem\u00e1tico con el eslogan \u201cLEER TE DA ALAS\u201d, con unas alas gigantes. Se ha realizado con plumas elaboradas por l@s alumn@s, (pueden contener frases o simplemente estar coloreadas).Han utilizado diferentes t\u00e9cnicas de pintura, ilustraciones de personajes o escenas literarias, y agregado citas inspiradoras. Adem\u00e1s, ha permitido&nbsp; al alumnado &nbsp;involucrarse de manera activa y creativa en el proceso de creaci\u00f3n art\u00edstica<\/p>\n<p><strong>5. &nbsp;\u200bBibliopatio.<\/strong><\/p>\n<p>Durante la semana del 21 al 25 de abril hemos tenido Bibliopatio en el cole .Es una herramienta muy positiva para extender nuestra biblioteca m\u00e1s all\u00e1 del aula y fomentar el placer de la lectura en un espacio agradable y de ocio. El Bibliopatio genera nuevos espacios en nuestro patio, y fomenta &nbsp;la coeducaci\u00f3n y la creatividad en un nuevo entorno.<\/p>\n<p><strong>Conclusi\u00f3n<\/strong><\/p>\n<p>La celebraci\u00f3n literaria del D\u00eda del Libro es una ocasi\u00f3n especial para recordar la importancia de la lectura como una forma de enriquecimiento personal y cultural. A trav\u00e9s de actividades culturales como las mencionadas, podemos impulsar el h\u00e1bito dela lectura tanto en nuestro alumnado, incentivando la creatividad y la imaginaci\u00f3n.<\/p>\n<p>En conclusi\u00f3n, el D\u00eda del Libro nos ofrece la oportunidad de sumergirnos en el apasionante mundo de la literatura y disfrutar de actividades que nos acercan a las palabras y las h&nbsp; &nbsp;istorias. Sigamos celebrando la literatura y fomentando la lectura, recordando que los libros son nuestros aliados m\u00e1s fieles en el viaje maravilloso del conocimiento y la imaginaci\u00f3n. Sin olvidar nuestro lema:<\/p>\n<p style=\"text-align: center\">\u201c<em><u>Leer te da alas\u201d<\/u><\/em><\/p>\nngg_shortcode_0_placeholder\n","protected":false},"excerpt":{"rendered":"<p>&nbsp;Este curso 2024-25 en nuestro cole hemos realizado diferentes actividades para planificar y celebrar el D\u00eda del Libro. Las &nbsp;actividades tienen como objetivo fomentar la pasi\u00f3n por la lectura y promover la escritura creativa&#46;&#46;&#46;<\/p>\n","protected":false},"author":11931,"featured_media":0,"comment_status":"open","ping_status":"open","sticky":false,"template":"","format":"standard","meta":{"ngg_post_thumbnail":0,"footnotes":""},"categories":[11909],"tags":[],"aioseo_notices":[],"_links":{"self":[{"href":"https:\/\/blogsaverroes.juntadeandalucia.es\/ceippedagogogarcianavarro\/wp-json\/wp\/v2\/posts\/3863"}],"collection":[{"href":"https:\/\/blogsaverroes.juntadeandalucia.es\/ceippedagogogarcianavarro\/wp-json\/wp\/v2\/posts"}],"about":[{"href":"https:\/\/blogsaverroes.juntadeandalucia.es\/ceippedagogogarcianavarro\/wp-json\/wp\/v2\/types\/post"}],"author":[{"embeddable":true,"href":"https:\/\/blogsaverroes.juntadeandalucia.es\/ceippedagogogarcianavarro\/wp-json\/wp\/v2\/users\/11931"}],"replies":[{"embeddable":true,"href":"https:\/\/blogsaverroes.juntadeandalucia.es\/ceippedagogogarcianavarro\/wp-json\/wp\/v2\/comments?post=3863"}],"version-history":[{"count":6,"href":"https:\/\/blogsaverroes.juntadeandalucia.es\/ceippedagogogarcianavarro\/wp-json\/wp\/v2\/posts\/3863\/revisions"}],"predecessor-version":[{"id":3890,"href":"https:\/\/blogsaverroes.juntadeandalucia.es\/ceippedagogogarcianavarro\/wp-json\/wp\/v2\/posts\/3863\/revisions\/3890"}],"wp:attachment":[{"href":"https:\/\/blogsaverroes.juntadeandalucia.es\/ceippedagogogarcianavarro\/wp-json\/wp\/v2\/media?parent=3863"}],"wp:term":[{"taxonomy":"category","embeddable":true,"href":"https:\/\/blogsaverroes.juntadeandalucia.es\/ceippedagogogarcianavarro\/wp-json\/wp\/v2\/categories?post=3863"},{"taxonomy":"post_tag","embeddable":true,"href":"https:\/\/blogsaverroes.juntadeandalucia.es\/ceippedagogogarcianavarro\/wp-json\/wp\/v2\/tags?post=3863"}],"curies":[{"name":"wp","href":"https:\/\/api.w.org\/{rel}","templated":true}]}}