{"id":3833,"date":"2024-06-05T23:59:02","date_gmt":"2024-06-05T22:59:02","guid":{"rendered":"https:\/\/blogsaverroes.juntadeandalucia.es\/ceippedrogarfias\/?p=3833"},"modified":"2024-06-06T00:05:34","modified_gmt":"2024-06-05T23:05:34","slug":"trabajos-realizados-sobre-la-historia-en-espana","status":"publish","type":"post","link":"https:\/\/blogsaverroes.juntadeandalucia.es\/ceippedrogarfias\/2024\/06\/05\/trabajos-realizados-sobre-la-historia-en-espana\/","title":{"rendered":"Trabajos realizados sobre la historia en Espa\u00f1a"},"content":{"rendered":"<p>Nuestro alumnado de 5\u00ba y 6\u00ba de Primaria han realizado unos v\u00eddeos sobre la historia espa\u00f1ola en el \u00e1rea de Conocimiento del Medio.<\/p>\n<p><strong>Alumnado de 5\u00ba curso<\/strong><\/p>\n<p>Proyecto Conocimiento del Medio &#8211; EDAD MEDIA<\/p>\n<div style=\"width: 478px;\" class=\"wp-video\"><!--[if lt IE 9]><script>document.createElement('video');<\/script><![endif]-->\n<video class=\"wp-video-shortcode\" id=\"video-3833-1\" width=\"478\" height=\"850\" preload=\"metadata\" controls=\"controls\"><source type=\"video\/mp4\" src=\"https:\/\/blogsaverroes.juntadeandalucia.es\/ceippedrogarfias\/files\/2024\/06\/198a8bf8-6311-41f1-ac38-162ed3b03e89.mp4?_=1\" \/><a href=\"https:\/\/blogsaverroes.juntadeandalucia.es\/ceippedrogarfias\/files\/2024\/06\/198a8bf8-6311-41f1-ac38-162ed3b03e89.mp4\">https:\/\/blogsaverroes.juntadeandalucia.es\/ceippedrogarfias\/files\/2024\/06\/198a8bf8-6311-41f1-ac38-162ed3b03e89.mp4<\/a><\/video><\/div>\n<p>&nbsp;<\/p>\n<p>Al&#8217; Andalus<\/p>\n<div style=\"width: 478px;\" class=\"wp-video\"><video class=\"wp-video-shortcode\" id=\"video-3833-2\" width=\"478\" height=\"850\" preload=\"metadata\" controls=\"controls\"><source type=\"video\/mp4\" src=\"https:\/\/blogsaverroes.juntadeandalucia.es\/ceippedrogarfias\/files\/2024\/06\/13b6a9b3-fc7d-4ef4-8fe6-a53ff115aca7.mp4?_=2\" \/><a href=\"https:\/\/blogsaverroes.juntadeandalucia.es\/ceippedrogarfias\/files\/2024\/06\/13b6a9b3-fc7d-4ef4-8fe6-a53ff115aca7.mp4\">https:\/\/blogsaverroes.juntadeandalucia.es\/ceippedrogarfias\/files\/2024\/06\/13b6a9b3-fc7d-4ef4-8fe6-a53ff115aca7.mp4<\/a><\/video><\/div>\n<p>&nbsp;<\/p>\n<p>Reinos Cristianos &#8211; Reino de Pamplona<\/p>\n<div style=\"width: 478px;\" class=\"wp-video\"><video class=\"wp-video-shortcode\" id=\"video-3833-3\" width=\"478\" height=\"850\" preload=\"metadata\" controls=\"controls\"><source type=\"video\/mp4\" src=\"https:\/\/blogsaverroes.juntadeandalucia.es\/ceippedrogarfias\/files\/2024\/06\/a8bed312-50f6-45db-bacb-93133912eaa5.mp4?_=3\" \/><a href=\"https:\/\/blogsaverroes.juntadeandalucia.es\/ceippedrogarfias\/files\/2024\/06\/a8bed312-50f6-45db-bacb-93133912eaa5.mp4\">https:\/\/blogsaverroes.juntadeandalucia.es\/ceippedrogarfias\/files\/2024\/06\/a8bed312-50f6-45db-bacb-93133912eaa5.mp4<\/a><\/video><\/div>\n<p>&nbsp;<\/p>\n<p>Reinos Cristianos &#8211; Asturias<\/p>\n<div style=\"width: 478px;\" class=\"wp-video\"><video class=\"wp-video-shortcode\" id=\"video-3833-4\" width=\"478\" height=\"850\" preload=\"metadata\" controls=\"controls\"><source type=\"video\/mp4\" src=\"https:\/\/blogsaverroes.juntadeandalucia.es\/ceippedrogarfias\/files\/2024\/06\/f88e1464-8ff2-408d-8346-a5427639613c.mp4?_=4\" \/><a href=\"https:\/\/blogsaverroes.juntadeandalucia.es\/ceippedrogarfias\/files\/2024\/06\/f88e1464-8ff2-408d-8346-a5427639613c.mp4\">https:\/\/blogsaverroes.juntadeandalucia.es\/ceippedrogarfias\/files\/2024\/06\/f88e1464-8ff2-408d-8346-a5427639613c.mp4<\/a><\/video><\/div>\n<p>&nbsp;<\/p>\n<p>Invasi\u00f3n de los pueblos germanos &#8211; Los Visigodos<\/p>\n<div style=\"width: 478px;\" class=\"wp-video\"><video class=\"wp-video-shortcode\" id=\"video-3833-5\" width=\"478\" height=\"850\" preload=\"metadata\" controls=\"controls\"><source type=\"video\/mp4\" src=\"https:\/\/blogsaverroes.juntadeandalucia.es\/ceippedrogarfias\/files\/2024\/06\/eec7655b-9e19-4cbd-91d9-aa7f1928b94e.mp4?_=5\" \/><a href=\"https:\/\/blogsaverroes.juntadeandalucia.es\/ceippedrogarfias\/files\/2024\/06\/eec7655b-9e19-4cbd-91d9-aa7f1928b94e.mp4\">https:\/\/blogsaverroes.juntadeandalucia.es\/ceippedrogarfias\/files\/2024\/06\/eec7655b-9e19-4cbd-91d9-aa7f1928b94e.mp4<\/a><\/video><\/div>\n<p>&nbsp;<\/p>\n<p>Reinos Cristianos &#8211; Arag\u00f3n y Condados Catalanes<\/p>\n<div style=\"width: 478px;\" class=\"wp-video\"><video class=\"wp-video-shortcode\" id=\"video-3833-6\" width=\"478\" height=\"850\" preload=\"metadata\" controls=\"controls\"><source type=\"video\/mp4\" src=\"https:\/\/blogsaverroes.juntadeandalucia.es\/ceippedrogarfias\/files\/2024\/06\/abe8b829-09f7-4679-9596-9c6668ce99ee.mp4?_=6\" \/><a href=\"https:\/\/blogsaverroes.juntadeandalucia.es\/ceippedrogarfias\/files\/2024\/06\/abe8b829-09f7-4679-9596-9c6668ce99ee.mp4\">https:\/\/blogsaverroes.juntadeandalucia.es\/ceippedrogarfias\/files\/2024\/06\/abe8b829-09f7-4679-9596-9c6668ce99ee.mp4<\/a><\/video><\/div>\n<p>&nbsp;<\/p>\n<p><strong>Alumnado de 6\u00ba curso<\/strong><\/p>\n<p>Guerra Civil<\/p>\n<div style=\"width: 478px;\" class=\"wp-video\"><video class=\"wp-video-shortcode\" id=\"video-3833-7\" width=\"478\" height=\"850\" preload=\"metadata\" controls=\"controls\"><source type=\"video\/mp4\" src=\"https:\/\/blogsaverroes.juntadeandalucia.es\/ceippedrogarfias\/files\/2024\/06\/4dd59b52-f170-40db-b9d8-d29a97436869.mp4?_=7\" \/><a href=\"https:\/\/blogsaverroes.juntadeandalucia.es\/ceippedrogarfias\/files\/2024\/06\/4dd59b52-f170-40db-b9d8-d29a97436869.mp4\">https:\/\/blogsaverroes.juntadeandalucia.es\/ceippedrogarfias\/files\/2024\/06\/4dd59b52-f170-40db-b9d8-d29a97436869.mp4<\/a><\/video><\/div>\n<p>&nbsp;<\/p>\n<p>Isabel II<\/p>\n<div style=\"width: 478px;\" class=\"wp-video\"><video class=\"wp-video-shortcode\" id=\"video-3833-8\" width=\"478\" height=\"850\" preload=\"metadata\" controls=\"controls\"><source type=\"video\/mp4\" src=\"https:\/\/blogsaverroes.juntadeandalucia.es\/ceippedrogarfias\/files\/2024\/06\/8bca0290-fda6-4901-8a03-101c3d2e9dcb.mp4?_=8\" \/><a href=\"https:\/\/blogsaverroes.juntadeandalucia.es\/ceippedrogarfias\/files\/2024\/06\/8bca0290-fda6-4901-8a03-101c3d2e9dcb.mp4\">https:\/\/blogsaverroes.juntadeandalucia.es\/ceippedrogarfias\/files\/2024\/06\/8bca0290-fda6-4901-8a03-101c3d2e9dcb.mp4<\/a><\/video><\/div>\n<p>&nbsp;<\/p>\n<p>Alfonso XII<\/p>\n<div style=\"width: 478px;\" class=\"wp-video\"><video class=\"wp-video-shortcode\" id=\"video-3833-9\" width=\"478\" height=\"850\" preload=\"metadata\" controls=\"controls\"><source type=\"video\/mp4\" src=\"https:\/\/blogsaverroes.juntadeandalucia.es\/ceippedrogarfias\/files\/2024\/06\/618b2be5-4dbb-4d12-bc98-55aa9c8e2353.mp4?_=9\" \/><a href=\"https:\/\/blogsaverroes.juntadeandalucia.es\/ceippedrogarfias\/files\/2024\/06\/618b2be5-4dbb-4d12-bc98-55aa9c8e2353.mp4\">https:\/\/blogsaverroes.juntadeandalucia.es\/ceippedrogarfias\/files\/2024\/06\/618b2be5-4dbb-4d12-bc98-55aa9c8e2353.mp4<\/a><\/video><\/div>\n<p>&nbsp;<\/p>\n<p>Fernando VII<\/p>\n<div style=\"width: 478px;\" class=\"wp-video\"><video class=\"wp-video-shortcode\" id=\"video-3833-10\" width=\"478\" height=\"850\" preload=\"metadata\" controls=\"controls\"><source type=\"video\/mp4\" src=\"https:\/\/blogsaverroes.juntadeandalucia.es\/ceippedrogarfias\/files\/2024\/06\/a4205d35-d7c4-49a9-997f-6e8896fea292.mp4?_=10\" \/><a href=\"https:\/\/blogsaverroes.juntadeandalucia.es\/ceippedrogarfias\/files\/2024\/06\/a4205d35-d7c4-49a9-997f-6e8896fea292.mp4\">https:\/\/blogsaverroes.juntadeandalucia.es\/ceippedrogarfias\/files\/2024\/06\/a4205d35-d7c4-49a9-997f-6e8896fea292.mp4<\/a><\/video><\/div>\n","protected":false},"excerpt":{"rendered":"<p>Nuestro alumnado de 5\u00ba y 6\u00ba de Primaria han realizado unos v\u00eddeos sobre la historia espa\u00f1ola en el \u00e1rea de Conocimiento del Medio. Alumnado de 5\u00ba curso Proyecto Conocimiento del Medio &#8211; EDAD MEDIA&#46;&#46;&#46;<\/p>\n","protected":false},"author":4889,"featured_media":3845,"comment_status":"closed","ping_status":"open","sticky":false,"template":"","format":"standard","meta":{"ngg_post_thumbnail":0,"footnotes":""},"categories":[140,25496],"tags":[1154516,1154517,1154518],"aioseo_notices":[],"_links":{"self":[{"href":"https:\/\/blogsaverroes.juntadeandalucia.es\/ceippedrogarfias\/wp-json\/wp\/v2\/posts\/3833"}],"collection":[{"href":"https:\/\/blogsaverroes.juntadeandalucia.es\/ceippedrogarfias\/wp-json\/wp\/v2\/posts"}],"about":[{"href":"https:\/\/blogsaverroes.juntadeandalucia.es\/ceippedrogarfias\/wp-json\/wp\/v2\/types\/post"}],"author":[{"embeddable":true,"href":"https:\/\/blogsaverroes.juntadeandalucia.es\/ceippedrogarfias\/wp-json\/wp\/v2\/users\/4889"}],"replies":[{"embeddable":true,"href":"https:\/\/blogsaverroes.juntadeandalucia.es\/ceippedrogarfias\/wp-json\/wp\/v2\/comments?post=3833"}],"version-history":[{"count":1,"href":"https:\/\/blogsaverroes.juntadeandalucia.es\/ceippedrogarfias\/wp-json\/wp\/v2\/posts\/3833\/revisions"}],"predecessor-version":[{"id":3844,"href":"https:\/\/blogsaverroes.juntadeandalucia.es\/ceippedrogarfias\/wp-json\/wp\/v2\/posts\/3833\/revisions\/3844"}],"wp:featuredmedia":[{"embeddable":true,"href":"https:\/\/blogsaverroes.juntadeandalucia.es\/ceippedrogarfias\/wp-json\/wp\/v2\/media\/3845"}],"wp:attachment":[{"href":"https:\/\/blogsaverroes.juntadeandalucia.es\/ceippedrogarfias\/wp-json\/wp\/v2\/media?parent=3833"}],"wp:term":[{"taxonomy":"category","embeddable":true,"href":"https:\/\/blogsaverroes.juntadeandalucia.es\/ceippedrogarfias\/wp-json\/wp\/v2\/categories?post=3833"},{"taxonomy":"post_tag","embeddable":true,"href":"https:\/\/blogsaverroes.juntadeandalucia.es\/ceippedrogarfias\/wp-json\/wp\/v2\/tags?post=3833"}],"curies":[{"name":"wp","href":"https:\/\/api.w.org\/{rel}","templated":true}]}}