{"id":3401,"date":"2022-10-10T15:30:56","date_gmt":"2022-10-10T15:30:56","guid":{"rendered":"https:\/\/blogsaverroes.juntadeandalucia.es\/ceippicasso\/?p=3401"},"modified":"2022-10-20T19:23:00","modified_gmt":"2022-10-20T19:23:00","slug":"mi-cole-es-sostenible","status":"publish","type":"post","link":"https:\/\/blogsaverroes.juntadeandalucia.es\/ceippicasso\/mi-cole-es-sostenible\/","title":{"rendered":"\u00a1Mi cole es sostenible!"},"content":{"rendered":"<p align=\"justify\">Con motivo de la participaci\u00f3n de nuestro centro en el <em><span style=\"color: #3366ff\">Programa <strong>PROA-Transf\u00f3rmate<\/strong><\/span><\/em>, durante la primera semana de curso todas las etapas de Educaci\u00f3n Primaria y cinco a\u00f1os de Educaci\u00f3n Infantil han realizado una actividad relacionada con los ODS (Objetivos de Desarrollo Sostenible), que forman parte de la Agenda 2030. As\u00ed pues, es una de las actividades palanca seleccionadas por nuestro colegio en el mencionado programa.<\/p>\n<p align=\"justify\"><a href=\"https:\/\/blogsaverroes.juntadeandalucia.es\/ceippicasso\/files\/2022\/10\/portada.jpg\"><img loading=\"lazy\" decoding=\"async\" class=\" wp-image-3405 aligncenter\" src=\"https:\/\/blogsaverroes.juntadeandalucia.es\/ceippicasso\/files\/2022\/10\/portada.jpg\" alt=\"\" width=\"711\" height=\"456\" srcset=\"https:\/\/blogsaverroes.juntadeandalucia.es\/ceippicasso\/files\/2022\/10\/portada.jpg 1514w, https:\/\/blogsaverroes.juntadeandalucia.es\/ceippicasso\/files\/2022\/10\/portada-300x192.jpg 300w, https:\/\/blogsaverroes.juntadeandalucia.es\/ceippicasso\/files\/2022\/10\/portada-1024x657.jpg 1024w, https:\/\/blogsaverroes.juntadeandalucia.es\/ceippicasso\/files\/2022\/10\/portada-768x493.jpg 768w\" sizes=\"(max-width: 711px) 100vw, 711px\" \/><\/a><\/p>\n<p align=\"justify\">&nbsp;<\/p>\n<p align=\"justify\">Las actividades realizadas poseen un objetivo claro, concienciar a todo el alumnado sobre la importancia de cuidar el planeta. A d\u00eda de hoy, a nadie se le escapa que las nuevas generaciones deben crecer entendiendo que deben luchar por un mundo m\u00e1s ecol\u00f3gico, sostenible y que les permita una vida a gusto en el mismo.<\/p>\n<p align=\"justify\">Para ello se elabor\u00f3 la actividad \u201cMi cole es sostenible\u201d, en la cual, la se\u00f1o<strong>&nbsp;Alba Ca\u00f1amero<\/strong>, invitaba a la reflexi\u00f3n en clase de todos y todas, sobre las acciones que podr\u00edamos llevar a cabo para conseguir un colegio que apostase por el desarrollo sostenible.<\/p>\n<p align=\"justify\"><a href=\"https:\/\/blogsaverroes.juntadeandalucia.es\/ceippicasso\/files\/2022\/10\/explicando.jpg\"><img loading=\"lazy\" decoding=\"async\" class=\" wp-image-3403 aligncenter\" src=\"https:\/\/blogsaverroes.juntadeandalucia.es\/ceippicasso\/files\/2022\/10\/explicando.jpg\" alt=\"\" width=\"837\" height=\"628\" srcset=\"https:\/\/blogsaverroes.juntadeandalucia.es\/ceippicasso\/files\/2022\/10\/explicando.jpg 2000w, https:\/\/blogsaverroes.juntadeandalucia.es\/ceippicasso\/files\/2022\/10\/explicando-300x225.jpg 300w, https:\/\/blogsaverroes.juntadeandalucia.es\/ceippicasso\/files\/2022\/10\/explicando-1024x768.jpg 1024w, https:\/\/blogsaverroes.juntadeandalucia.es\/ceippicasso\/files\/2022\/10\/explicando-768x576.jpg 768w, https:\/\/blogsaverroes.juntadeandalucia.es\/ceippicasso\/files\/2022\/10\/explicando-1536x1152.jpg 1536w\" sizes=\"(max-width: 837px) 100vw, 837px\" \/><\/a><\/p>\n<p align=\"justify\"><span style=\"color: #000000\">La actividad consist\u00eda en un debate previo grupal para obtener propuestas que poder redactar en unas fundas de pl\u00e1stico que podr\u00edan borrarse y reutilizarse una vez se seleccionasen las mejores, que luego ser\u00edan puestas en com\u00fan.<\/span><\/p>\n<figure id=\"attachment_3407\" aria-describedby=\"caption-attachment-3407\" style=\"width: 320px\" class=\"wp-caption aligncenter\"><a href=\"https:\/\/blogsaverroes.juntadeandalucia.es\/ceippicasso\/files\/2022\/10\/Captura-de-Pantalla-2022-10-19-a-las-17.48.03.png\"><img loading=\"lazy\" decoding=\"async\" class=\"wp-image-3407\" src=\"https:\/\/blogsaverroes.juntadeandalucia.es\/ceippicasso\/files\/2022\/10\/Captura-de-Pantalla-2022-10-19-a-las-17.48.03.png\" alt=\"\" width=\"320\" height=\"538\" srcset=\"https:\/\/blogsaverroes.juntadeandalucia.es\/ceippicasso\/files\/2022\/10\/Captura-de-Pantalla-2022-10-19-a-las-17.48.03.png 718w, https:\/\/blogsaverroes.juntadeandalucia.es\/ceippicasso\/files\/2022\/10\/Captura-de-Pantalla-2022-10-19-a-las-17.48.03-178x300.png 178w, https:\/\/blogsaverroes.juntadeandalucia.es\/ceippicasso\/files\/2022\/10\/Captura-de-Pantalla-2022-10-19-a-las-17.48.03-609x1024.png 609w\" sizes=\"(max-width: 320px) 100vw, 320px\" \/><\/a><figcaption id=\"caption-attachment-3407\" class=\"wp-caption-text\">Reflexiones y propuestas del alumnado de 6.\u00baB<\/figcaption><\/figure>\n<p align=\"justify\"><span style=\"color: #000000\">La participaci\u00f3n ha sido incre\u00edble. Nuestro alumnado se ha mostrado muy consciente de los retos ecol\u00f3gicos que se nos plantean y crearon una bater\u00eda de objetivos y propuestas para tratar de dar a conocer otras opciones que podemos utilizar para vivir de la misma manera, sin tener que hacer grandes esfuerzos. Queda demostrado que un granito de arena por cada uno y cada una de nosotros y nosotros muchas veces es m\u00e1s que suficiente. Ellos y ellas lo llevan a casa, lo transmiten a amigos y amigas para que, entre todos y todas, podamos construir una forma de vida acorde a lo que nuestro planeta nos ofrece: una vida sostenible. \u00a1Y desde nuestro cole, queremos dar ejemplo!<\/span><\/p>\n<p align=\"justify\"><a href=\"https:\/\/blogsaverroes.juntadeandalucia.es\/ceippicasso\/files\/2022\/10\/nin\u0303os.jpeg\"><img loading=\"lazy\" decoding=\"async\" class=\"wp-image-3404 aligncenter\" src=\"https:\/\/blogsaverroes.juntadeandalucia.es\/ceippicasso\/files\/2022\/10\/nin\u0303os.jpeg\" alt=\"\" width=\"969\" height=\"727\" srcset=\"https:\/\/blogsaverroes.juntadeandalucia.es\/ceippicasso\/files\/2022\/10\/nin\u0303os.jpeg 2000w, https:\/\/blogsaverroes.juntadeandalucia.es\/ceippicasso\/files\/2022\/10\/nin\u0303os-300x225.jpeg 300w, https:\/\/blogsaverroes.juntadeandalucia.es\/ceippicasso\/files\/2022\/10\/nin\u0303os-1024x768.jpeg 1024w, https:\/\/blogsaverroes.juntadeandalucia.es\/ceippicasso\/files\/2022\/10\/nin\u0303os-768x576.jpeg 768w, https:\/\/blogsaverroes.juntadeandalucia.es\/ceippicasso\/files\/2022\/10\/nin\u0303os-1536x1152.jpeg 1536w\" sizes=\"(max-width: 969px) 100vw, 969px\" \/><\/a><\/p>\n<p align=\"justify\"><span style=\"color: #000000\">Estas propuestas han sido:<\/span><\/p>\n<ul>\n<li><span style=\"color: #000000\">Tomar conciencia sobre la importancia de cuidar el planeta.<\/span><\/li>\n<li><span style=\"color: #000000\">Adquirir h\u00e1bitos que contribuyan a una gesti\u00f3n responsable de los residuos.<\/span><\/li>\n<li><span style=\"color: #000000\">Reflexionar sobre las consecuencias que pueden provocar la no pr\u00e1ctica de acciones sostenibles.<\/span><\/li>\n<li><span style=\"color: #000000\">Establecer estrategias y acciones para apoyar el desarrollo sostenible desde el colegio: reciclar (patrulla verde, talleres), reducir el consumo de agua y de papel; as\u00ed como de desechos.<\/span><\/li>\n<\/ul>\n<p>&nbsp;<\/p>\n<h2 style=\"text-align: center\" align=\"justify\"><strong><span style=\"color: #000000\">\u00a1Apostemos por un colegio sostenible!<\/span><\/strong><\/h2>\n<p align=\"justify\">&nbsp;<\/p>\n<!--themify_builder_content-->\n<div id=\"themify_builder_content-3401\" data-postid=\"3401\" class=\"themify_builder_content themify_builder_content-3401 themify_builder tf_clear\">\n    <\/div>\n<!--\/themify_builder_content-->\n","protected":false},"excerpt":{"rendered":"<p>Con motivo de la participaci\u00f3n de nuestro centro en el Programa PROA-Transf\u00f3rmate, durante la primera semana de curso todas las etapas de Educaci\u00f3n Primaria y cinco a\u00f1os de Educaci\u00f3n Infantil han realizado una actividad relacionada con los ODS (Objetivos de Desarrollo Sostenible), que forman parte de la Agenda 2030. As\u00ed pues, es una de las [&hellip;]<\/p>\n","protected":false},"author":11887,"featured_media":3402,"comment_status":"open","ping_status":"open","sticky":false,"template":"","format":"standard","meta":{"ngg_post_thumbnail":0,"footnotes":""},"categories":[2351712,2351717,2351718],"tags":[],"aioseo_notices":[],"post_mailing_queue_ids":[],"_links":{"self":[{"href":"https:\/\/blogsaverroes.juntadeandalucia.es\/ceippicasso\/wp-json\/wp\/v2\/posts\/3401"}],"collection":[{"href":"https:\/\/blogsaverroes.juntadeandalucia.es\/ceippicasso\/wp-json\/wp\/v2\/posts"}],"about":[{"href":"https:\/\/blogsaverroes.juntadeandalucia.es\/ceippicasso\/wp-json\/wp\/v2\/types\/post"}],"author":[{"embeddable":true,"href":"https:\/\/blogsaverroes.juntadeandalucia.es\/ceippicasso\/wp-json\/wp\/v2\/users\/11887"}],"replies":[{"embeddable":true,"href":"https:\/\/blogsaverroes.juntadeandalucia.es\/ceippicasso\/wp-json\/wp\/v2\/comments?post=3401"}],"version-history":[{"count":5,"href":"https:\/\/blogsaverroes.juntadeandalucia.es\/ceippicasso\/wp-json\/wp\/v2\/posts\/3401\/revisions"}],"predecessor-version":[{"id":3432,"href":"https:\/\/blogsaverroes.juntadeandalucia.es\/ceippicasso\/wp-json\/wp\/v2\/posts\/3401\/revisions\/3432"}],"wp:featuredmedia":[{"embeddable":true,"href":"https:\/\/blogsaverroes.juntadeandalucia.es\/ceippicasso\/wp-json\/wp\/v2\/media\/3402"}],"wp:attachment":[{"href":"https:\/\/blogsaverroes.juntadeandalucia.es\/ceippicasso\/wp-json\/wp\/v2\/media?parent=3401"}],"wp:term":[{"taxonomy":"category","embeddable":true,"href":"https:\/\/blogsaverroes.juntadeandalucia.es\/ceippicasso\/wp-json\/wp\/v2\/categories?post=3401"},{"taxonomy":"post_tag","embeddable":true,"href":"https:\/\/blogsaverroes.juntadeandalucia.es\/ceippicasso\/wp-json\/wp\/v2\/tags?post=3401"}],"curies":[{"name":"wp","href":"https:\/\/api.w.org\/{rel}","templated":true}]}}