{"id":3946,"date":"2022-12-27T13:30:45","date_gmt":"2022-12-27T13:30:45","guid":{"rendered":"https:\/\/blogsaverroes.juntadeandalucia.es\/ceippicasso\/?p=3946"},"modified":"2023-01-11T12:27:26","modified_gmt":"2023-01-11T12:27:26","slug":"programa-impulsa-inclusion","status":"publish","type":"post","link":"https:\/\/blogsaverroes.juntadeandalucia.es\/ceippicasso\/programa-impulsa-inclusion\/","title":{"rendered":"Programa IMPULSA Inclusi\u00f3n"},"content":{"rendered":"<p><span style=\"color: #000000\">En nuestro colegio, se lleva a cabo el <strong>Programa Impulsa Inclusi\u00f3n<\/strong>, el cual dirigido a fomentar actuaciones y medidas innovadoras de atenci\u00f3n al alumnado con el fin de favorecer la inclusi\u00f3n y \u00e9xito educativo del alumnado m\u00e1s vulnerable.<\/span><\/p>\n<p><span style=\"color: #000000\">Los alumnos y alumnas del <strong>Aula TEA<\/strong>, han participado en este programa y se han beneficiado satisfactoriamente de \u00e9l. Hemos contado con los siguientes talleres:<\/span><\/p>\n<ul>\n<li><span style=\"color: #000000\">Cocina saludable.<\/span><\/li>\n<li><span style=\"color: #000000\">Manualidades creativas con material reciclado.<\/span><\/li>\n<li><span style=\"color: #000000\">Estimulaci\u00f3n sensorial.<\/span><\/li>\n<\/ul>\n<p><span style=\"color: #000000\">El taller de cocina y manualidades lo realiza nuestra compa\u00f1era <strong>Luisa Arrieta Wauer<\/strong> y el de estimulaci\u00f3n lo dirige <strong>Miriam Le\u00f3n Carrasco<\/strong>.<\/span><\/p>\n<p><span style=\"color: #000000\">Nuestros alumnos y alumnas del <strong>Aula TEA<\/strong> han realizado diferentes recetas sanas y saludables, con la atenta supervisi\u00f3n de Luisa y dirigi\u00e9ndolos en todo momento con una actitud cercana y cari\u00f1osa, aprovechando al m\u00e1ximo sus cualidades y posibilidades. Han probado distintos sabores, manipulado diferentes texturas, utilizado utensilios de cocina, etc., desarrollando as\u00ed habilidades b\u00e1sicas de la vida diaria.<\/span><\/p>\n<p><span style=\"color: #000000\">En el taller de <strong>manualidades<\/strong>, han creado producciones pl\u00e1sticas utilizando distintas t\u00e9cnicas con materiales variados y reciclados. El&nbsp; trabajar con material reciclado nos permite resaltar la importancia de cuidar el medioambiente; adem\u00e1s de desarrollar la imaginaci\u00f3n, creatividad y motricidad fina.<\/span><\/p>\n<p><span style=\"color: #000000\">En el aula de <strong>estimulaci\u00f3n sensorial<\/strong>, se ha trabajado a trav\u00e9s de los sentidos empleando materiales multisensoriales promoviendo la exploraci\u00f3n, el aprendizaje y la relajaci\u00f3n. Se aumenta la curiosidad, atenci\u00f3n, concentraci\u00f3n, el deseo de aprender y promueve el pensamiento l\u00f3gico. Todos estos est\u00edmulos sensoriales son muy beneficiosos para el desarrollo de nuestros alumnos y alumnas.<\/span><\/p>\n<p><span style=\"color: #000000\">Enhorabuena a nuestras dos profesionales, Luisa y Miriam, que hacen posible que estos talleres se desarrollen de forma \u00f3ptima y nuestros ni\u00f1os y ni\u00f1as disfruten de esta experiencia.<\/span><\/p>\n<p><span style=\"color: #000000\">Deseamos seguir durante el curso con este programa donde nuestro alumnado trabajan con una metodolog\u00eda activa, din\u00e1mica, motivadora y desarrollando aspectos tan importantes como la autonom\u00eda, la socializaci\u00f3n y la comunicaci\u00f3n en un ambiente educativo distendido y relajado.<\/span><\/p>\n<p><span style=\"color: #000000\">Os dejamos un v\u00eddeo resumen a modo de recopilaci\u00f3n de todas estas actividades realizadas en el primer trimestre:<\/span><\/p>\n<p>&nbsp;<\/p>\n<!--themify_builder_content-->\n<div id=\"themify_builder_content-3946\" data-postid=\"3946\" class=\"themify_builder_content themify_builder_content-3946 themify_builder tf_clear\">\n                    <div  data-lazy=\"1\" class=\"module_row themify_builder_row tb_a0z3664 tb_first tf_w\">\n                        <div class=\"row_inner col_align_top tb_col_count_1 tf_box tf_rel\">\n                        <div  data-lazy=\"1\" class=\"module_column tb-column col-full tb_s2jf665 first\">\n                            <div  data-lazy=\"1\" class=\"module_subrow themify_builder_sub_row tf_w col_align_top tb_col_count_1 tb_2ptz924\">\n                <div  data-lazy=\"1\" class=\"module_column sub_column col-full tb_mkve924 first\">\n                    <!-- module video -->\n<div  class=\"module module-video tb_nzbv290 video-top  \" data-lazy=\"1\">\n                    <div class=\"video-wrap-outer\">\n            <div class=\"video-wrap tf_rel tf_overflow tf_local_video\">\n                \n                    \n                    <div style=\"width: 640px;\" class=\"wp-video\"><!--[if lt IE 9]><script>document.createElement('video');<\/script><![endif]-->\n<video class=\"wp-video-shortcode\" id=\"video-3946-1\" width=\"640\" height=\"360\" preload=\"metadata\" controls=\"controls\"><source type=\"video\/mp4\" src=\"https:\/\/blogsaverroes.juntadeandalucia.es\/ceippicasso\/files\/2023\/01\/WhatsApp-Video-2022-12-22-at-12.48.43.mp4?_=1\" \/><a href=\"https:\/\/blogsaverroes.juntadeandalucia.es\/ceippicasso\/files\/2023\/01\/WhatsApp-Video-2022-12-22-at-12.48.43.mp4\">https:\/\/blogsaverroes.juntadeandalucia.es\/ceippicasso\/files\/2023\/01\/WhatsApp-Video-2022-12-22-at-12.48.43.mp4<\/a><\/video><\/div>\n                    \n                                <\/div>\n            <!-- \/video-wrap -->\n        <\/div>\n        <!-- \/video-wrap-outer -->\n            <\/div>\n        <\/div>\n                    <\/div>\n                <\/div>\n                        <\/div>\n        <\/div>\n        <\/div>\n<!--\/themify_builder_content-->","protected":false},"excerpt":{"rendered":"<p>En nuestro colegio, se lleva a cabo el Programa Impulsa Inclusi\u00f3n, el cual dirigido a fomentar actuaciones y medidas innovadoras de atenci\u00f3n al alumnado con el fin de favorecer la inclusi\u00f3n y \u00e9xito educativo del alumnado m\u00e1s vulnerable. Los alumnos y alumnas del Aula TEA, han participado en este programa y se han beneficiado satisfactoriamente [&hellip;]<\/p>\n","protected":false},"author":11887,"featured_media":3947,"comment_status":"open","ping_status":"open","sticky":false,"template":"","format":"standard","meta":{"ngg_post_thumbnail":0,"footnotes":""},"categories":[2351712,2351739],"tags":[],"aioseo_notices":[],"post_mailing_queue_ids":[],"_links":{"self":[{"href":"https:\/\/blogsaverroes.juntadeandalucia.es\/ceippicasso\/wp-json\/wp\/v2\/posts\/3946"}],"collection":[{"href":"https:\/\/blogsaverroes.juntadeandalucia.es\/ceippicasso\/wp-json\/wp\/v2\/posts"}],"about":[{"href":"https:\/\/blogsaverroes.juntadeandalucia.es\/ceippicasso\/wp-json\/wp\/v2\/types\/post"}],"author":[{"embeddable":true,"href":"https:\/\/blogsaverroes.juntadeandalucia.es\/ceippicasso\/wp-json\/wp\/v2\/users\/11887"}],"replies":[{"embeddable":true,"href":"https:\/\/blogsaverroes.juntadeandalucia.es\/ceippicasso\/wp-json\/wp\/v2\/comments?post=3946"}],"version-history":[{"count":4,"href":"https:\/\/blogsaverroes.juntadeandalucia.es\/ceippicasso\/wp-json\/wp\/v2\/posts\/3946\/revisions"}],"predecessor-version":[{"id":3952,"href":"https:\/\/blogsaverroes.juntadeandalucia.es\/ceippicasso\/wp-json\/wp\/v2\/posts\/3946\/revisions\/3952"}],"wp:featuredmedia":[{"embeddable":true,"href":"https:\/\/blogsaverroes.juntadeandalucia.es\/ceippicasso\/wp-json\/wp\/v2\/media\/3947"}],"wp:attachment":[{"href":"https:\/\/blogsaverroes.juntadeandalucia.es\/ceippicasso\/wp-json\/wp\/v2\/media?parent=3946"}],"wp:term":[{"taxonomy":"category","embeddable":true,"href":"https:\/\/blogsaverroes.juntadeandalucia.es\/ceippicasso\/wp-json\/wp\/v2\/categories?post=3946"},{"taxonomy":"post_tag","embeddable":true,"href":"https:\/\/blogsaverroes.juntadeandalucia.es\/ceippicasso\/wp-json\/wp\/v2\/tags?post=3946"}],"curies":[{"name":"wp","href":"https:\/\/api.w.org\/{rel}","templated":true}]}}