{"id":3953,"date":"2023-01-11T14:43:02","date_gmt":"2023-01-11T14:43:02","guid":{"rendered":"https:\/\/blogsaverroes.juntadeandalucia.es\/ceippicasso\/?p=3953"},"modified":"2023-01-11T14:46:29","modified_gmt":"2023-01-11T14:46:29","slug":"semana-de-la-capacidad","status":"publish","type":"post","link":"https:\/\/blogsaverroes.juntadeandalucia.es\/ceippicasso\/semana-de-la-capacidad\/","title":{"rendered":"Semana de la CAPACIDAD"},"content":{"rendered":"<h1 style=\"text-align: center\">Semana de la <del>dis<\/del>CAPACIDAD<\/h1>\n<p><span style=\"color: #000000\">El pasado 3 de diciembre fue el <span style=\"color: #ff9900\"><strong>D\u00eda Internacional de las Personas con Discapacidad<\/strong><\/span> fue declarado en 1992 por la Asamblea General de las Naciones Unidas. El objetivo de celebrar este d\u00eda, es promover los derechos y el bienestar de las personas con discapacidades en todos los \u00e1mbitos de la sociedad, as\u00ed como concienciar sobre su situaci\u00f3n en todos los aspectos de la vida pol\u00edtica, social, econ\u00f3mica y cultural.<\/span><\/p>\n<p><span style=\"color: #000000\"><span style=\"color: #800080\"><strong>Diversidad funcional<\/strong><\/span> es un t\u00e9rmino alternativo a \u201cdiscapacidad\u201d que ha empezado a utilizarse en los \u00faltimos a\u00f1os por parte de algunas asociaciones, y cuyo objetivo es eliminar las connotaciones negativas que conllevan expresiones como \u201cinvalidez\u201d, \u201cminusval\u00eda\u201d o \u201cincapacitaci\u00f3n\u201d.<\/span><\/p>\n<p><span style=\"color: #000000\">El Modelo de Diversidad Funcional tambi\u00e9n propone el abandono del t\u00e9rmino \u201ccapacidad\u201d por considerarlo limitativo y discriminatorio.<\/span><\/p>\n<p><span style=\"color: #000000\">Seg\u00fan la ONU en el mundo existen mil millones de personas con alg\u00fan tipo de discapacidad. En nuestro cole, no solo en esta semana, sino a lo largo de todo el curso, se atiende a la diversidad el alumnado existente, atiendo sus necesidades y respetando sus ritmos de trabajo. Celebrando este d\u00eda ayudamos a concienciar a la sociedad de las necesidades y derechos de las personas con diversidad funcional. Desde el Equipo de Orientaci\u00f3n, en colaboraci\u00f3n con Escuela Espacio de Paz y Plan de Convivencia, hemos dedicado una semana a trabajar la <span style=\"color: #339966\">diversidad existente<\/span>, y algunas de las actividades llevadas a cabo han sido las siguientes:<\/span><\/p>\n<ul>\n<li><span style=\"color: #000000\">Elaboramos un mural que se complet\u00f3 con mariposas decoradas por el alumnado del primer ciclo.<\/span><\/li>\n<\/ul>\n<p><img loading=\"lazy\" decoding=\"async\" class=\"wp-image-3956 aligncenter\" src=\"https:\/\/blogsaverroes.juntadeandalucia.es\/ceippicasso\/files\/2023\/01\/FOTO-2.jpg\" alt=\"\" width=\"972\" height=\"729\" srcset=\"https:\/\/blogsaverroes.juntadeandalucia.es\/ceippicasso\/files\/2023\/01\/FOTO-2.jpg 1280w, https:\/\/blogsaverroes.juntadeandalucia.es\/ceippicasso\/files\/2023\/01\/FOTO-2-300x225.jpg 300w, https:\/\/blogsaverroes.juntadeandalucia.es\/ceippicasso\/files\/2023\/01\/FOTO-2-1024x768.jpg 1024w, https:\/\/blogsaverroes.juntadeandalucia.es\/ceippicasso\/files\/2023\/01\/FOTO-2-768x576.jpg 768w\" sizes=\"(max-width: 972px) 100vw, 972px\" \/><\/p>\n<p><img loading=\"lazy\" decoding=\"async\" class=\"wp-image-3955 aligncenter\" src=\"https:\/\/blogsaverroes.juntadeandalucia.es\/ceippicasso\/files\/2023\/01\/FOTO-2-B.jpg\" alt=\"\" width=\"971\" height=\"971\" srcset=\"https:\/\/blogsaverroes.juntadeandalucia.es\/ceippicasso\/files\/2023\/01\/FOTO-2-B.jpg 1496w, https:\/\/blogsaverroes.juntadeandalucia.es\/ceippicasso\/files\/2023\/01\/FOTO-2-B-300x300.jpg 300w, https:\/\/blogsaverroes.juntadeandalucia.es\/ceippicasso\/files\/2023\/01\/FOTO-2-B-1024x1024.jpg 1024w, https:\/\/blogsaverroes.juntadeandalucia.es\/ceippicasso\/files\/2023\/01\/FOTO-2-B-150x150.jpg 150w, https:\/\/blogsaverroes.juntadeandalucia.es\/ceippicasso\/files\/2023\/01\/FOTO-2-B-768x768.jpg 768w\" sizes=\"(max-width: 971px) 100vw, 971px\" \/><\/p>\n<p>&nbsp;<\/p>\n<ul>\n<li><span style=\"color: #000000\">Los pasillos fueron decorados con frases positivas, poniendo de manifiesto la diversidad existente.&nbsp;<\/span><\/li>\n<\/ul>\n<p><img loading=\"lazy\" decoding=\"async\" class=\"wp-image-3957 aligncenter\" src=\"https:\/\/blogsaverroes.juntadeandalucia.es\/ceippicasso\/files\/2023\/01\/FOTO-3.jpg\" alt=\"\" width=\"725\" height=\"544\" srcset=\"https:\/\/blogsaverroes.juntadeandalucia.es\/ceippicasso\/files\/2023\/01\/FOTO-3.jpg 1280w, https:\/\/blogsaverroes.juntadeandalucia.es\/ceippicasso\/files\/2023\/01\/FOTO-3-300x225.jpg 300w, https:\/\/blogsaverroes.juntadeandalucia.es\/ceippicasso\/files\/2023\/01\/FOTO-3-1024x768.jpg 1024w, https:\/\/blogsaverroes.juntadeandalucia.es\/ceippicasso\/files\/2023\/01\/FOTO-3-768x576.jpg 768w\" sizes=\"(max-width: 725px) 100vw, 725px\" \/><\/p>\n<ul>\n<li><span style=\"color: #000000\">En las distintas aulas se vision\u00f3 un Genially con informaci\u00f3n, v\u00eddeos, cortos&#8230; sobre los distintos tipos de discapacidad existente.<\/span><\/li>\n<\/ul>\n<p style=\"text-align: center\"><span style=\"color: #3366ff\"><a style=\"color: #3366ff\" href=\"https:\/\/view.genial.ly\/5fba88fac48a490d28950c0e\/presentation-concienciacion\">https:\/\/view.genial.ly\/5fba88fac48a490d28950c0e\/presentation-concienciacion<\/a><\/span><\/p>\n<ul>\n<li><span style=\"color: #000000\">Se llev\u00f3 a cabo, en la Biblioteca de nuestro centro, un cuentacuentos, a cargo de la Asociaci\u00f3n S\u00edndrome Phelan-McDermid para infantil, aula TEA y primer ciclo de primaria.&nbsp;<\/span><\/li>\n<\/ul>\n<p><img loading=\"lazy\" decoding=\"async\" class=\"wp-image-3958 aligncenter\" src=\"https:\/\/blogsaverroes.juntadeandalucia.es\/ceippicasso\/files\/2023\/01\/FOTO-4.jpg\" alt=\"\" width=\"626\" height=\"470\" srcset=\"https:\/\/blogsaverroes.juntadeandalucia.es\/ceippicasso\/files\/2023\/01\/FOTO-4.jpg 1600w, https:\/\/blogsaverroes.juntadeandalucia.es\/ceippicasso\/files\/2023\/01\/FOTO-4-300x225.jpg 300w, https:\/\/blogsaverroes.juntadeandalucia.es\/ceippicasso\/files\/2023\/01\/FOTO-4-1024x768.jpg 1024w, https:\/\/blogsaverroes.juntadeandalucia.es\/ceippicasso\/files\/2023\/01\/FOTO-4-768x576.jpg 768w, https:\/\/blogsaverroes.juntadeandalucia.es\/ceippicasso\/files\/2023\/01\/FOTO-4-1536x1152.jpg 1536w\" sizes=\"(max-width: 626px) 100vw, 626px\" \/><\/p>\n<p><img loading=\"lazy\" decoding=\"async\" class=\" wp-image-3959 aligncenter\" src=\"https:\/\/blogsaverroes.juntadeandalucia.es\/ceippicasso\/files\/2023\/01\/FOTO-5.jpg\" alt=\"\" width=\"680\" height=\"907\" srcset=\"https:\/\/blogsaverroes.juntadeandalucia.es\/ceippicasso\/files\/2023\/01\/FOTO-5.jpg 960w, https:\/\/blogsaverroes.juntadeandalucia.es\/ceippicasso\/files\/2023\/01\/FOTO-5-225x300.jpg 225w, https:\/\/blogsaverroes.juntadeandalucia.es\/ceippicasso\/files\/2023\/01\/FOTO-5-768x1024.jpg 768w\" sizes=\"(max-width: 680px) 100vw, 680px\" \/><\/p>\n<p>&nbsp;<\/p>\n<ul>\n<li><span style=\"color: #000000\">Tambi\u00e9n se proyect\u00f3 la poes\u00eda \u201cDiferentes en el vuelo\u201d y se analiz\u00f3 en clase, en las aulas de infantil, primer ciclo y TEA.<\/span><\/li>\n<li><span style=\"color: #000000\">Tanto en las distintas aulas del segundo y tercer ciclo, como en la sala de profesorado, realizamos un mural, donde se reflejaron calificativos positivos de cada uno de nosotros, haciendo visible la diversidad existente en las aulas.<\/span><\/li>\n<\/ul>\n<p><img loading=\"lazy\" decoding=\"async\" class=\" wp-image-3960 aligncenter\" src=\"https:\/\/blogsaverroes.juntadeandalucia.es\/ceippicasso\/files\/2023\/01\/FOTO-6.jpg\" alt=\"\" width=\"976\" height=\"732\" srcset=\"https:\/\/blogsaverroes.juntadeandalucia.es\/ceippicasso\/files\/2023\/01\/FOTO-6.jpg 1280w, https:\/\/blogsaverroes.juntadeandalucia.es\/ceippicasso\/files\/2023\/01\/FOTO-6-300x225.jpg 300w, https:\/\/blogsaverroes.juntadeandalucia.es\/ceippicasso\/files\/2023\/01\/FOTO-6-1024x768.jpg 1024w, https:\/\/blogsaverroes.juntadeandalucia.es\/ceippicasso\/files\/2023\/01\/FOTO-6-768x576.jpg 768w\" sizes=\"(max-width: 976px) 100vw, 976px\" \/><\/p>\n<ul>\n<li><span style=\"color: #000000\">Sexto curso particip\u00f3 en una charla\/coloquio y un circuito, organizado por <strong>FEGADI<\/strong>, para sensibilizarlos con la discapacidad motora.<\/span><\/li>\n<\/ul>\nngg_shortcode_0_placeholder\n<ul>\n<li><span style=\"color: #000000\">El alumnado de cuarto particip\u00f3 en el Programa de Radio Escolar, de la mano del maestro Daniel Paz, guionizado por las maestras de PT y Aula TEA, Cristina Figueroa e Isabel S\u00e1nchez, en un programa especial, homenaje a la semana de la Diversidad Funcional.<\/span><\/li>\n<\/ul>\n<p style=\"text-align: center\"><span style=\"color: #3366ff\"><a style=\"color: #3366ff\" href=\"https:\/\/blogsaverroes.juntadeandalucia.es\/ceippicasso\/segundo-programa-de-la-radio-escolar\/\">https:\/\/blogsaverroes.juntadeandalucia.es\/ceippicasso\/segundo-programa-de-la-radio-escolar\/<\/a><\/span><\/p>\n<p>&nbsp;<\/p>\n<p><span style=\"color: #000000\">En el CEIP Pablo Picasso, el D\u00eda Internacional de las Personas con Diversidad Funcional se empez\u00f3 a conmemorar hace varios cursos, con la voluntad de mejorar la inclusi\u00f3n &nbsp;del alumnado con diversidad funcional, de hacerle ver a toda la comunidad educativa las habilidades que poseen y los obst\u00e1culos a los que se enfrentan las personas con discapacidad, para educarnos como sociedad y comprometernos en seguir avanzando hacia una sociedad plenamente inclusiva y accesible.<\/span><\/p>\n<!--themify_builder_content-->\n<div id=\"themify_builder_content-3953\" data-postid=\"3953\" class=\"themify_builder_content themify_builder_content-3953 themify_builder tf_clear\">\n    <\/div>\n<!--\/themify_builder_content-->\n","protected":false},"excerpt":{"rendered":"<p>Semana de la disCAPACIDAD El pasado 3 de diciembre fue el D\u00eda Internacional de las Personas con Discapacidad fue declarado en 1992 por la Asamblea General de las Naciones Unidas. El objetivo de celebrar este d\u00eda, es promover los derechos y el bienestar de las personas con discapacidades en todos los \u00e1mbitos de la sociedad, [&hellip;]<\/p>\n","protected":false},"author":11887,"featured_media":3954,"comment_status":"open","ping_status":"open","sticky":false,"template":"","format":"standard","meta":{"ngg_post_thumbnail":0,"footnotes":""},"categories":[2351712,2351711,2351739],"tags":[2351741],"aioseo_notices":[],"post_mailing_queue_ids":[],"_links":{"self":[{"href":"https:\/\/blogsaverroes.juntadeandalucia.es\/ceippicasso\/wp-json\/wp\/v2\/posts\/3953"}],"collection":[{"href":"https:\/\/blogsaverroes.juntadeandalucia.es\/ceippicasso\/wp-json\/wp\/v2\/posts"}],"about":[{"href":"https:\/\/blogsaverroes.juntadeandalucia.es\/ceippicasso\/wp-json\/wp\/v2\/types\/post"}],"author":[{"embeddable":true,"href":"https:\/\/blogsaverroes.juntadeandalucia.es\/ceippicasso\/wp-json\/wp\/v2\/users\/11887"}],"replies":[{"embeddable":true,"href":"https:\/\/blogsaverroes.juntadeandalucia.es\/ceippicasso\/wp-json\/wp\/v2\/comments?post=3953"}],"version-history":[{"count":4,"href":"https:\/\/blogsaverroes.juntadeandalucia.es\/ceippicasso\/wp-json\/wp\/v2\/posts\/3953\/revisions"}],"predecessor-version":[{"id":3989,"href":"https:\/\/blogsaverroes.juntadeandalucia.es\/ceippicasso\/wp-json\/wp\/v2\/posts\/3953\/revisions\/3989"}],"wp:featuredmedia":[{"embeddable":true,"href":"https:\/\/blogsaverroes.juntadeandalucia.es\/ceippicasso\/wp-json\/wp\/v2\/media\/3954"}],"wp:attachment":[{"href":"https:\/\/blogsaverroes.juntadeandalucia.es\/ceippicasso\/wp-json\/wp\/v2\/media?parent=3953"}],"wp:term":[{"taxonomy":"category","embeddable":true,"href":"https:\/\/blogsaverroes.juntadeandalucia.es\/ceippicasso\/wp-json\/wp\/v2\/categories?post=3953"},{"taxonomy":"post_tag","embeddable":true,"href":"https:\/\/blogsaverroes.juntadeandalucia.es\/ceippicasso\/wp-json\/wp\/v2\/tags?post=3953"}],"curies":[{"name":"wp","href":"https:\/\/api.w.org\/{rel}","templated":true}]}}