{"id":3999,"date":"2023-01-13T17:28:18","date_gmt":"2023-01-13T17:28:18","guid":{"rendered":"https:\/\/blogsaverroes.juntadeandalucia.es\/ceippicasso\/?p=3999"},"modified":"2023-01-13T17:30:04","modified_gmt":"2023-01-13T17:30:04","slug":"quinto-programa-de-la-radio-escolar","status":"publish","type":"post","link":"https:\/\/blogsaverroes.juntadeandalucia.es\/ceippicasso\/quinto-programa-de-la-radio-escolar\/","title":{"rendered":"Quinto programa de la radio escolar"},"content":{"rendered":"<p><span style=\"color: #000000\">\u00a1Acumulamos un programa m\u00e1s de radio escolar! Y es que esta vez, el alumnado de 3.\u00baB se ha puesto frente al micr\u00f3fono del Picasso para contarnos como fue su Congreso de Ciencias que realizaron a finales del primer trimestre.<\/span><\/p>\n<p><img loading=\"lazy\" decoding=\"async\" class=\"wp-image-4007 aligncenter\" src=\"https:\/\/blogsaverroes.juntadeandalucia.es\/ceippicasso\/files\/2023\/01\/0F5C94F2-F08E-45CD-85D6-31F5C21D3993_1_105_c.jpeg\" alt=\"\" width=\"761\" height=\"571\" srcset=\"https:\/\/blogsaverroes.juntadeandalucia.es\/ceippicasso\/files\/2023\/01\/0F5C94F2-F08E-45CD-85D6-31F5C21D3993_1_105_c.jpeg 1024w, https:\/\/blogsaverroes.juntadeandalucia.es\/ceippicasso\/files\/2023\/01\/0F5C94F2-F08E-45CD-85D6-31F5C21D3993_1_105_c-300x225.jpeg 300w, https:\/\/blogsaverroes.juntadeandalucia.es\/ceippicasso\/files\/2023\/01\/0F5C94F2-F08E-45CD-85D6-31F5C21D3993_1_105_c-768x576.jpeg 768w\" sizes=\"(max-width: 761px) 100vw, 761px\" \/><\/p>\n<p><span style=\"color: #000000\">De nuevo, emitiendo en directo para todas las clases (infantil, Aula TEA y primaria), desde&#8230; \u00a1\u00a1la sala de radio!! Los protagonistas en esta ocasi\u00f3n han sido Carla, Gonzalo, Vega y Roc\u00edo; con Valeria al frente del programa como presentadora. Todos ellos han hecho un trabajo excepcional en la interpretaci\u00f3n del gui\u00f3n redactado por el maestro y tutor Isaac Flores.<\/span><\/p>\n<p>ngg_shortcode_0_placeholder<span style=\"color: #000000\">Como cada semana, el compa\u00f1ero Miguel \u00c1ngel de 6.\u00baB ha ejercido como t\u00e9cnico de sonido.<\/span><\/p>\n<p><span style=\"color: #000000\">Sin m\u00e1s, os dejamos con el programa de radio para que pod\u00e1is escucharlo en casa con vuestras familias.<\/span><\/p>\n<p><span style=\"color: #000000\">Nos vemos el jueves que viene, mientras ya saben&#8230;<\/span><\/p>\n<h3 style=\"text-align: center\">\u00a1CON\u00c9CTATE A UN CIENT\u00cdFICO Y ESTAR\u00c1S CONECTADO A UN NI\u00d1O!<\/h3>\n<p>&nbsp;<\/p>\n<!--[if lt IE 9]><script>document.createElement('audio');<\/script><![endif]-->\n<audio class=\"wp-audio-shortcode\" id=\"audio-3999-1\" preload=\"none\" style=\"width: 100%;\" controls=\"controls\"><source type=\"audio\/mpeg\" src=\"https:\/\/blogsaverroes.juntadeandalucia.es\/ceippicasso\/files\/2023\/01\/Programa-de-radio-5.mp3?_=1\" \/><a href=\"https:\/\/blogsaverroes.juntadeandalucia.es\/ceippicasso\/files\/2023\/01\/Programa-de-radio-5.mp3\">https:\/\/blogsaverroes.juntadeandalucia.es\/ceippicasso\/files\/2023\/01\/Programa-de-radio-5.mp3<\/a><\/audio>\n<p>&nbsp;<\/p>\n<!--themify_builder_content-->\n<div id=\"themify_builder_content-3999\" data-postid=\"3999\" class=\"themify_builder_content themify_builder_content-3999 themify_builder tf_clear\">\n    <\/div>\n<!--\/themify_builder_content-->\n","protected":false},"excerpt":{"rendered":"<p>\u00a1Acumulamos un programa m\u00e1s de radio escolar! Y es que esta vez, el alumnado de 3.\u00baB se ha puesto frente al micr\u00f3fono del Picasso para contarnos como fue su Congreso de Ciencias que realizaron a finales del primer trimestre. De nuevo, emitiendo en directo para todas las clases (infantil, Aula TEA y primaria), desde&#8230; \u00a1\u00a1la [&hellip;]<\/p>\n","protected":false},"author":11887,"featured_media":4010,"comment_status":"open","ping_status":"open","sticky":false,"template":"","format":"standard","meta":{"ngg_post_thumbnail":0,"footnotes":""},"categories":[2351719,2351712,2351725],"tags":[2351737],"aioseo_notices":[],"post_mailing_queue_ids":[],"_links":{"self":[{"href":"https:\/\/blogsaverroes.juntadeandalucia.es\/ceippicasso\/wp-json\/wp\/v2\/posts\/3999"}],"collection":[{"href":"https:\/\/blogsaverroes.juntadeandalucia.es\/ceippicasso\/wp-json\/wp\/v2\/posts"}],"about":[{"href":"https:\/\/blogsaverroes.juntadeandalucia.es\/ceippicasso\/wp-json\/wp\/v2\/types\/post"}],"author":[{"embeddable":true,"href":"https:\/\/blogsaverroes.juntadeandalucia.es\/ceippicasso\/wp-json\/wp\/v2\/users\/11887"}],"replies":[{"embeddable":true,"href":"https:\/\/blogsaverroes.juntadeandalucia.es\/ceippicasso\/wp-json\/wp\/v2\/comments?post=3999"}],"version-history":[{"count":4,"href":"https:\/\/blogsaverroes.juntadeandalucia.es\/ceippicasso\/wp-json\/wp\/v2\/posts\/3999\/revisions"}],"predecessor-version":[{"id":4013,"href":"https:\/\/blogsaverroes.juntadeandalucia.es\/ceippicasso\/wp-json\/wp\/v2\/posts\/3999\/revisions\/4013"}],"wp:featuredmedia":[{"embeddable":true,"href":"https:\/\/blogsaverroes.juntadeandalucia.es\/ceippicasso\/wp-json\/wp\/v2\/media\/4010"}],"wp:attachment":[{"href":"https:\/\/blogsaverroes.juntadeandalucia.es\/ceippicasso\/wp-json\/wp\/v2\/media?parent=3999"}],"wp:term":[{"taxonomy":"category","embeddable":true,"href":"https:\/\/blogsaverroes.juntadeandalucia.es\/ceippicasso\/wp-json\/wp\/v2\/categories?post=3999"},{"taxonomy":"post_tag","embeddable":true,"href":"https:\/\/blogsaverroes.juntadeandalucia.es\/ceippicasso\/wp-json\/wp\/v2\/tags?post=3999"}],"curies":[{"name":"wp","href":"https:\/\/api.w.org\/{rel}","templated":true}]}}