{"id":4063,"date":"2023-01-26T17:36:24","date_gmt":"2023-01-26T17:36:24","guid":{"rendered":"https:\/\/blogsaverroes.juntadeandalucia.es\/ceippicasso\/?p=4063"},"modified":"2023-01-26T17:36:24","modified_gmt":"2023-01-26T17:36:24","slug":"esperanza-azul-tea","status":"publish","type":"post","link":"https:\/\/blogsaverroes.juntadeandalucia.es\/ceippicasso\/esperanza-azul-tea\/","title":{"rendered":"Esperanza Azul &#8211; TEA"},"content":{"rendered":"<p>Desde el curso 2015-16 nuestro Colegio cuenta con una unidad m\u00e1s, el Aula TEA.&nbsp;<\/p>\n<p>En esta Aula est\u00e1n matriculadas cinco alumnos y alumnas que son atendidos por su tutora Do\u00f1a Isabel S\u00e1nchez y por otras profesionales como son la profesora AL, el personal t\u00e9cnico de integraci\u00f3n social, la orientadora de referencia en nuestro centro y monitoras de talleres.<\/p>\n<p><img loading=\"lazy\" decoding=\"async\" class=\"wp-image-4070 aligncenter\" src=\"https:\/\/blogsaverroes.juntadeandalucia.es\/ceippicasso\/files\/2023\/01\/WhatsApp-Image-2023-01-26-at-12.52.10.jpeg\" alt=\"\" width=\"764\" height=\"509\" srcset=\"https:\/\/blogsaverroes.juntadeandalucia.es\/ceippicasso\/files\/2023\/01\/WhatsApp-Image-2023-01-26-at-12.52.10.jpeg 1600w, https:\/\/blogsaverroes.juntadeandalucia.es\/ceippicasso\/files\/2023\/01\/WhatsApp-Image-2023-01-26-at-12.52.10-300x200.jpeg 300w, https:\/\/blogsaverroes.juntadeandalucia.es\/ceippicasso\/files\/2023\/01\/WhatsApp-Image-2023-01-26-at-12.52.10-1024x683.jpeg 1024w, https:\/\/blogsaverroes.juntadeandalucia.es\/ceippicasso\/files\/2023\/01\/WhatsApp-Image-2023-01-26-at-12.52.10-768x512.jpeg 768w, https:\/\/blogsaverroes.juntadeandalucia.es\/ceippicasso\/files\/2023\/01\/WhatsApp-Image-2023-01-26-at-12.52.10-1536x1024.jpeg 1536w\" sizes=\"(max-width: 764px) 100vw, 764px\" \/><\/p>\n<p>Cada una ellas realizan funciones diferentes que complementan la formaci\u00f3n y aprendizaje de nuestros alumnos.&nbsp;<\/p>\n<p>El aula es un espacio abierto pues sus alumnos y alumnas se integran en sus grupos de referencia y realizan talleres que dan a conocer al resto del alumnado.&nbsp;<\/p>\n<p>Desde el Equipo de Orientaci\u00f3n constantemente se est\u00e1n organizando actividades de sensibilizaci\u00f3n hacia el trastorno de espectro autista o cualquier tipo de capacidades, con la finalidad de conseguir un colegio realmente inclusivo.&nbsp;<\/p>\n<p>En todo este equipo humano que trabaja por el bienestar de los ni\u00f1os y ni\u00f1as del Aula TEA no pueden faltar las familias que colaboran y participan en todo lo que su tutora propone.&nbsp;<\/p>\n<p>A petici\u00f3n de las familias del Aula TEA queremos dar a conocer la Asociaci\u00f3n Esperanza Azul, uno de sus objetivos es&nbsp; sensibilizar no solo al alumnado sino a toda la comunidad educativa de este centro y a la sociedad en general, por lo que nuestro centro se ha ofrecido a colaborar en todo lo que nos sea posible.&nbsp;<\/p>\n<p><span style=\"color: #3366ff\"><em>Esperanza Azul es una asociaci\u00f3n sin animo de lucro nacida en 2022 en La L\u00ednea, fundada por padres\/madres\/familiares y est\u00e1 dirigida a atender a las necesidades de las personas con Trastorno del Espectro Autista (TEA), apoyo a la familias y visibilidad de dicho trastorno.<\/em><\/span><\/p>\n<p><span style=\"color: #3366ff\"><em>El objetivo de esta asociaci\u00f3n es promover y realizar las acciones y actividades necesarias que contribuyan a la mejora de las condiciones de vida de las personas con TEA y procurar su plena integraci\u00f3n familiar, social y laboral en todas las etapas de la vida.<\/em><\/span><\/p>\n<p><span style=\"color: #3366ff\"><em>Queremos ser un punto de encuentro de padres y familiares donde poder compartir experiencias, preocupaciones, dudas, metodolog\u00edas\u2026&nbsp; Adem\u00e1s, poder aprender por medio de charlas, conferencias, debates, jornadas\u2026a las que acudan profesionales en la materia, o bien con la organizaci\u00f3n de cursos de formaci\u00f3n para los padres, familiares y profesionales educativos.<\/em><\/span><br \/>\n<span style=\"color: #3366ff\"><em>&nbsp;<\/em><\/span><br \/>\n<span style=\"color: #3366ff\"><em>Queremos dar un lugar donde nuestros hijos pudieran reunirse en torno a diferentes talleres (habilidades sociales, juegos cooperativos, manualidades, pinturas\u2026) y realizar todas las actividades posibles para favorecer la inclusi\u00f3n y visibilidad de este colectivo.<\/em><\/span><br \/>\n<span style=\"color: #3366ff\"><em>&nbsp;<\/em><\/span><br \/>\n<span style=\"color: #3366ff\"><em>Somos casi 200 en la actualidad, con muchas ganas motivaci\u00f3n e ilusi\u00f3n. Espero que sigamos aumentando hasta ser una enorme familia.<\/em><\/span><br \/>\n<span style=\"color: #3366ff\"><em>&nbsp;<\/em><\/span><br \/>\n<span style=\"color: #3366ff\"><em>Muchas gracias.&nbsp;<\/em><\/span><\/p>\n<p><span style=\"color: #3366ff\"><em>T.E.A. Esperanza azul<\/em><\/span><br \/>\n<span style=\"color: #3366ff\"><em>Campo de Gibraltar &#8211; La L\u00ednea<\/em><\/span><\/p>\n<!--themify_builder_content-->\n<div id=\"themify_builder_content-4063\" data-postid=\"4063\" class=\"themify_builder_content themify_builder_content-4063 themify_builder tf_clear\">\n    <\/div>\n<!--\/themify_builder_content-->\n","protected":false},"excerpt":{"rendered":"<p>Desde el curso 2015-16 nuestro Colegio cuenta con una unidad m\u00e1s, el Aula TEA.&nbsp; En esta Aula est\u00e1n matriculadas cinco alumnos y alumnas que son atendidos por su tutora Do\u00f1a Isabel S\u00e1nchez y por otras profesionales como son la profesora AL, el personal t\u00e9cnico de integraci\u00f3n social, la orientadora de referencia en nuestro centro y [&hellip;]<\/p>\n","protected":false},"author":11887,"featured_media":4064,"comment_status":"open","ping_status":"open","sticky":false,"template":"","format":"standard","meta":{"ngg_post_thumbnail":0,"footnotes":""},"categories":[2351712,11909],"tags":[2351742],"aioseo_notices":[],"post_mailing_queue_ids":[],"_links":{"self":[{"href":"https:\/\/blogsaverroes.juntadeandalucia.es\/ceippicasso\/wp-json\/wp\/v2\/posts\/4063"}],"collection":[{"href":"https:\/\/blogsaverroes.juntadeandalucia.es\/ceippicasso\/wp-json\/wp\/v2\/posts"}],"about":[{"href":"https:\/\/blogsaverroes.juntadeandalucia.es\/ceippicasso\/wp-json\/wp\/v2\/types\/post"}],"author":[{"embeddable":true,"href":"https:\/\/blogsaverroes.juntadeandalucia.es\/ceippicasso\/wp-json\/wp\/v2\/users\/11887"}],"replies":[{"embeddable":true,"href":"https:\/\/blogsaverroes.juntadeandalucia.es\/ceippicasso\/wp-json\/wp\/v2\/comments?post=4063"}],"version-history":[{"count":6,"href":"https:\/\/blogsaverroes.juntadeandalucia.es\/ceippicasso\/wp-json\/wp\/v2\/posts\/4063\/revisions"}],"predecessor-version":[{"id":4072,"href":"https:\/\/blogsaverroes.juntadeandalucia.es\/ceippicasso\/wp-json\/wp\/v2\/posts\/4063\/revisions\/4072"}],"wp:featuredmedia":[{"embeddable":true,"href":"https:\/\/blogsaverroes.juntadeandalucia.es\/ceippicasso\/wp-json\/wp\/v2\/media\/4064"}],"wp:attachment":[{"href":"https:\/\/blogsaverroes.juntadeandalucia.es\/ceippicasso\/wp-json\/wp\/v2\/media?parent=4063"}],"wp:term":[{"taxonomy":"category","embeddable":true,"href":"https:\/\/blogsaverroes.juntadeandalucia.es\/ceippicasso\/wp-json\/wp\/v2\/categories?post=4063"},{"taxonomy":"post_tag","embeddable":true,"href":"https:\/\/blogsaverroes.juntadeandalucia.es\/ceippicasso\/wp-json\/wp\/v2\/tags?post=4063"}],"curies":[{"name":"wp","href":"https:\/\/api.w.org\/{rel}","templated":true}]}}