{"id":4085,"date":"2023-02-04T10:00:40","date_gmt":"2023-02-04T10:00:40","guid":{"rendered":"https:\/\/blogsaverroes.juntadeandalucia.es\/ceippicasso\/?p=4085"},"modified":"2023-02-03T21:38:42","modified_gmt":"2023-02-03T21:38:42","slug":"dia-internacional-de-la-educacion","status":"publish","type":"post","link":"https:\/\/blogsaverroes.juntadeandalucia.es\/ceippicasso\/dia-internacional-de-la-educacion\/","title":{"rendered":"D\u00eda Internacional de la Educaci\u00f3n"},"content":{"rendered":"<p class=\"p2\" style=\"text-align: justify\"><span style=\"color: #000000\"><b>El pasado 24 de enero se celebr\u00f3 el D\u00eda Internacional de la Educaci\u00f3n<\/b>, una fecha proclamada por la <b>Organizaci\u00f3n de las Naciones Unidas (<\/b>ONU<b>)<\/b> con la intenci\u00f3n de concienciar a la sociedad acerca de la importancia de la educaci\u00f3n y la estrecha relaci\u00f3n que esta tiene de cara al desarrollo y la consecuci\u00f3n de los objetivos contemplados en la Agenda 2030 para el Desarrollo Sostenible (ODS).<\/span><\/p>\n<p class=\"p2\" style=\"text-align: justify\"><span style=\"color: #000000\">As\u00ed pues, no se puede concebir la educaci\u00f3n de otra forma que como pilar fundamental y b\u00e1sico para la creaci\u00f3n de una sociedad justa, igualitaria y autosuficiente ya que potenciar\u00e1 las relaciones interpersonales e intrapersonales de cara a un ma\u00f1ana de compartir en comunidad.<\/span><\/p>\n<p class=\"p2\" style=\"text-align: justify\"><span style=\"color: #000000\">Adem\u00e1s, si ponemos el foco en los diferentes factores principales de la educaci\u00f3n, encontramos que uno de ellos es ayudar a erradicar la pobreza y el hambre, otro contribuir a mejorar la salud, as\u00ed como promover la igualdad de g\u00e9nero y reducir la desigualdad. En definitiva, formar futuras generaciones que forjen ciudadanos democr\u00e1ticos, resilientes, responsables y aut\u00f3nomos.<\/span><\/p>\n<p class=\"p2\" style=\"text-align: justify\"><span style=\"color: #000000\">Aunando todos esos elementos nos damos cuenta que muchos retos que plantean los ODS reflejan la esencia de nuestro centro. Ya que este trabaja en la l\u00ednea del PROA+ Transf\u00f3rmate, que pretende, entre otras cosas, cambiar la visi\u00f3n de la educaci\u00f3n de la comunidad educativa, precisamente por ser esta el germen para guiar nuestra sociedad actual y las futuras hacia un horizonte de sostenibilidad, igualdad de oportunidades, tolerancia y respeto.<\/span><\/p>\n<p class=\"p2\" style=\"text-align: justify\"><span style=\"color: #000000\">Sin embargo, encontramos uno de ellos que hace referencia exclusiva y espec\u00edfica al tema que tratamos en esta entrada: la educaci\u00f3n. Al respecto, el <b>Objetivo de Desarrollo Sostenible n\u00famero 4 <\/b>establece una <b>Educaci\u00f3n Inclusiva, Equitativa y de Calidad<\/b>. Con ello se pretende garantizar que la poblaci\u00f3n infantil tengan acceso a la educaci\u00f3n primaria y secundaria gratuita, para el a\u00f1o 2030. Y con ello, dar cumplimiento a uno de los derechos humanos m\u00e1s luchado y peleados como es el Derecho a la Educaci\u00f3n.<\/span><\/p>\n<p style=\"text-align: justify\"><span style=\"color: #000000\"><img loading=\"lazy\" decoding=\"async\" class=\"wp-image-4086 aligncenter\" src=\"https:\/\/blogsaverroes.juntadeandalucia.es\/ceippicasso\/files\/2023\/02\/Captura-de-pantalla-2023-02-03-a-las-22.35.25.png\" alt=\"\" width=\"561\" height=\"263\" srcset=\"https:\/\/blogsaverroes.juntadeandalucia.es\/ceippicasso\/files\/2023\/02\/Captura-de-pantalla-2023-02-03-a-las-22.35.25.png 1266w, https:\/\/blogsaverroes.juntadeandalucia.es\/ceippicasso\/files\/2023\/02\/Captura-de-pantalla-2023-02-03-a-las-22.35.25-300x141.png 300w, https:\/\/blogsaverroes.juntadeandalucia.es\/ceippicasso\/files\/2023\/02\/Captura-de-pantalla-2023-02-03-a-las-22.35.25-1024x480.png 1024w, https:\/\/blogsaverroes.juntadeandalucia.es\/ceippicasso\/files\/2023\/02\/Captura-de-pantalla-2023-02-03-a-las-22.35.25-768x360.png 768w\" sizes=\"(max-width: 561px) 100vw, 561px\" \/><\/span><\/p>\n<p class=\"p2\" style=\"text-align: justify\"><span style=\"color: #000000\">Anualmente se selecciona un tema central para la celebraci\u00f3n de este D\u00eda Internacional. Para el a\u00f1o 2023 el lema bajo cuyo paraguas se cobijar\u00e1n todas las acciones llevadas a cabo desde nuestro centro educativo es:<b> \u00abInvertir en las personas, priorizar la educaci\u00f3n\u00bb<\/b>.<\/span><\/p>\n<!--themify_builder_content-->\n<div id=\"themify_builder_content-4085\" data-postid=\"4085\" class=\"themify_builder_content themify_builder_content-4085 themify_builder tf_clear\">\n    <\/div>\n<!--\/themify_builder_content-->\n","protected":false},"excerpt":{"rendered":"<p>El pasado 24 de enero se celebr\u00f3 el D\u00eda Internacional de la Educaci\u00f3n, una fecha proclamada por la Organizaci\u00f3n de las Naciones Unidas (ONU) con la intenci\u00f3n de concienciar a la sociedad acerca de la importancia de la educaci\u00f3n y la estrecha relaci\u00f3n que esta tiene de cara al desarrollo y la consecuci\u00f3n de los [&hellip;]<\/p>\n","protected":false},"author":11887,"featured_media":4087,"comment_status":"open","ping_status":"open","sticky":false,"template":"","format":"standard","meta":{"ngg_post_thumbnail":0,"footnotes":""},"categories":[2351712,2351714,2351717,2351739],"tags":[2351728],"aioseo_notices":[],"post_mailing_queue_ids":[],"_links":{"self":[{"href":"https:\/\/blogsaverroes.juntadeandalucia.es\/ceippicasso\/wp-json\/wp\/v2\/posts\/4085"}],"collection":[{"href":"https:\/\/blogsaverroes.juntadeandalucia.es\/ceippicasso\/wp-json\/wp\/v2\/posts"}],"about":[{"href":"https:\/\/blogsaverroes.juntadeandalucia.es\/ceippicasso\/wp-json\/wp\/v2\/types\/post"}],"author":[{"embeddable":true,"href":"https:\/\/blogsaverroes.juntadeandalucia.es\/ceippicasso\/wp-json\/wp\/v2\/users\/11887"}],"replies":[{"embeddable":true,"href":"https:\/\/blogsaverroes.juntadeandalucia.es\/ceippicasso\/wp-json\/wp\/v2\/comments?post=4085"}],"version-history":[{"count":1,"href":"https:\/\/blogsaverroes.juntadeandalucia.es\/ceippicasso\/wp-json\/wp\/v2\/posts\/4085\/revisions"}],"predecessor-version":[{"id":4088,"href":"https:\/\/blogsaverroes.juntadeandalucia.es\/ceippicasso\/wp-json\/wp\/v2\/posts\/4085\/revisions\/4088"}],"wp:featuredmedia":[{"embeddable":true,"href":"https:\/\/blogsaverroes.juntadeandalucia.es\/ceippicasso\/wp-json\/wp\/v2\/media\/4087"}],"wp:attachment":[{"href":"https:\/\/blogsaverroes.juntadeandalucia.es\/ceippicasso\/wp-json\/wp\/v2\/media?parent=4085"}],"wp:term":[{"taxonomy":"category","embeddable":true,"href":"https:\/\/blogsaverroes.juntadeandalucia.es\/ceippicasso\/wp-json\/wp\/v2\/categories?post=4085"},{"taxonomy":"post_tag","embeddable":true,"href":"https:\/\/blogsaverroes.juntadeandalucia.es\/ceippicasso\/wp-json\/wp\/v2\/tags?post=4085"}],"curies":[{"name":"wp","href":"https:\/\/api.w.org\/{rel}","templated":true}]}}