{"id":4389,"date":"2023-03-22T23:22:18","date_gmt":"2023-03-22T23:22:18","guid":{"rendered":"https:\/\/blogsaverroes.juntadeandalucia.es\/ceippicasso\/?p=4389"},"modified":"2023-03-23T20:33:58","modified_gmt":"2023-03-23T20:33:58","slug":"proa-transformate-22-23","status":"publish","type":"post","link":"https:\/\/blogsaverroes.juntadeandalucia.es\/ceippicasso\/proa-transformate-22-23\/","title":{"rendered":"PROA+ Transf\u00f3rmate 22\/23"},"content":{"rendered":"<p><img loading=\"lazy\" decoding=\"async\" class=\"wp-image-4390 aligncenter\" src=\"https:\/\/blogsaverroes.juntadeandalucia.es\/ceippicasso\/files\/2023\/03\/Proa-2-defi.png\" alt=\"\" width=\"588\" height=\"178\" srcset=\"https:\/\/blogsaverroes.juntadeandalucia.es\/ceippicasso\/files\/2023\/03\/Proa-2-defi.png 1600w, https:\/\/blogsaverroes.juntadeandalucia.es\/ceippicasso\/files\/2023\/03\/Proa-2-defi-300x91.png 300w, https:\/\/blogsaverroes.juntadeandalucia.es\/ceippicasso\/files\/2023\/03\/Proa-2-defi-1024x310.png 1024w, https:\/\/blogsaverroes.juntadeandalucia.es\/ceippicasso\/files\/2023\/03\/Proa-2-defi-768x232.png 768w, https:\/\/blogsaverroes.juntadeandalucia.es\/ceippicasso\/files\/2023\/03\/Proa-2-defi-1536x465.png 1536w\" sizes=\"(max-width: 588px) 100vw, 588px\" \/><\/p>\n<p>&nbsp;<\/p>\n<p>Desde el pasado curso nuestro colegio participa en el <span style=\"text-decoration: underline\">Programa para la Orientaci\u00f3n, Avance y Enriquecimiento Educativo<\/span> <strong>PROA+ Transf\u00f3rmate<\/strong>.<\/p>\n<p>Este Programa es de car\u00e1cter <strong>plurianual, es decir, se lleva a cabo entre los a\u00f1os 2021-2024<\/strong> y tiene como objetivos:<\/p>\n<ol>\n<li>Mejorar los \u00edndices de \u00e9xito escolar.<\/li>\n<li>Garantizar la permanencia del alumnado en el sistema educativo.<\/li>\n<\/ol>\n<p>&nbsp;<\/p>\n<p>Para conseguir estos objetivos se plantean dos grandes l\u00edneas de trabajo:<\/p>\n<ol>\n<li>Mantener e incrementar actividades que favorezcan el rendimiento educativo de todo el alumnado, especialmente el que se encuentra en situaci\u00f3n de vulnerabilidad.<\/li>\n<li>Transformar el funcionamiento del centro desarrollando un Plan Estrat\u00e9gico de Mejora (PEM).<\/li>\n<\/ol>\n<p>&nbsp;<\/p>\n<p><strong>El Plan Estrat\u00e9gico de Mejora <\/strong>se define como el \u201cplan de planes\u201d pues debe unificar y coordinar todos los planes, programas o proyectos realizados en el Centro con acciones innovadoras y transformadoras dise\u00f1adas para alcanzar los objetivos del PROA+Transf\u00f3rmate.<\/p>\n<p>La eficacia del PEM se basa en un compromiso de los docentes y de la comunidad escolar en su conjunto (familias, alumnos y alumnas, personal no docente,etc. ), un buen clima escolar y de aula que permita que se desarrolle un adecuado trabajo de los docentes y un entorno agradable para el aprendizaje.<\/p>\n<p>&nbsp;<\/p>\n<p>Para alcanzar todo ello es necesario:<\/p>\n<p style=\"padding-left: 40px\">a) <strong>Etapa de sensibilizaci\u00f3n<\/strong> en la que todos los sectores de la comunidad educativa reciban informaci\u00f3n de este programa.<\/p>\n<ul>\n<li style=\"list-style-type: none\">\n<ul>\n<li>Utilizaremos el blog, donde aparecer\u00e1 peri\u00f3dicamente informaci\u00f3n del PROA+.<\/li>\n<li>El profesorado recibir\u00e1 sesiones de informaci\u00f3n y formaci\u00f3n, favoreciendo su participaci\u00f3n en la elaboraci\u00f3n del PEM y en la sensibilizaci\u00f3n de familias y alumnado.<\/li>\n<li>Se realizar\u00e1n charlas informativas al grupo de madres delegadas y las familias de todo el alumnado en las reuniones grupales de tutor\u00edas.<\/li>\n<li>Se informar\u00e1 al alumnado atendiendo al nivel madurativo.<\/li>\n<\/ul>\n<\/li>\n<\/ul>\n<p style=\"padding-left: 40px\">b) <strong>Etapa de an\u00e1lisis<\/strong> en la que detectaremos las debilidades y fortalezas de todos los elementos que conforman el colegio, con la finalidad de eliminar los aspectos negativos y aprovechar los aspectos positivos en beneficio de la mejora del centro.<\/p>\n<p>&nbsp;<\/p>\n<p>Para ello solicitaremos ayuda a trav\u00e9s de cuestionarios a los diferentes sectores.<\/p>\n<!--themify_builder_content-->\n<div id=\"themify_builder_content-4389\" data-postid=\"4389\" class=\"themify_builder_content themify_builder_content-4389 themify_builder tf_clear\">\n    <\/div>\n<!--\/themify_builder_content-->\n","protected":false},"excerpt":{"rendered":"<p>&nbsp; Desde el pasado curso nuestro colegio participa en el Programa para la Orientaci\u00f3n, Avance y Enriquecimiento Educativo PROA+ Transf\u00f3rmate. Este Programa es de car\u00e1cter plurianual, es decir, se lleva a cabo entre los a\u00f1os 2021-2024 y tiene como objetivos: Mejorar los \u00edndices de \u00e9xito escolar. Garantizar la permanencia del alumnado en el sistema educativo. [&hellip;]<\/p>\n","protected":false},"author":11887,"featured_media":4390,"comment_status":"open","ping_status":"open","sticky":false,"template":"","format":"standard","meta":{"ngg_post_thumbnail":0,"footnotes":""},"categories":[2351713,2351712,11909,2351718],"tags":[],"aioseo_notices":[],"post_mailing_queue_ids":[],"_links":{"self":[{"href":"https:\/\/blogsaverroes.juntadeandalucia.es\/ceippicasso\/wp-json\/wp\/v2\/posts\/4389"}],"collection":[{"href":"https:\/\/blogsaverroes.juntadeandalucia.es\/ceippicasso\/wp-json\/wp\/v2\/posts"}],"about":[{"href":"https:\/\/blogsaverroes.juntadeandalucia.es\/ceippicasso\/wp-json\/wp\/v2\/types\/post"}],"author":[{"embeddable":true,"href":"https:\/\/blogsaverroes.juntadeandalucia.es\/ceippicasso\/wp-json\/wp\/v2\/users\/11887"}],"replies":[{"embeddable":true,"href":"https:\/\/blogsaverroes.juntadeandalucia.es\/ceippicasso\/wp-json\/wp\/v2\/comments?post=4389"}],"version-history":[{"count":6,"href":"https:\/\/blogsaverroes.juntadeandalucia.es\/ceippicasso\/wp-json\/wp\/v2\/posts\/4389\/revisions"}],"predecessor-version":[{"id":4504,"href":"https:\/\/blogsaverroes.juntadeandalucia.es\/ceippicasso\/wp-json\/wp\/v2\/posts\/4389\/revisions\/4504"}],"wp:featuredmedia":[{"embeddable":true,"href":"https:\/\/blogsaverroes.juntadeandalucia.es\/ceippicasso\/wp-json\/wp\/v2\/media\/4390"}],"wp:attachment":[{"href":"https:\/\/blogsaverroes.juntadeandalucia.es\/ceippicasso\/wp-json\/wp\/v2\/media?parent=4389"}],"wp:term":[{"taxonomy":"category","embeddable":true,"href":"https:\/\/blogsaverroes.juntadeandalucia.es\/ceippicasso\/wp-json\/wp\/v2\/categories?post=4389"},{"taxonomy":"post_tag","embeddable":true,"href":"https:\/\/blogsaverroes.juntadeandalucia.es\/ceippicasso\/wp-json\/wp\/v2\/tags?post=4389"}],"curies":[{"name":"wp","href":"https:\/\/api.w.org\/{rel}","templated":true}]}}